{"id":2192,"date":"2014-07-09T12:46:08","date_gmt":"2014-07-09T15:46:08","guid":{"rendered":"http:\/\/blog.cancaonova.com\/cleberrodrigues\/?p=2192"},"modified":"2014-07-09T13:20:15","modified_gmt":"2014-07-09T16:20:15","slug":"mp3-e-preciso-ler-os-sinais-dos-tempos-daniel-machado","status":"publish","type":"post","link":"https:\/\/blog.cancaonova.com\/cleberrodrigues\/mp3-e-preciso-ler-os-sinais-dos-tempos-daniel-machado\/","title":{"rendered":"MP3: \"\u00c9 preciso ler os sinais dos tempos\" (Daniel Machado)"},"content":{"rendered":"<p><img loading=\"lazy\" decoding=\"async\" class=\"aligncenter wp-image-2193 size-full\" src=\"http:\/\/blog.cancaonova.com\/cleberrodrigues\/files\/2014\/07\/sinais-dos-tempos-fica-conosco-senhor.jpg\" alt=\"sinais-dos-tempos-fica-conosco-senhor\" width=\"833\" height=\"457\" srcset=\"https:\/\/blog.cancaonova.com\/cleberrodrigues\/files\/2014\/07\/sinais-dos-tempos-fica-conosco-senhor.jpg 833w, https:\/\/blog.cancaonova.com\/cleberrodrigues\/files\/2014\/07\/sinais-dos-tempos-fica-conosco-senhor-300x164.jpg 300w\" sizes=\"(max-width: 833px) 100vw, 833px\" \/><\/p>\n<p>N\u00f3s n\u00e3o fomos criados apenas para esta vida, mas para a vida eterna. Depois da morte vem a ressurrei\u00e7\u00e3o. N\u00f3s temos o c\u00e9u para morar. O pr\u00f3prio Jesus disse:<em> &#8220;Na casa de meu Pai h\u00e1 muitas moradas; se n\u00e3o fosse assim, eu vo-lo teria dito. Vou preparar-vos o lugar&#8221;<\/em> (Jo\u00e3o 14,2). <strong>\u00c9 preciso que tenhamos claro diante de n\u00f3s: Jesus voltar\u00e1.<\/strong><!--moreContinue para ouvir...--><\/p>\n<h4 style=\"color: #292929\"><strong><img loading=\"lazy\" decoding=\"async\" src=\"http:\/\/blog.cancaonova.com\/cleberrodrigues\/files\/2014\/02\/ico-audio-e1403870785821.jpg\" alt=\"\" width=\"19\" height=\"15\" \/>\u00a0Ou\u00e7a aqui:<\/strong><\/h4>\n<iframe loading=\"lazy\" width=\"100%\" height=\"60\" src=\"\/\/www.mixcloud.com\/widget\/iframe\/?feed=http%3A%2F%2Fwww.mixcloud.com%2Fcleberdossantosrodrigues%2F%25C3%25A9-preciso-ler-os-sinais-do-tempos-daniel-machado%2F&mini=1&embed_uuid=b877d6ab-2240-4a9f-9436-aa7065012170&replace=0&hide_cover=1&light=1&hide_artwork=1&embed_type=widget_standard&hide_tracklist=1\" frameborder=\"0\"><\/iframe>\n<p>A palavra &#8220;escatologia&#8221;, no grego <em>scatom<\/em>, significa &#8220;\u00faltimas&#8221; e est\u00e1 relacionado ao c\u00e9u, ao inferno e ao purgat\u00f3rio. A Igreja, apoiada na Sagrada Escritura, diz que estamos aqui, nesta terra, de passagem, porque fomos feitos para c\u00e9us novos e terra nova.<\/p>\n<p>Quando falamos de c\u00e9u, de inferno e purgat\u00f3rio, falamos de um dogma de f\u00e9 da Igreja Cat\u00f3lica. Todos os domingos, quando professamos a nossa f\u00e9, professamos o s\u00edmbolo dela: o Credo. N\u00f3s professamos o Deus que veio do seio da Virgem Maria, que morreu e ressuscitou.<\/p>\n<p>Jesus est\u00e1 sentando \u00e0 direita de Deus Pai Todo-Poderoso. Assim como Cristo ressuscitou, n\u00f3s tamb\u00e9m vamos ressuscitar em Cristo. N\u00f3s cremos que, um dia, Ele h\u00e1 de julgar os vivos e os mortos. Jesus ressuscitou e vir\u00e1 uma segunda vez. E \u00e9 na segunda vinda d&#8217;Ele que ressuscitaremos. As pessoas que morreram ressuscitar\u00e3o e todos n\u00f3s teremos um corpo glorioso. Precisamos acreditar na Ressurrei\u00e7\u00e3o, porque, se n\u00e3o acreditarmos nela, n\u00e3o seremos, de fato, cat\u00f3licos. S\u00e3o Paulo diz que se n\u00e3o acreditarmos na Ressurrei\u00e7\u00e3o, a nossa f\u00e9 ser\u00e1 v\u00e3.<\/p>\n<p>O Senhor vir\u00e1 julgar os vivos e os mortos. Quando pensamos que Jesus est\u00e1 sentado \u00e0 direita de Deus, pensamos que, talvez, Ele esteja parado. Mas n\u00e3o! Cristo est\u00e1 agindo. Diante de tanta injusti\u00e7a, podemos pensar: <em>\u201cParece que Jesus est\u00e1 de f\u00e9rias no c\u00e9u!\u201d<\/em>. Mas quando Ele voltar, toda a justi\u00e7a de Deus ser\u00e1 em plenitude. Tudo mudar\u00e1.<\/p>\n<p>Com quem voc\u00ea vai querer estar na vida eterna? Aqueles que n\u00e3o aceitarem o amor de Deus tamb\u00e9m ter\u00e3o a vida eterna, mas no inferno. Aqueles que forem pessoas retas e se decidirem pelo amor, viver\u00e3o eternamente no c\u00e9u. Tamb\u00e9m aqueles que foram bons, mas n\u00e3o se deixaram purificar e tiveram inclina\u00e7\u00f5es para as coisas erradas, v\u00e3o passar pelo purgat\u00f3rio para serem purificados.<\/p>\n<p>A Igreja diz que, antes da vinda de Cristo, ela passar\u00e1 por uma grande tribula\u00e7\u00e3o. Todos n\u00f3s somos Igreja. N\u00e3o sabemos quando Jesus vir\u00e1, mas passaremos por uma prova de f\u00e9. E mesmo que Cristo n\u00e3o volte amanh\u00e3, muitos de n\u00f3s poderemos ir at\u00e9 Ele. Por isso, o Evangelho nos chama a uma convers\u00e3o.<\/p>\n<p>No Catecismo da Igreja Cat\u00f3lica lemos:<em> \u201cAntes da vinda de Cristo, a Igreja dever\u00e1 passar por uma prova final, que abalar\u00e1 a f\u00e9 de numerosos crentes (639). A persegui\u00e7\u00e3o, que acompanha a sua peregrina\u00e7\u00e3o na terra (640), por\u00e1 a descoberto o &#8216;mist\u00e9rio da iniquidade&#8217;, sob a forma duma impostura religiosa, que trar\u00e1 aos homens uma solu\u00e7\u00e3o aparente para os seus problemas, \u00e0 custa da apostasia da verdade. A suprema impostura religiosa \u00e9 a do anticristo, isto \u00e9, dum pseudomessianismo em que o homem glorifica a si mesmo, substituindo-se a Deus e ao Messias Encarnado (641). 676. Esta impostura anticrist\u00e3 j\u00e1 se esbo\u00e7a no mundo, sempre que se pretende realizar na hist\u00f3ria a esperan\u00e7a messi\u00e2nica, que n\u00e3o pode consumar-se sen\u00e3o para al\u00e9m dela, atrav\u00e9s do ju\u00edzo escatol\u00f3gico. A Igreja rejeitou esta falsifica\u00e7\u00e3o do Reino futuro, mesmo na sua forma mitigada, sob o nome de milenarismo (642), e principalmente sob a forma pol\u00edtica dum messianismo secularizado, &#8216;intrinsecamente perverso&#8217; (643).&#8221;<\/em><\/p>\n<p>Voc\u00ea pode pensar: <em>\u201cEst\u00e1 muito longe para isso acontecer!\u201d<\/em>. Mas j\u00e1 h\u00e1 muitos lugares onde as pessoas est\u00e3o sendo perseguidas. N\u00e3o quero ser o profeta do desespero, como alguns fazem, dizendo que Jesus vir\u00e1 tal dia e que o mundo vai acabar logo. N\u00e3o! Ningu\u00e9m sabe quando isso vai acontecer; s\u00f3 o Pai, como nos diz a Palavra. O primeiro sinal, no entanto, como nos diz o Catecismo, ser\u00e1 a persegui\u00e7\u00e3o.<\/p>\n<p>J\u00e1 neste primeiro mil\u00eanio, existem mais m\u00e1rtires do que no primeiro mil\u00eanio do Cristianismo. Talvez, voc\u00ea nem sabia disso, porque essas not\u00edcias n\u00e3o aparecem nos jornais, mas h\u00e1 lugares onde os crist\u00e3os est\u00e3o sendo dizimados. O Papa Francisco, em uma entrevista, emocionou-se ao dizer: <em>\u201cHoje, h\u00e1 mais m\u00e1rtires que no primeiro Cristianismo.\u201d<\/em><\/p>\n<p>N\u00f3s, no Brasil, n\u00e3o sofremos essa persegui\u00e7\u00e3o de a\u00e7oites, mas sofremos a persegui\u00e7\u00e3o velada. N\u00f3s vivemos tempos tristes, quando at\u00e9 o coroinha questiona o Papa, a Igreja, a verdade da f\u00e9. Quando o Santo Padre fala alguma coisa, h\u00e1 pessoas que dizem:<em> \u201cN\u00e3o, n\u00e3o \u00e9 bem assim\u201d<\/em>, mas elas est\u00e3o l\u00e1, no domingo, professando o Credo. Hoje, pensamos que tudo \u00e9 normal, porque fomos nos deixando contaminar pelas m\u00eddias.<\/p>\n<p>Na pr\u00f3pria Europa, ber\u00e7o do Cristianismo, houve uma persegui\u00e7\u00e3o nos locais onde havia crucifixo. Se voc\u00ea pegar algumas leis para ler, como essa ca\u00e7a aos crucifixo, do aborto, da eutan\u00e1sia, ver\u00e1 que \u00e9 a mesma coisa.<\/p>\n<p>Voc\u00eas sabiam que, h\u00e1 alguns meses, na B\u00e9lgica, foi aprovada a eutan\u00e1sia infantil? \u00c9 um absurdo! Eu quero chamar a aten\u00e7\u00e3o de voc\u00eas para esses sinais dos tempos.<\/p>\n<p>Outro ponto \u00e9 o avan\u00e7o da persegui\u00e7\u00e3o \u00e0 Doutrina da Igreja, ao Cristianismo. N\u00f3s temos pessoas que dizem \u201cn\u00e3o&#8221; a Deus. A consequ\u00eancia disso \u00e9 dizermos &#8220;n\u00e3o&#8221; ao homem; por isso matar o idoso que est\u00e1 ali, no leito do hospital, sem condi\u00e7\u00f5es financeiras, \u201c\u00e9 normal\u201d para eles. Num ano, h\u00e1 mais de 50 milh\u00f5es de abortos. Quando o dem\u00f4nio quer agir, ela vai na destrui\u00e7\u00e3o do ser humano. N\u00f3s vivemos tempos em que a sociedade tem colocado o ser humano sem nada de valia.<\/p>\n<p>Dizer que o ser humano \u00e9 o parasita da terra, o c\u00e2ncer dela, \u00e9 uma nega\u00e7\u00e3o do ser humano. Outro dia, um rapaz me perguntou: <em>\u201cQual a religi\u00e3o certa?&#8221;<\/em>. Eu disse a ele que existe uma diferen\u00e7a muito grande nas religi\u00f5es. Que, se nas outras religi\u00f5es, os deuses est\u00e3o distantes, a religi\u00e3o cat\u00f3lica \u00e9 a \u00fanica que tem um Deus que veio at\u00e9 n\u00f3s, encarnou-se no seio da Virgem Maria, morreu na cruz e ressuscitou.<\/p>\n<p>Talvez voc\u00ea pergunte: <em>\u201cComo ser\u00e1 a nossa f\u00e9 daqui a vinte anos?\u201d<\/em>. Digamos, de forma positiva, que o futuro da nossa Igreja ficar\u00e1 marcado pela postura dos santos e dos m\u00e1rtires. N\u00e3o permanecer\u00e1 a Igreja do culto pol\u00edtico, mas a Igreja da f\u00e9. No \u00faltimo s\u00ednodo, os bispos j\u00e1 chegaram \u00e0 conclus\u00e3o de que est\u00e1 havendo uma ruptura da f\u00e9, pois os pais j\u00e1 n\u00e3o ensinam mais aos seus filhos sobre a f\u00e9.<\/p>\n<p>Voc\u00ea s\u00f3 poder\u00e1 suportar essas prova\u00e7\u00f5es que vir\u00e3o se estiver em uma comunidade. \u00c9 o que diz Bento XVI. \u00c9 preciso que tenhamos claro isso diante de n\u00f3s: Jesus voltar\u00e1. Se Ele voltasse hoje, como estaria a sua f\u00e9?<\/p>\n<p style=\"color: #292929\"><span style=\"color: #999999\">Fonte:\u00a0<a style=\"color: #147eff\" href=\"http:\/\/www.cancaonova.com\/portal\/canais\/eventos\/novoeventos\/cobertura.php?cod=2962&amp;pre=8419&amp;tit=%C9%20preciso%20ler%20os%20sinais%20dos%20tempos\" target=\"_blank\"><span style=\"color: #999999\">Can\u00e7\u00e3o Nova Eventos<\/span><\/a><\/span><\/p>\n<hr style=\"color: #292929\" \/>\n<p style=\"color: #292929\"><img loading=\"lazy\" decoding=\"async\" src=\"http:\/\/blog.cancaonova.com\/cleberrodrigues\/files\/2014\/05\/fale-comigo.jpg\" alt=\"\" width=\"20\" height=\"20\" \/>\u00a0<strong>\u00a0Curtiu? Baixe em\u00a0<a style=\"color: #147eff\" href=\"http:\/\/d.sambavideos.sambatech.com\/account\/449\/3\/2014-07-09\/audio\/030e0003b7e386899dbe8e21140092a0\/E_PRECISO_LER_OS_SINAIS_DOS_TEMPOS_DANIEL_MACHADO_260614.mp3\" target=\"_blank\">MP3<\/a>\u00a0e compartilhe!<\/strong><\/p>\n<hr style=\"color: #292929\" \/>\n<p style=\"color: #292929\">Que Deus nos aben\u00e7oe.<br \/>\nAt\u00e9 a pr\u00f3xima.<\/p>\n<p style=\"color: #292929\"><strong>Cleber Rodrigues<\/strong><br \/>\nComunidade Can\u00e7\u00e3o Nova<\/p>\n","protected":false},"excerpt":{"rendered":"<p>N\u00f3s n\u00e3o fomos criados apenas para esta vida, mas para a vida eterna. Depois da morte vem a ressurrei\u00e7\u00e3o. N\u00f3s temos o c\u00e9u para morar. O pr\u00f3prio Jesus disse: &#8220;Na casa de meu Pai h\u00e1 muitas moradas; se n\u00e3o fosse&#8230;<\/p>\n","protected":false},"author":4539,"featured_media":0,"comment_status":"open","ping_status":"open","sticky":false,"template":"","format":"standard","meta":{"_mi_skip_tracking":false,"_monsterinsights_sitenote_active":false,"_monsterinsights_sitenote_note":"","_monsterinsights_sitenote_category":0,"footnotes":""},"categories":[4],"tags":[],"_links":{"self":[{"href":"https:\/\/blog.cancaonova.com\/cleberrodrigues\/wp-json\/wp\/v2\/posts\/2192"}],"collection":[{"href":"https:\/\/blog.cancaonova.com\/cleberrodrigues\/wp-json\/wp\/v2\/posts"}],"about":[{"href":"https:\/\/blog.cancaonova.com\/cleberrodrigues\/wp-json\/wp\/v2\/types\/post"}],"author":[{"embeddable":true,"href":"https:\/\/blog.cancaonova.com\/cleberrodrigues\/wp-json\/wp\/v2\/users\/4539"}],"replies":[{"embeddable":true,"href":"https:\/\/blog.cancaonova.com\/cleberrodrigues\/wp-json\/wp\/v2\/comments?post=2192"}],"version-history":[{"count":4,"href":"https:\/\/blog.cancaonova.com\/cleberrodrigues\/wp-json\/wp\/v2\/posts\/2192\/revisions"}],"predecessor-version":[{"id":2197,"href":"https:\/\/blog.cancaonova.com\/cleberrodrigues\/wp-json\/wp\/v2\/posts\/2192\/revisions\/2197"}],"wp:attachment":[{"href":"https:\/\/blog.cancaonova.com\/cleberrodrigues\/wp-json\/wp\/v2\/media?parent=2192"}],"wp:term":[{"taxonomy":"category","embeddable":true,"href":"https:\/\/blog.cancaonova.com\/cleberrodrigues\/wp-json\/wp\/v2\/categories?post=2192"},{"taxonomy":"post_tag","embeddable":true,"href":"https:\/\/blog.cancaonova.com\/cleberrodrigues\/wp-json\/wp\/v2\/tags?post=2192"}],"curies":[{"name":"wp","href":"https:\/\/api.w.org\/{rel}","templated":true}]}}