{"id":2351,"date":"2014-07-31T10:09:25","date_gmt":"2014-07-31T13:09:25","guid":{"rendered":"http:\/\/blog.cancaonova.com\/cleberrodrigues\/?p=2351"},"modified":"2014-07-31T17:25:44","modified_gmt":"2014-07-31T20:25:44","slug":"documentario-santo-inacio-o-peregrino-de-deus","status":"publish","type":"post","link":"https:\/\/blog.cancaonova.com\/cleberrodrigues\/documentario-santo-inacio-o-peregrino-de-deus\/","title":{"rendered":"Document\u00e1rio: \"Santo In\u00e1cio, o Peregrino de Deus\""},"content":{"rendered":"<p><img loading=\"lazy\" decoding=\"async\" class=\"aligncenter size-full wp-image-2352\" src=\"http:\/\/blog.cancaonova.com\/cleberrodrigues\/files\/2014\/07\/inacio-de-loiola.jpg\" alt=\"inacio-de-loiola\" width=\"1000\" height=\"562\" srcset=\"https:\/\/blog.cancaonova.com\/cleberrodrigues\/files\/2014\/07\/inacio-de-loiola.jpg 1000w, https:\/\/blog.cancaonova.com\/cleberrodrigues\/files\/2014\/07\/inacio-de-loiola-300x168.jpg 300w, https:\/\/blog.cancaonova.com\/cleberrodrigues\/files\/2014\/07\/inacio-de-loiola-900x505.jpg 900w\" sizes=\"(max-width: 1000px) 100vw, 1000px\" \/><\/p>\n<p><strong>Quer ser santo? Conhe\u00e7a a vida dos santos.<\/strong>\u00a0E hoje, de modo especial, te convido a conhecer\u00a0a hist\u00f3ria de <strong>Santo In\u00e1cio de Loyola<\/strong>, fundador da ordem dos Jesu\u00edtas e patrono dos Exerc\u00edcios Espirituais. Pesquisando sobre esse assunto, encontrei um v\u00eddeo-document\u00e1rio com coment\u00e1rios do Pe. Adelson Ara\u00fajo Santos SJ, especialista em espiritualidade inaciana. Trata-se de uma autobiografia, escrita\u00a0pelo pr\u00f3prio santo que narra de modo interessante os momentos marcantes de suas escolhas e\u00a0caminhada\u00a0com Jesus. Vale a pena assistir. Bom filme!\u00a0<!--moreContinue para assistir...--><\/p>\n<p><strong>Peregrino de Deus<\/strong><\/p>\n<p>Este document\u00e1rio toma como fonte as palavras do pr\u00f3prio santo, encontradas em sua Autobiografia. Percorrendo os principais lugares onde viveu In\u00e1cio, Pe. Adelson apresenta os fatos marcantes da vida do Peregrino e de seus primeiros companheiros, que com ele fundaram a Companhia de Jesus. Ao morrer em 31 de julho de 1556, Santo In\u00e1cio deixou como legado para a Igreja e a humanidade um m\u00e9todo de ora\u00e7\u00e3o que tem ajudado at\u00e9 hoje a milhares de pessoas a encontrarem Deus em todas as coisas e a em tudo amar e servir. Al\u00e9m disso, como pai espiritual dos jesu\u00edtas, ele tamb\u00e9m inspirou e continua inspirando a vida religiosa a ser cada vez mais mission\u00e1ria e apost\u00f3lica, abrindo-se para as novas fronteiras e tornando o mundo inteiro a sua casa.<\/p>\n<iframe loading=\"lazy\" width=\"480\" height=\"360\" src=\"\/\/www.youtube.com\/embed\/TnIBnQFPFrI?rel=0\" frameborder=\"0\" allowfullscreen><\/iframe>\n<hr style=\"color: #292929\" \/>\n<p style=\"color: #292929\"><strong><img loading=\"lazy\" decoding=\"async\" src=\"http:\/\/blog.cancaonova.com\/cleberrodrigues\/files\/2014\/05\/fale-comigo.jpg\" alt=\"fale-comigo\" width=\"20\" height=\"20\" \/>\u00a0<span style=\"color: #333333\">NOTA:<\/span><\/strong><span style=\"color: #333333\"><em>\u00a0Antes de sair desta p\u00e1gina, medite essa breve ora\u00e7\u00e3o:\u00a0Tomai, Senhor, e recebei toda a minha liberdade, a minha mem\u00f3ria tamb\u00e9m.\u00a0O meu entendimento e toda a minha vontade. Tudo o que tenho e possuo, v\u00f3s me destes com amor.\u00a0Todos os dons que me destes, com gratid\u00e3o vos devolvo.\u00a0Disponde deles, Senhor, segundo a vossa vontade.\u00a0Dai-me somente, o vosso amor, vossa gra\u00e7a.\u00a0Isto me basta, nada mais quero pedir.<\/em><\/span><\/p>\n<p>\u00d3 Deus, que suscitastes em vossa Igreja santo In\u00e1cio de Loyola para propagar a maior gl\u00f3ria do vosso nome, fazei que, auxiliados por ele, imitemos seu combate na terra, para partilharmos no c\u00e9u sua vit\u00f3ria. Por Nosso Senhor Jesus Cristo, Vosso Filho, na unidade do Esp\u00edrito Santo.<\/p>\n<hr \/>\n<p>Fonte: <a href=\"https:\/\/www.youtube.com\/watch?v=TnIBnQFPFrI\" target=\"_blank\">YouTube<\/a>\u00a0\/ <a href=\"http:\/\/www.catolicoorante.com.br\/liturgia_diaria.php?dia=31\" target=\"_blank\">Cat\u00f3lico Orante<\/a><\/p>\n","protected":false},"excerpt":{"rendered":"<p>Quer ser santo? Conhe\u00e7a a vida dos santos.\u00a0E hoje, de modo especial, te convido a conhecer\u00a0a hist\u00f3ria de Santo In\u00e1cio de Loyola, fundador da ordem dos Jesu\u00edtas e patrono dos Exerc\u00edcios Espirituais. Pesquisando sobre esse assunto, encontrei um v\u00eddeo-document\u00e1rio com&#8230;<\/p>\n","protected":false},"author":4539,"featured_media":0,"comment_status":"open","ping_status":"open","sticky":false,"template":"","format":"standard","meta":{"_mi_skip_tracking":false,"_monsterinsights_sitenote_active":false,"_monsterinsights_sitenote_note":"","_monsterinsights_sitenote_category":0,"footnotes":""},"categories":[4],"tags":[],"_links":{"self":[{"href":"https:\/\/blog.cancaonova.com\/cleberrodrigues\/wp-json\/wp\/v2\/posts\/2351"}],"collection":[{"href":"https:\/\/blog.cancaonova.com\/cleberrodrigues\/wp-json\/wp\/v2\/posts"}],"about":[{"href":"https:\/\/blog.cancaonova.com\/cleberrodrigues\/wp-json\/wp\/v2\/types\/post"}],"author":[{"embeddable":true,"href":"https:\/\/blog.cancaonova.com\/cleberrodrigues\/wp-json\/wp\/v2\/users\/4539"}],"replies":[{"embeddable":true,"href":"https:\/\/blog.cancaonova.com\/cleberrodrigues\/wp-json\/wp\/v2\/comments?post=2351"}],"version-history":[{"count":6,"href":"https:\/\/blog.cancaonova.com\/cleberrodrigues\/wp-json\/wp\/v2\/posts\/2351\/revisions"}],"predecessor-version":[{"id":2359,"href":"https:\/\/blog.cancaonova.com\/cleberrodrigues\/wp-json\/wp\/v2\/posts\/2351\/revisions\/2359"}],"wp:attachment":[{"href":"https:\/\/blog.cancaonova.com\/cleberrodrigues\/wp-json\/wp\/v2\/media?parent=2351"}],"wp:term":[{"taxonomy":"category","embeddable":true,"href":"https:\/\/blog.cancaonova.com\/cleberrodrigues\/wp-json\/wp\/v2\/categories?post=2351"},{"taxonomy":"post_tag","embeddable":true,"href":"https:\/\/blog.cancaonova.com\/cleberrodrigues\/wp-json\/wp\/v2\/tags?post=2351"}],"curies":[{"name":"wp","href":"https:\/\/api.w.org\/{rel}","templated":true}]}}