{"id":2381,"date":"2014-08-03T14:00:11","date_gmt":"2014-08-03T17:00:11","guid":{"rendered":"http:\/\/blog.cancaonova.com\/cleberrodrigues\/?p=2381"},"modified":"2014-08-03T14:02:44","modified_gmt":"2014-08-03T17:02:44","slug":"clipe-homenagem-aos-sacerdotes","status":"publish","type":"post","link":"https:\/\/blog.cancaonova.com\/cleberrodrigues\/clipe-homenagem-aos-sacerdotes\/","title":{"rendered":"Clipe: Homenagem aos Sacerdotes"},"content":{"rendered":"<p><img loading=\"lazy\" decoding=\"async\" class=\"aligncenter size-full wp-image-2382\" src=\"http:\/\/blog.cancaonova.com\/cleberrodrigues\/files\/2014\/08\/ordenacao-cancao-nova.jpg\" alt=\"ordenacao-cancao-nova\" width=\"800\" height=\"450\" srcset=\"https:\/\/blog.cancaonova.com\/cleberrodrigues\/files\/2014\/08\/ordenacao-cancao-nova.jpg 800w, https:\/\/blog.cancaonova.com\/cleberrodrigues\/files\/2014\/08\/ordenacao-cancao-nova-300x168.jpg 300w\" sizes=\"(max-width: 800px) 100vw, 800px\" \/><\/p>\n<p>Ol\u00e1, hoje \u00e9 o primeiro domingo do m\u00eas de agosto. Neste primeiro domingo: \u00e9 o dia das voca\u00e7\u00f5es sacerdotais. Atualmente tamb\u00e9m se comemora o dia das voca\u00e7\u00f5es diaconais, ou melhor dizendo: dia das voca\u00e7\u00f5es aos minist\u00e9rios ordenados. Essa comemora\u00e7\u00e3o se deve ao fato de no dia 4 de agosto celebrarmos o dia de S\u00e3o Jo\u00e3o Maria Vianney, o Cura D\u2019Ars, patrono dos padres; e, no dia 10 de agosto, o dia de S\u00e3o Louren\u00e7o, patrono dos di\u00e1conos.<\/p>\n<p>Assista abaixo um clipe emocionante sobre essa bel\u00edssima voca\u00e7\u00e3o. Compartilhe e ore pelas voca\u00e7\u00f5es.<!--moreContinue lendo...--><\/p>\n<p><strong>Clipe em homenagem aos Sacerdotes<\/strong><\/p>\n<iframe loading=\"lazy\" width=\"853\" height=\"480\" src=\"\/\/www.youtube.com\/embed\/TG4VKfqlMJc?rel=0\" frameborder=\"0\" allowfullscreen><\/iframe>\n<p><em><strong>Este amor em meu peito que me inflama e me faz dizer: &#8220;sim&#8221;<\/strong><\/em><br \/>\n<em> <strong> Por esta paz infinita que eu sinto dentro de mim<\/strong><\/em><br \/>\n<em> <strong> Por esta dor t\u00e3o bendita que me une ao teu altar, \u00e0<\/strong><strong>\u00a0tua cruz<\/strong><\/em><br \/>\n<em> <strong> Por me chamar a viver ao teu lado e sempre te amar<\/strong><\/em><\/p>\n<p><em><strong>Gratid\u00e3o, Senhor, por teu Corpo e por teu Sangue<\/strong><\/em><br \/>\n<em> <strong> Pois eles me far\u00e3o ir at\u00e9 o fim, Jesus!<\/strong><\/em><br \/>\n<em> <strong> Na tua Santa Missa eu sempre lhe farei (eterna): g<\/strong><strong>ratid\u00e3o!<\/strong><\/em><br \/>\n<em> <strong>Por teu Corpo e por teu Sangue.<\/strong><\/em><\/p>\n<p><em><strong> Pois eles me far\u00e3o ir at\u00e9 o fim, Jesus!<\/strong><\/em><br \/>\n<em> <strong> Na tua Santa Missa eu sempre lhe farei gratid\u00e3o!<\/strong><\/em><\/p>\n<hr style=\"color: #292929\" \/>\n<p style=\"color: #292929\"><img loading=\"lazy\" decoding=\"async\" src=\"http:\/\/blog.cancaonova.com\/cleberrodrigues\/files\/2014\/05\/fale-comigo.jpg\" alt=\"\" width=\"20\" height=\"20\" \/>\u00a0<strong>\u00a0Curtiu?\u00a0Entre em contato com a equipe vocacional em sua comunidade, par\u00f3quia ou congrega\u00e7\u00e3o.<\/strong><\/p>\n<hr style=\"color: #292929\" \/>\n<p style=\"color: #292929\">Que Deus nos aben\u00e7oe.<br \/>\nAt\u00e9 a pr\u00f3xima.<\/p>\n<p style=\"color: #292929\"><strong>Cleber Rodrigues<\/strong><br \/>\nComunidade Can\u00e7\u00e3o Nova<\/p>\n","protected":false},"excerpt":{"rendered":"<p>Ol\u00e1, hoje \u00e9 o primeiro domingo do m\u00eas de agosto. Neste primeiro domingo: \u00e9 o dia das voca\u00e7\u00f5es sacerdotais. Atualmente tamb\u00e9m se comemora o dia das voca\u00e7\u00f5es diaconais, ou melhor dizendo: dia das voca\u00e7\u00f5es aos minist\u00e9rios ordenados. Essa comemora\u00e7\u00e3o se&#8230;<\/p>\n","protected":false},"author":4539,"featured_media":0,"comment_status":"open","ping_status":"open","sticky":false,"template":"","format":"standard","meta":{"_mi_skip_tracking":false,"_monsterinsights_sitenote_active":false,"_monsterinsights_sitenote_note":"","_monsterinsights_sitenote_category":0,"footnotes":""},"categories":[4],"tags":[],"_links":{"self":[{"href":"https:\/\/blog.cancaonova.com\/cleberrodrigues\/wp-json\/wp\/v2\/posts\/2381"}],"collection":[{"href":"https:\/\/blog.cancaonova.com\/cleberrodrigues\/wp-json\/wp\/v2\/posts"}],"about":[{"href":"https:\/\/blog.cancaonova.com\/cleberrodrigues\/wp-json\/wp\/v2\/types\/post"}],"author":[{"embeddable":true,"href":"https:\/\/blog.cancaonova.com\/cleberrodrigues\/wp-json\/wp\/v2\/users\/4539"}],"replies":[{"embeddable":true,"href":"https:\/\/blog.cancaonova.com\/cleberrodrigues\/wp-json\/wp\/v2\/comments?post=2381"}],"version-history":[{"count":1,"href":"https:\/\/blog.cancaonova.com\/cleberrodrigues\/wp-json\/wp\/v2\/posts\/2381\/revisions"}],"predecessor-version":[{"id":2383,"href":"https:\/\/blog.cancaonova.com\/cleberrodrigues\/wp-json\/wp\/v2\/posts\/2381\/revisions\/2383"}],"wp:attachment":[{"href":"https:\/\/blog.cancaonova.com\/cleberrodrigues\/wp-json\/wp\/v2\/media?parent=2381"}],"wp:term":[{"taxonomy":"category","embeddable":true,"href":"https:\/\/blog.cancaonova.com\/cleberrodrigues\/wp-json\/wp\/v2\/categories?post=2381"},{"taxonomy":"post_tag","embeddable":true,"href":"https:\/\/blog.cancaonova.com\/cleberrodrigues\/wp-json\/wp\/v2\/tags?post=2381"}],"curies":[{"name":"wp","href":"https:\/\/api.w.org\/{rel}","templated":true}]}}