{"id":2574,"date":"2014-08-26T11:35:57","date_gmt":"2014-08-26T14:35:57","guid":{"rendered":"http:\/\/blog.cancaonova.com\/cleberrodrigues\/?p=2574"},"modified":"2014-08-26T13:39:46","modified_gmt":"2014-08-26T16:39:46","slug":"peregrinacao-virtual-a-capela-sistina-vaticano","status":"publish","type":"post","link":"https:\/\/blog.cancaonova.com\/cleberrodrigues\/peregrinacao-virtual-a-capela-sistina-vaticano\/","title":{"rendered":"Peregrina\u00e7\u00e3o \u00e0 Capela Sistina (Vaticano)"},"content":{"rendered":"<p><strong>Visite agora a\u00a0Capela Sistina no Vaticano.<\/strong><\/p>\n<p><img loading=\"lazy\" decoding=\"async\" class=\"alignnone size-full wp-image-2594\" src=\"http:\/\/blog.cancaonova.com\/cleberrodrigues\/files\/2014\/08\/capela-sistina-vaticano.jpg\" alt=\"capela-sistina-vaticano\" width=\"1207\" height=\"679\" srcset=\"https:\/\/blog.cancaonova.com\/cleberrodrigues\/files\/2014\/08\/capela-sistina-vaticano.jpg 1207w, https:\/\/blog.cancaonova.com\/cleberrodrigues\/files\/2014\/08\/capela-sistina-vaticano-300x168.jpg 300w, https:\/\/blog.cancaonova.com\/cleberrodrigues\/files\/2014\/08\/capela-sistina-vaticano-900x506.jpg 900w\" sizes=\"(max-width: 1207px) 100vw, 1207px\" \/><\/p>\n<p>H\u00e1 algum tempo atr\u00e1s, disponibilizei aqui uma <a href=\"http:\/\/blog.cancaonova.com\/cleberrodrigues\/peregrinacao-aos-santuarios-marianos-saida-agora\/\">visita aos Santu\u00e1rios Marianos<\/a> na Terra Santa. Hoje, por\u00e9m, meu convite \u00e9 para irmos conhecer (agora!) a <strong>Capela Sistina<\/strong>, localizada no <strong>Vaticano<\/strong>.<\/p>\n<p>Visitar a Capela Sistina \u00e9 certamente uma experi\u00eancia extraordin\u00e1ria &#8211; <strong><span style=\"text-decoration: underline\">que eu tamb\u00e9m sonho realizar<\/span>! rs<\/strong> &#8211; mas, j\u00e1 que nem todos condi\u00e7\u00f5es e a oportunidade de fazer essa peregrina\u00e7\u00e3o pessoalmente, compartilho\u00a0com voc\u00ea o site oficial do Vaticano, que possibilita\u00a0uma visita virtual em apenas 1 clique. Aproveite para contemplar Deus na arte e na beleza deste lugar. Boa peregrina\u00e7\u00e3o!<!--moreContinue lendo...--><\/p>\n<div class=\"iframe-wrapper\">\n  <iframe src=\"src=\"http:\/\/www.vatican.va\/various\/cappelle\/sistina_vr\/index.html\"\" frameborder=\"0\" style=\"height:height=\"400\"px;width:width=\"100%\"px;\">Please upgrade your browser<\/iframe>\n<\/div>\n<p style=\"text-align: left\"><img loading=\"lazy\" decoding=\"async\" src=\"http:\/\/blog.cancaonova.com\/cleberrodrigues\/files\/2014\/02\/ico-audio-e1403870785821.jpg\" alt=\"\" width=\"19\" height=\"15\" \/>\u00a0<em>Dica: ligue o som, pois tem um bel\u00edssimo hino gregoriano ao fundo.\u00a0<\/em><\/p>\n<p><strong>Veja abaixo algumas &#8220;fotos&#8221; que fiz nesta viagem virtual:<\/strong><\/p>\n<p><img loading=\"lazy\" decoding=\"async\" class=\"aligncenter size-full wp-image-2576\" src=\"http:\/\/blog.cancaonova.com\/cleberrodrigues\/files\/2014\/08\/001.jpg\" alt=\"001\" width=\"796\" height=\"448\" srcset=\"https:\/\/blog.cancaonova.com\/cleberrodrigues\/files\/2014\/08\/001.jpg 796w, https:\/\/blog.cancaonova.com\/cleberrodrigues\/files\/2014\/08\/001-300x168.jpg 300w\" sizes=\"(max-width: 796px) 100vw, 796px\" \/> <a href=\"http:\/\/blog.cancaonova.com\/cleberrodrigues\/files\/2014\/08\/002.jpg\"><img loading=\"lazy\" decoding=\"async\" class=\"aligncenter size-full wp-image-2577\" src=\"http:\/\/blog.cancaonova.com\/cleberrodrigues\/files\/2014\/08\/002.jpg\" alt=\"002\" width=\"796\" height=\"448\" srcset=\"https:\/\/blog.cancaonova.com\/cleberrodrigues\/files\/2014\/08\/002.jpg 796w, https:\/\/blog.cancaonova.com\/cleberrodrigues\/files\/2014\/08\/002-300x168.jpg 300w\" sizes=\"(max-width: 796px) 100vw, 796px\" \/><\/a><a href=\"http:\/\/blog.cancaonova.com\/cleberrodrigues\/files\/2014\/08\/003.jpg\"><img loading=\"lazy\" decoding=\"async\" class=\"aligncenter size-full wp-image-2578\" src=\"http:\/\/blog.cancaonova.com\/cleberrodrigues\/files\/2014\/08\/003.jpg\" alt=\"003\" width=\"796\" height=\"448\" srcset=\"https:\/\/blog.cancaonova.com\/cleberrodrigues\/files\/2014\/08\/003.jpg 796w, https:\/\/blog.cancaonova.com\/cleberrodrigues\/files\/2014\/08\/003-300x168.jpg 300w\" sizes=\"(max-width: 796px) 100vw, 796px\" \/><\/a><a href=\"http:\/\/blog.cancaonova.com\/cleberrodrigues\/files\/2014\/08\/005.jpg\"><img loading=\"lazy\" decoding=\"async\" class=\"aligncenter size-full wp-image-2579\" src=\"http:\/\/blog.cancaonova.com\/cleberrodrigues\/files\/2014\/08\/005.jpg\" alt=\"005\" width=\"796\" height=\"448\" srcset=\"https:\/\/blog.cancaonova.com\/cleberrodrigues\/files\/2014\/08\/005.jpg 796w, https:\/\/blog.cancaonova.com\/cleberrodrigues\/files\/2014\/08\/005-300x168.jpg 300w\" sizes=\"(max-width: 796px) 100vw, 796px\" \/><\/a><a href=\"http:\/\/blog.cancaonova.com\/cleberrodrigues\/files\/2014\/08\/006.jpg\"><img loading=\"lazy\" decoding=\"async\" class=\"aligncenter size-full wp-image-2580\" src=\"http:\/\/blog.cancaonova.com\/cleberrodrigues\/files\/2014\/08\/006.jpg\" alt=\"006\" width=\"796\" height=\"448\" srcset=\"https:\/\/blog.cancaonova.com\/cleberrodrigues\/files\/2014\/08\/006.jpg 796w, https:\/\/blog.cancaonova.com\/cleberrodrigues\/files\/2014\/08\/006-300x168.jpg 300w\" sizes=\"(max-width: 796px) 100vw, 796px\" \/><\/a><a href=\"http:\/\/blog.cancaonova.com\/cleberrodrigues\/files\/2014\/08\/007.jpg\"><img loading=\"lazy\" decoding=\"async\" class=\"aligncenter size-full wp-image-2581\" src=\"http:\/\/blog.cancaonova.com\/cleberrodrigues\/files\/2014\/08\/007.jpg\" alt=\"007\" width=\"796\" height=\"448\" srcset=\"https:\/\/blog.cancaonova.com\/cleberrodrigues\/files\/2014\/08\/007.jpg 796w, https:\/\/blog.cancaonova.com\/cleberrodrigues\/files\/2014\/08\/007-300x168.jpg 300w\" sizes=\"(max-width: 796px) 100vw, 796px\" \/><\/a><a href=\"http:\/\/blog.cancaonova.com\/cleberrodrigues\/files\/2014\/08\/008.jpg\"><img loading=\"lazy\" decoding=\"async\" class=\"aligncenter size-full wp-image-2582\" src=\"http:\/\/blog.cancaonova.com\/cleberrodrigues\/files\/2014\/08\/008.jpg\" alt=\"008\" width=\"796\" height=\"448\" srcset=\"https:\/\/blog.cancaonova.com\/cleberrodrigues\/files\/2014\/08\/008.jpg 796w, https:\/\/blog.cancaonova.com\/cleberrodrigues\/files\/2014\/08\/008-300x168.jpg 300w\" sizes=\"(max-width: 796px) 100vw, 796px\" \/><\/a><a href=\"http:\/\/blog.cancaonova.com\/cleberrodrigues\/files\/2014\/08\/009.jpg\"><img loading=\"lazy\" decoding=\"async\" class=\"aligncenter size-full wp-image-2583\" src=\"http:\/\/blog.cancaonova.com\/cleberrodrigues\/files\/2014\/08\/009.jpg\" alt=\"009\" width=\"796\" height=\"448\" srcset=\"https:\/\/blog.cancaonova.com\/cleberrodrigues\/files\/2014\/08\/009.jpg 796w, https:\/\/blog.cancaonova.com\/cleberrodrigues\/files\/2014\/08\/009-300x168.jpg 300w\" sizes=\"(max-width: 796px) 100vw, 796px\" \/><\/a><a href=\"http:\/\/blog.cancaonova.com\/cleberrodrigues\/files\/2014\/08\/010.jpg\"><img loading=\"lazy\" decoding=\"async\" class=\"aligncenter size-full wp-image-2584\" src=\"http:\/\/blog.cancaonova.com\/cleberrodrigues\/files\/2014\/08\/010.jpg\" alt=\"010\" width=\"796\" height=\"448\" srcset=\"https:\/\/blog.cancaonova.com\/cleberrodrigues\/files\/2014\/08\/010.jpg 796w, https:\/\/blog.cancaonova.com\/cleberrodrigues\/files\/2014\/08\/010-300x168.jpg 300w\" sizes=\"(max-width: 796px) 100vw, 796px\" \/><\/a><a href=\"http:\/\/blog.cancaonova.com\/cleberrodrigues\/files\/2014\/08\/011.jpg\"><img loading=\"lazy\" decoding=\"async\" class=\"aligncenter size-full wp-image-2585\" src=\"http:\/\/blog.cancaonova.com\/cleberrodrigues\/files\/2014\/08\/011.jpg\" alt=\"011\" width=\"796\" height=\"448\" srcset=\"https:\/\/blog.cancaonova.com\/cleberrodrigues\/files\/2014\/08\/011.jpg 796w, https:\/\/blog.cancaonova.com\/cleberrodrigues\/files\/2014\/08\/011-300x168.jpg 300w\" sizes=\"(max-width: 796px) 100vw, 796px\" \/><\/a><a href=\"http:\/\/blog.cancaonova.com\/cleberrodrigues\/files\/2014\/08\/013.jpg\"><img loading=\"lazy\" decoding=\"async\" class=\"aligncenter size-full wp-image-2586\" src=\"http:\/\/blog.cancaonova.com\/cleberrodrigues\/files\/2014\/08\/013.jpg\" alt=\"013\" width=\"796\" height=\"448\" srcset=\"https:\/\/blog.cancaonova.com\/cleberrodrigues\/files\/2014\/08\/013.jpg 796w, https:\/\/blog.cancaonova.com\/cleberrodrigues\/files\/2014\/08\/013-300x168.jpg 300w\" sizes=\"(max-width: 796px) 100vw, 796px\" \/><\/a><\/p>\n<p>A <strong>Capela Sistin<\/strong>a (em italiano: <strong>Cappella Sistina<\/strong>) \u00e9 uma capela situada no Pal\u00e1cio Apost\u00f3lico, resid\u00eancia oficial do Papa na Cidade do Vaticano. \u00c9 famosa pela sua arquitetura, inspirada no Templo de Salom\u00e3o do Antigo Testamento, e sua decora\u00e7\u00e3o em afrescos, pintada pelos maiores artistas da Renascen\u00e7a, incluindo Michelangelo, Rafael, Bernini e Sandro Botticelli.<\/p>\n<p>A capela tem o seu nome em homenagem ao <strong>Papa Sisto IV<\/strong>, que restaurou a antiga Capela Magna, entre 1477 e 1480. Durante este per\u00edodo, uma equipe de pintores que incluiu Pietro Perugino, Sandro Botticelli e Domenico Ghirlandaio criaram uma s\u00e9rie de pain\u00e9is de afrescos que retratam a vida de Mois\u00e9s e de Cristo, juntamente com retratos papais e da ancestralidade de Jesus. Estas pinturas foram conclu\u00eddas em 1482, e em 15 de agosto de 1483, Sisto IV consagrou a primeira missa em honra a Nossa Senhora da Assun\u00e7\u00e3o.<\/p>\n<p>Desde a \u00e9poca de Sisto IV, a capela serviu como um lugar tanto para religiosos, como funcion\u00e1rios para atividades papais. Hoje \u00e9 o local onde se realiza o conclave, o processo pelo qual um novo Papa \u00e9 escolhido.<\/p>\n<p style=\"padding-left: 30px\"><strong>Servi\u00e7o:<\/strong><\/p>\n<p style=\"padding-left: 30px\"><iframe loading=\"lazy\" src=\"https:\/\/www.google.com\/maps\/embed?pb=!1m17!1m11!1m3!1d1842.8710790097366!2d12.455285960458784!3d41.90200326186941!2m2!1f0!2f0!3m2!1i1024!2i768!4f13.1!3m3!1m2!1s0x0%3A0x31ed1eadde4b0c03!2sCortile+della+Pigna!5e1!3m2!1spt-BR!2sus!4v1409060628346\" width=\"600\" height=\"450\" frameborder=\"0\" style=\"border:0\"><\/iframe><\/p>\n<p style=\"padding-left: 30px\">Endere\u00e7o: Viale Vaticano, 2, Citt\u00e0 del Vaticano, Cidade do Vaticano<br \/>\nIn\u00edcio da constru\u00e7\u00e3o: 1473<br \/>\nInaugura\u00e7\u00e3o: 15 de agosto de 1483<br \/>\nSite oficial:\u00a0http:\/\/www.vatican.va\/various\/basiliche\/index_po.html<br \/>\nEstilo arquitet\u00f4nico: Arquitetura do Renascimento<br \/>\nArquitetos: Papa Sisto IV, Domenico Fontana, Baccio Pontelli, Giovannino de Dolci<\/p>\n<p><em><span style=\"color: #999999\">Fontes: W<a href=\"http:\/\/pt.wikipedia.org\/wiki\/Capela_Sistina\" target=\"_blank\"><span style=\"color: #999999\">ikipedia<\/span><\/a>, P<a href=\"http:\/\/pixlr.com\/express\/\" target=\"_blank\"><span style=\"color: #999999\">ixlr<\/span><\/a> e F<span style=\"color: #999999\"><a href=\"http:\/\/fotos360.com.br\/tour-virtual-aereo-na-capela-sistina-vaticano\/\" target=\"_blank\">oto360<\/a><\/span><\/span><\/em><\/p>\n<hr style=\"color: #292929\" \/>\n<p style=\"color: #292929\"><img loading=\"lazy\" decoding=\"async\" src=\"http:\/\/blog.cancaonova.com\/cleberrodrigues\/files\/2014\/05\/fale-comigo.jpg\" alt=\"\" width=\"20\" height=\"20\" \/><strong>\u00a0Curtiu? Escreva abaixo sua experi\u00eancia.<\/strong><\/p>\n<hr style=\"color: #292929\" \/>\n<p style=\"color: #292929\">Que Deus nos aben\u00e7oe.<\/p>\n<p style=\"color: #292929\"><strong>Cleber Rodrigues<\/strong><br \/>\nComunidade Can\u00e7\u00e3o Nova<\/p>\n","protected":false},"excerpt":{"rendered":"<p>Visite agora a\u00a0Capela Sistina no Vaticano. H\u00e1 algum tempo atr\u00e1s, disponibilizei aqui uma visita aos Santu\u00e1rios Marianos na Terra Santa. Hoje, por\u00e9m, meu convite \u00e9 para irmos conhecer (agora!) a Capela Sistina, localizada no Vaticano. Visitar a Capela Sistina \u00e9&#8230;<\/p>\n","protected":false},"author":4539,"featured_media":0,"comment_status":"open","ping_status":"open","sticky":false,"template":"","format":"standard","meta":{"_mi_skip_tracking":false,"_monsterinsights_sitenote_active":false,"_monsterinsights_sitenote_note":"","_monsterinsights_sitenote_category":0,"footnotes":""},"categories":[4],"tags":[],"_links":{"self":[{"href":"https:\/\/blog.cancaonova.com\/cleberrodrigues\/wp-json\/wp\/v2\/posts\/2574"}],"collection":[{"href":"https:\/\/blog.cancaonova.com\/cleberrodrigues\/wp-json\/wp\/v2\/posts"}],"about":[{"href":"https:\/\/blog.cancaonova.com\/cleberrodrigues\/wp-json\/wp\/v2\/types\/post"}],"author":[{"embeddable":true,"href":"https:\/\/blog.cancaonova.com\/cleberrodrigues\/wp-json\/wp\/v2\/users\/4539"}],"replies":[{"embeddable":true,"href":"https:\/\/blog.cancaonova.com\/cleberrodrigues\/wp-json\/wp\/v2\/comments?post=2574"}],"version-history":[{"count":20,"href":"https:\/\/blog.cancaonova.com\/cleberrodrigues\/wp-json\/wp\/v2\/posts\/2574\/revisions"}],"predecessor-version":[{"id":2608,"href":"https:\/\/blog.cancaonova.com\/cleberrodrigues\/wp-json\/wp\/v2\/posts\/2574\/revisions\/2608"}],"wp:attachment":[{"href":"https:\/\/blog.cancaonova.com\/cleberrodrigues\/wp-json\/wp\/v2\/media?parent=2574"}],"wp:term":[{"taxonomy":"category","embeddable":true,"href":"https:\/\/blog.cancaonova.com\/cleberrodrigues\/wp-json\/wp\/v2\/categories?post=2574"},{"taxonomy":"post_tag","embeddable":true,"href":"https:\/\/blog.cancaonova.com\/cleberrodrigues\/wp-json\/wp\/v2\/tags?post=2574"}],"curies":[{"name":"wp","href":"https:\/\/api.w.org\/{rel}","templated":true}]}}