{"id":2723,"date":"2014-09-29T08:15:21","date_gmt":"2014-09-29T11:15:21","guid":{"rendered":"http:\/\/blog.cancaonova.com\/cleberrodrigues\/?p=2723"},"modified":"2014-10-02T11:04:39","modified_gmt":"2014-10-02T14:04:39","slug":"mp3-em-batalha-com-os-anjos-mons-jonas-abib","status":"publish","type":"post","link":"https:\/\/blog.cancaonova.com\/cleberrodrigues\/mp3-em-batalha-com-os-anjos-mons-jonas-abib\/","title":{"rendered":"MP3: \"Em batalha com os anjos\" (Mons. Jonas Abib)"},"content":{"rendered":"<p><img loading=\"lazy\" decoding=\"async\" class=\"aligncenter size-full wp-image-2767\" src=\"http:\/\/blog.cancaonova.com\/cleberrodrigues\/files\/2014\/09\/em-batalha-com-os-anjos-mons-jonas-abib.jpg\" alt=\"em-batalha-com-os-anjos-mons-jonas-abib\" width=\"800\" height=\"428\" srcset=\"https:\/\/blog.cancaonova.com\/cleberrodrigues\/files\/2014\/09\/em-batalha-com-os-anjos-mons-jonas-abib.jpg 800w, https:\/\/blog.cancaonova.com\/cleberrodrigues\/files\/2014\/09\/em-batalha-com-os-anjos-mons-jonas-abib-300x160.jpg 300w\" sizes=\"(max-width: 800px) 100vw, 800px\" \/><\/p>\n<p>Hoje \u00e9 o dia dos <strong>tr\u00eas Arcanjos:<\/strong>\u00a0S\u00e3o Gabriel, S\u00e3o Rafael e S\u00e3o Miguel. No Evangelho deste dia, Jesus diz:<em> \u201cVereis o c\u00e9u aberto e ver\u00e1s o Filho do homem\u201d (<\/em>cf<em> Jo 1,51)<\/em>. Jesus gostava de se chamar assim, Ele assumiu a natureza humana. Uma coisa \u00e9 certa: o Senhor vir\u00e1 em Gl\u00f3ria! Seu poder \u00e9 eterno e n\u00e3o lhe ser\u00e1 tirado. <strong>Ou\u00e7a e compartilhe.<\/strong><!--more Continue lendo...--><\/p>\n<p>Nesta prega\u00e7\u00e3o, Monsenhor Jonas Abib nos explica a batalha que existe no mundo espiritual. O dem\u00f4nio, sabendo que n\u00e3o tem como vencer Jesus, tenta atingir aqueles que est\u00e3o em seu seguimento. Deste modo, recomendo que ou\u00e7a essa homilia e compreenda aquilo que afirmou Bento XVI\u00a0<em>&#8220;A f\u00e9 implica, portanto, saber reconhecer o invis\u00edvel identificando o tra\u00e7o no mundo vis\u00edvel&#8221;<\/em>.<\/p>\n<hr \/>\n<p><strong>Homilia: Com os anjos em ordem de Batalha (Monsenhor Jonas Abib)<\/strong><\/p>\n<iframe loading=\"lazy\" width=\"100%\" height=\"60\" src=\"\/\/www.mixcloud.com\/widget\/iframe\/?feed=http%3A%2F%2Fwww.mixcloud.com%2Fcleberdossantosrodrigues%2Fem-batalha-com-os-anjos-monsenhor-jonas-abib%2F&mini=1&embed_uuid=a6292470-3520-4aaa-81d5-6255dc8b040f&replace=0&hide_cover=1&light=1&hide_artwork=1&stylecolor=220051&embed_type=widget_standard&hide_tracklist=1\" frameborder=\"0\"><\/iframe>\n<p><em>A luta do inimigo n\u00e3o \u00e9 contra n\u00f3s, mas contra Jesus. Na Palavra de Deus, vimos que l\u00facifer era um anjo de luz, belo. Quando Deus revelou para ele que o Seu Filho Jesus viria ao mundo, n\u00e3o glorioso, mas sim para morrer na cruz, o dem\u00f4nio ficou decepcionado e em seu orgulho, disse que n\u00e3o servia, sendo que ele foi criado para essa miss\u00e3o e n\u00e3o aceitou. E uma vez decidido, ele acabou rejeitando tudo, a sua verdadeira miss\u00e3o tornou-se o que \u00e9 hoje, o contr\u00e1rio de tudo que ele foi e atrapalhou tudo.<\/em><\/p>\n<p><em>Ele fez de tudo para acabar com o Filho de Deus. Jesus foi perseguido desde o Seu nascimento at\u00e9 no ato da cruz, por\u00e9m pela Sua obedi\u00eancia ao Pai, acabou com a desobedi\u00eancia do dem\u00f4nio. Assim, abriu as portas da salva\u00e7\u00e3o, fazendo nascer o povo de Deus, o cristianismo.<\/em><\/p>\n<p><em>Agora a luta dele \u00e9 contra os Seus seguidores, por isso quanto mais seguimos Jesus, mais ele vem contra n\u00f3s e at\u00e9 voc\u00ea se pergunta: \u201cParece que agora que estou seguindo a Deus as coisas est\u00e3o piorando para mim\u201d. E isso \u00e9 verdade! O inimigo de Deus n\u00e3o quer que sigamos Jesus. Quando vivemos no pecado, o dem\u00f4nio n\u00e3o se preocupa, porque somos deles, mas porque seguimos a Deus ele vem com toda for\u00e7a contra n\u00f3s.<\/em><\/p>\n<p><em>E come\u00e7amos a nos revoltar contra Deus e, \u00e9 isso que o inimigo quer. Isso \u00e9 uma guerra desleal, mas \u00e9 uma guerra. A leitura de hoje, tem como objetivo proclamar a vit\u00f3ria de Jesus e que com Jesus venceremos. Meu irm\u00e3o, ainda estamos em batalha e at\u00e9 a nossa morte ou a vinda do Senhor, a persegui\u00e7\u00e3o continuar\u00e1. \u00c9 bom que n\u00f3s crist\u00e3os entendamos isso. A batalha do dem\u00f4nio \u00e9 contra Jesus, seus seguidores e Maria tamb\u00e9m.<\/em><\/p>\n<p><strong><em>Que bom \u00e9 estar numa batalha e sabermos que j\u00e1 somos vitoriosos. Pena que n\u00f3s crist\u00e3os n\u00e3o olhamos para isso e paramos no problema, nas dificuldades. N\u00e3o sejamos iludidos; batalha \u00e9 batalha! Meu filho \u00e9 melhor voc\u00ea aceitar que essa vida \u00e9 um vale de l\u00e1grimas, do que viver na ilus\u00e3o. Hoje, o Senhor coloca essa palavra diante de nossos olhos, a Igreja quer frisar em n\u00f3s a vit\u00f3ria do Senhor.<\/em><\/strong><\/p>\n<p><em>Resta pouco tempo para o dem\u00f4nio, por isso ele est\u00e1 furioso, pois a vit\u00f3ria \u00e9 de Jesus e acabou a sua chance, mas ele \u00e9 mal e mesmo sabendo que \u00e9 vencido vem com todas as for\u00e7as para cima de n\u00f3s, a luta n\u00e3o vai acabar. Por isso n\u00f3s precisamos da ajuda dos santos anjos.<\/em><\/p>\n<p><strong><em>Deus cercou-nos de anjos. Neste dia de Adora\u00e7\u00e3o, os anjos est\u00e3o conosco adorando. Precisamos deles, de sua intercess\u00e3o, eles lutam conosco. No seu trabalho, em sua fam\u00edlia Deus colocou v\u00e1rios anjos. Mas, infelizmente queremos lutar sozinhos e assim como existem mir\u00edades de anjos, h\u00e1 de dem\u00f4nios e sozinho n\u00e3o conseguiremos vencer.<\/em><\/strong><\/p>\n<p><em>Porque n\u00f3s somos do Senhor, somos alvos do inimigo, por isso necessitamos dos Anjos. Este \u00e9 o dia de nos unirmos a eles, buscando sua presen\u00e7a ajuda. Voc\u00ea, seu filho, seu casamento, sua fam\u00edlia, no seu trabalho, no seu apostolado.<\/em><\/p>\n<p><em>\u00c9 uma batalha que os anjos enfrentam, porque o dem\u00f4nio sabe que pouco tempo o resta. \u00c9 importante que tenhamos essa convic\u00e7\u00e3o de que Deus mandou anjos para nos proteger. \u00c9 uma batalha que sozinho n\u00e3o podemos nada. Obrigado, Senhor, porque eles est\u00e3o conosco! Senhor aumenta a nossa f\u00e9!<\/em><\/p>\n<p><em>Deus colocou os anjos a nosso favor para lutarem por n\u00f3s. O Senhor nos cercou deles, por isso, precisamos ter os olhos no sobrenatural. Onde estamos h\u00e1 mir\u00edades de anjos. Al\u00e9m do nosso Anjo da Guarda, temos outros que Deus nos envia por mil raz\u00f5es. \u00c9 preciso contar com eles, porque s\u00e3o os anjos do c\u00e9u que intercedem por n\u00f3s, suplicam conosco e lutam a nosso favor.<\/em><\/p>\n<p><em>Precisamos aproveitar aquilo que Deus nos deu para estar conosco, ao nosso lado, junto da nossa fam\u00edlia, dentro da nossa casa, no servi\u00e7o e nas lutas. Anjos para lutar conosco. Mas o que acontece \u00e9 que, \u00e0s vezes, lutamos sozinhos e nos esquecemos de que temos anjos que lutam por n\u00f3s, pois na luta contra o dem\u00f4nio s\u00e3o eles os capazes de vencer.<\/em><\/p>\n<p><em><strong>Hoje \u00e9 o dia de nos unirmos aos anjos, de buscar a prote\u00e7\u00e3o deles para n\u00f3s, nossos filhos, casamentos, trabalhos e apostolados.<\/strong><\/em><\/p>\n<p><em>Deus j\u00e1 providenciou anjos para adorarem e lutarem conosco. Ele nos deu um ex\u00e9rcito de anjos para nos proteger durante a batalha, porque sozinhos n\u00e3o somos nada.\u201d<\/em><br \/>\n<em> Trecho da prega\u00e7\u00e3o \u201cEm batalha com os Anjos\u201d<\/em><\/p>\n<p><span style=\"color: #999999\"><em>(<a style=\"color: #999999\" href=\"http:\/\/padrejonas.cancaonova.com\/informativos\/artigos\/em-batalha-com-os-anjos-homilia-de-padre-jonas\/\">Fonte: padrejonas.cancaonova.com<\/a>)<\/em><\/span><\/p>\n<hr \/>\n<p><img loading=\"lazy\" decoding=\"async\" src=\"http:\/\/blog.cancaonova.com\/cleberrodrigues\/files\/2014\/05\/fale-comigo.jpg\" alt=\"\" width=\"20\" height=\"20\" \/><strong>\u00a0Espalhe!\u00a0<\/strong><i>Se preferir, baixe em MP3: <a href=\"http:\/\/d.sambavideos.sambatech.com\/account\/449\/3\/2014-09-29\/audio\/868e1f5d46f3e25fdb34f4cd6c6426b9\/EM_BATALHA_COM_OS_ANJOS_MONS_JONAS_ABIB_290905.mp3\" target=\"_blank\">&#8220;Em batalha com os Anjos&#8221; (Mons Jonas Abib)<\/a><\/i><\/p>\n<hr \/>\n<p>Que Deus nos aben\u00e7oe.<\/p>\n<p><strong>Cleber Rodrigues<\/strong><br \/>\nComunidade Can\u00e7\u00e3o Nova<\/p>\n","protected":false},"excerpt":{"rendered":"<p>Hoje \u00e9 o dia dos tr\u00eas Arcanjos:\u00a0S\u00e3o Gabriel, S\u00e3o Rafael e S\u00e3o Miguel. No Evangelho deste dia, Jesus diz: \u201cVereis o c\u00e9u aberto e ver\u00e1s o Filho do homem\u201d (cf Jo 1,51). Jesus gostava de se chamar assim, Ele assumiu&#8230;<\/p>\n","protected":false},"author":4539,"featured_media":0,"comment_status":"open","ping_status":"open","sticky":false,"template":"","format":"standard","meta":{"_mi_skip_tracking":false,"_monsterinsights_sitenote_active":false,"_monsterinsights_sitenote_note":"","_monsterinsights_sitenote_category":0,"footnotes":""},"categories":[4],"tags":[],"_links":{"self":[{"href":"https:\/\/blog.cancaonova.com\/cleberrodrigues\/wp-json\/wp\/v2\/posts\/2723"}],"collection":[{"href":"https:\/\/blog.cancaonova.com\/cleberrodrigues\/wp-json\/wp\/v2\/posts"}],"about":[{"href":"https:\/\/blog.cancaonova.com\/cleberrodrigues\/wp-json\/wp\/v2\/types\/post"}],"author":[{"embeddable":true,"href":"https:\/\/blog.cancaonova.com\/cleberrodrigues\/wp-json\/wp\/v2\/users\/4539"}],"replies":[{"embeddable":true,"href":"https:\/\/blog.cancaonova.com\/cleberrodrigues\/wp-json\/wp\/v2\/comments?post=2723"}],"version-history":[{"count":5,"href":"https:\/\/blog.cancaonova.com\/cleberrodrigues\/wp-json\/wp\/v2\/posts\/2723\/revisions"}],"predecessor-version":[{"id":2818,"href":"https:\/\/blog.cancaonova.com\/cleberrodrigues\/wp-json\/wp\/v2\/posts\/2723\/revisions\/2818"}],"wp:attachment":[{"href":"https:\/\/blog.cancaonova.com\/cleberrodrigues\/wp-json\/wp\/v2\/media?parent=2723"}],"wp:term":[{"taxonomy":"category","embeddable":true,"href":"https:\/\/blog.cancaonova.com\/cleberrodrigues\/wp-json\/wp\/v2\/categories?post=2723"},{"taxonomy":"post_tag","embeddable":true,"href":"https:\/\/blog.cancaonova.com\/cleberrodrigues\/wp-json\/wp\/v2\/tags?post=2723"}],"curies":[{"name":"wp","href":"https:\/\/api.w.org\/{rel}","templated":true}]}}