{"id":2947,"date":"2014-10-15T09:23:15","date_gmt":"2014-10-15T12:23:15","guid":{"rendered":"http:\/\/blog.cancaonova.com\/cleberrodrigues\/?p=2947"},"modified":"2014-10-15T19:33:33","modified_gmt":"2014-10-15T22:33:33","slug":"talvez-voce-precise-virar-a-pagina","status":"publish","type":"post","link":"https:\/\/blog.cancaonova.com\/cleberrodrigues\/talvez-voce-precise-virar-a-pagina\/","title":{"rendered":"Talvez voc\u00ea precise virar a p\u00e1gina!"},"content":{"rendered":"<p><img loading=\"lazy\" decoding=\"async\" class=\"aligncenter size-full wp-image-2948\" src=\"http:\/\/blog.cancaonova.com\/cleberrodrigues\/files\/2014\/10\/vire-a-pagina.jpg\" alt=\"vire-a-pagina\" width=\"885\" height=\"498\" srcset=\"https:\/\/blog.cancaonova.com\/cleberrodrigues\/files\/2014\/10\/vire-a-pagina.jpg 885w, https:\/\/blog.cancaonova.com\/cleberrodrigues\/files\/2014\/10\/vire-a-pagina-300x168.jpg 300w\" sizes=\"(max-width: 885px) 100vw, 885px\" \/><\/p>\n<p>A inspira\u00e7\u00e3o para\u00a0compartilhar essa forma\u00e7\u00e3o,\u00a0veio-me durante a missa que participei hoje pela manh\u00e3, onde o Padre Wagner Baia comentou sobre o dia\u00a0de Santa Tereza D\u2019Avila \u2013 e que, por causa dela, comemora-se tamb\u00e9m o \u201cdia dos professores\u201d.\u00a0Assim, em uma perspectiva pedag\u00f3gica e educacional, te convido a\u00a0pensar sobre o modo que\u00a0tem redigido sua\u00a0pr\u00f3pria vida.<strong>\u00a0Onde ser\u00e1 o ponto final, a v\u00edrgula, o ponto de interroga\u00e7\u00e3o ou de exclama\u00e7\u00e3o que voc\u00ea deve colocar em sua vida?<\/strong>\u00a0<strong>Quanto sofrimento se estende em nossas vidas porque n\u00e3o sabemos p\u00f4r um ponto final nas coisas?<\/strong><\/p>\n<p>Para ajudar nesta reflex\u00e3o, te convido a assistir com bastante aten\u00e7\u00e3o a homilia &#8220;Vire a p\u00e1gina&#8221; do Padre F\u00e1bio de Melo, realizada durante um acampamento de ora\u00e7\u00e3o, aqui na Can\u00e7\u00e3o Nova. <strong>Tenha coragem!\u00a0Vire a p\u00e1gina e deixe que Deus fale ao seu cora\u00e7\u00e3o: para que voc\u00ea saiba o que\u00a0realmente deve fazer em sua vida.<\/strong><!--moreContinue lendo...--><\/p>\n<center><iframe loading=\"lazy\" width=\"480\" height=\"360\" src=\"\/\/www.youtube.com\/embed\/nByouqFxUfY?rel=0&showinfo=0\" frameborder=\"0\" allowfullscreen><\/iframe><\/center>\n<hr \/>\n<p><img loading=\"lazy\" decoding=\"async\" src=\"http:\/\/blog.cancaonova.com\/cleberrodrigues\/files\/2014\/05\/fale-comigo.jpg\" alt=\"\" width=\"20\" height=\"20\" \/><strong>\u00a0Nota: <\/strong>&#8220;Muito obrigado!&#8221; \u00c9 assim, que prefiro agradecer a todos\u00a0os professores e professoras &#8211; e, principalmente, \u00e0queles que passaram (e passam) por minha vida, presencial ou virtualmente, obrigado pela contribui\u00e7\u00e3o e pe\u00e7o que, pela intercess\u00e3o de Dom Bosco (aclamado por S\u00e3o Jo\u00e3o Paulo II, como &#8220;pai e mestre da juventude&#8221;) voc\u00eas possam ser conduzidos pelo Esp\u00edrito Santo no \u00e1rduo exerc\u00edcio desta\u00a0voca\u00e7\u00e3o. Em segundo lugar, destaco aquilo que\u00a0chamou-me a aten\u00e7\u00e3o nesta homilia:\u00a0<strong>&#8220;seja honesto com os medos que voc\u00ea sente. Seja honesto com aquilo que merece a sua aten\u00e7\u00e3o. Voc\u00ea pode estar perdendo tempo na vida por que est\u00e1 dando aten\u00e7\u00e3o \u00e0quilo que n\u00e3o merece.\u00a0A nossa vida \u00e0s vezes est\u00e1 uma bagun\u00e7a danada porque n\u00e3o a pontuamos direito, e acaba sendo como um texto mal pontuado que n\u00e3o pode ser bem compreendido.\u00a0A nossa vida deve ser bem pontuada.&#8221;\u00a0<\/strong>E a\u00ed, como voc\u00ea tem pontuado sua vida?<\/p>\n<p>Por fim, recomendo que <a href=\"http:\/\/eventos.cancaonova.com\/pregacoes\/vire-a-pagina\/\" target=\"_blank\">leia a\u00a0transcri\u00e7\u00e3o<\/a>\u00a0e\u00a0<a href=\"http:\/\/eventos.cancaonova.com\/edicao\/acampamento-de-oracao-3\/\" target=\"_blank\">conhe\u00e7a\u00a0as\u00a0outras\u00a0prega\u00e7\u00f5es<\/a> deste Acampamento de Ora\u00e7\u00e3o.<\/p>\n<hr \/>\n<p><span style=\"color: #808080\">Fonte: <a style=\"color: #808080\" href=\"http:\/\/eventos.cancaonova.com\/pregacoes\/vire-a-pagina\/\" target=\"_blank\">EventosCN<\/a><\/span><\/p>\n","protected":false},"excerpt":{"rendered":"<p>A inspira\u00e7\u00e3o para\u00a0compartilhar essa forma\u00e7\u00e3o,\u00a0veio-me durante a missa que participei hoje pela manh\u00e3, onde o Padre Wagner Baia comentou sobre o dia\u00a0de Santa Tereza D\u2019Avila \u2013 e que, por causa dela, comemora-se tamb\u00e9m o \u201cdia dos professores\u201d.\u00a0Assim, em uma perspectiva&#8230;<\/p>\n","protected":false},"author":4539,"featured_media":0,"comment_status":"open","ping_status":"open","sticky":false,"template":"","format":"standard","meta":{"_mi_skip_tracking":false,"_monsterinsights_sitenote_active":false,"_monsterinsights_sitenote_note":"","_monsterinsights_sitenote_category":0,"footnotes":""},"categories":[4],"tags":[],"_links":{"self":[{"href":"https:\/\/blog.cancaonova.com\/cleberrodrigues\/wp-json\/wp\/v2\/posts\/2947"}],"collection":[{"href":"https:\/\/blog.cancaonova.com\/cleberrodrigues\/wp-json\/wp\/v2\/posts"}],"about":[{"href":"https:\/\/blog.cancaonova.com\/cleberrodrigues\/wp-json\/wp\/v2\/types\/post"}],"author":[{"embeddable":true,"href":"https:\/\/blog.cancaonova.com\/cleberrodrigues\/wp-json\/wp\/v2\/users\/4539"}],"replies":[{"embeddable":true,"href":"https:\/\/blog.cancaonova.com\/cleberrodrigues\/wp-json\/wp\/v2\/comments?post=2947"}],"version-history":[{"count":22,"href":"https:\/\/blog.cancaonova.com\/cleberrodrigues\/wp-json\/wp\/v2\/posts\/2947\/revisions"}],"predecessor-version":[{"id":2970,"href":"https:\/\/blog.cancaonova.com\/cleberrodrigues\/wp-json\/wp\/v2\/posts\/2947\/revisions\/2970"}],"wp:attachment":[{"href":"https:\/\/blog.cancaonova.com\/cleberrodrigues\/wp-json\/wp\/v2\/media?parent=2947"}],"wp:term":[{"taxonomy":"category","embeddable":true,"href":"https:\/\/blog.cancaonova.com\/cleberrodrigues\/wp-json\/wp\/v2\/categories?post=2947"},{"taxonomy":"post_tag","embeddable":true,"href":"https:\/\/blog.cancaonova.com\/cleberrodrigues\/wp-json\/wp\/v2\/tags?post=2947"}],"curies":[{"name":"wp","href":"https:\/\/api.w.org\/{rel}","templated":true}]}}