{"id":3000,"date":"2014-10-20T20:03:34","date_gmt":"2014-10-20T22:03:34","guid":{"rendered":"http:\/\/blog.cancaonova.com\/cleberrodrigues\/?p=3000"},"modified":"2014-10-20T20:03:34","modified_gmt":"2014-10-20T22:03:34","slug":"missao-revolucao-jesus-no-rio-de-janeiro-rj","status":"publish","type":"post","link":"https:\/\/blog.cancaonova.com\/cleberrodrigues\/missao-revolucao-jesus-no-rio-de-janeiro-rj\/","title":{"rendered":"Miss\u00e3o \"Revolu\u00e7\u00e3o Jesus\" no Rio de Janeiro (RJ)"},"content":{"rendered":"<p><img loading=\"lazy\" decoding=\"async\" class=\"aligncenter size-full wp-image-3001\" src=\"http:\/\/blog.cancaonova.com\/cleberrodrigues\/files\/2014\/10\/retiro-nascer-para-dar-certo-revolucao-jesus-bom-jesus-da-penha.jpg\" alt=\"retiro-nascer-para-dar-certo-revolucao-jesus-bom-jesus-da-penha\" width=\"2000\" height=\"1126\" srcset=\"https:\/\/blog.cancaonova.com\/cleberrodrigues\/files\/2014\/10\/retiro-nascer-para-dar-certo-revolucao-jesus-bom-jesus-da-penha.jpg 2000w, https:\/\/blog.cancaonova.com\/cleberrodrigues\/files\/2014\/10\/retiro-nascer-para-dar-certo-revolucao-jesus-bom-jesus-da-penha-300x168.jpg 300w, https:\/\/blog.cancaonova.com\/cleberrodrigues\/files\/2014\/10\/retiro-nascer-para-dar-certo-revolucao-jesus-bom-jesus-da-penha-900x506.jpg 900w\" sizes=\"(max-width: 2000px) 100vw, 2000px\" \/><\/p>\n<p>Neste final de semana, de 18 a 19 de outubro, estive com a <a class=\"profileLink\" href=\"https:\/\/www.facebook.com\/maristela.saraiva.10\">Maristela Saraiva<\/a> na cidade do <strong>Rio de Janeiro (RJ)<\/strong> aplicando o retiro <a class=\"profileLink\" href=\"https:\/\/www.facebook.com\/revolucaojesus\">Revolu\u00e7\u00e3o Jesus<\/a>\u00a0com o tema &#8220;Nasci pra dar certo&#8221;\u00a0aos jovens da <strong>Par\u00f3quia Bom Jesus da Penha<\/strong>. Foi uma \u00f3tima experi\u00eancia de miss\u00e3o, partilha e acolhimento. <i class=\"_4-k1 img sp_LWp1MpKGrs1 sx_35a5d8\"><\/i><\/p>\n","protected":false},"excerpt":{"rendered":"<p>Neste final de semana, de 18 a 19 de outubro, estive com a Maristela Saraiva na cidade do Rio de Janeiro (RJ) aplicando o retiro Revolu\u00e7\u00e3o Jesus\u00a0com o tema &#8220;Nasci pra dar certo&#8221;\u00a0aos jovens da Par\u00f3quia Bom Jesus da Penha&#8230;.<\/p>\n","protected":false},"author":4539,"featured_media":0,"comment_status":"open","ping_status":"open","sticky":false,"template":"","format":"standard","meta":{"_mi_skip_tracking":false,"_monsterinsights_sitenote_active":false,"_monsterinsights_sitenote_note":"","_monsterinsights_sitenote_category":0,"footnotes":""},"categories":[4],"tags":[],"_links":{"self":[{"href":"https:\/\/blog.cancaonova.com\/cleberrodrigues\/wp-json\/wp\/v2\/posts\/3000"}],"collection":[{"href":"https:\/\/blog.cancaonova.com\/cleberrodrigues\/wp-json\/wp\/v2\/posts"}],"about":[{"href":"https:\/\/blog.cancaonova.com\/cleberrodrigues\/wp-json\/wp\/v2\/types\/post"}],"author":[{"embeddable":true,"href":"https:\/\/blog.cancaonova.com\/cleberrodrigues\/wp-json\/wp\/v2\/users\/4539"}],"replies":[{"embeddable":true,"href":"https:\/\/blog.cancaonova.com\/cleberrodrigues\/wp-json\/wp\/v2\/comments?post=3000"}],"version-history":[{"count":1,"href":"https:\/\/blog.cancaonova.com\/cleberrodrigues\/wp-json\/wp\/v2\/posts\/3000\/revisions"}],"predecessor-version":[{"id":3002,"href":"https:\/\/blog.cancaonova.com\/cleberrodrigues\/wp-json\/wp\/v2\/posts\/3000\/revisions\/3002"}],"wp:attachment":[{"href":"https:\/\/blog.cancaonova.com\/cleberrodrigues\/wp-json\/wp\/v2\/media?parent=3000"}],"wp:term":[{"taxonomy":"category","embeddable":true,"href":"https:\/\/blog.cancaonova.com\/cleberrodrigues\/wp-json\/wp\/v2\/categories?post=3000"},{"taxonomy":"post_tag","embeddable":true,"href":"https:\/\/blog.cancaonova.com\/cleberrodrigues\/wp-json\/wp\/v2\/tags?post=3000"}],"curies":[{"name":"wp","href":"https:\/\/api.w.org\/{rel}","templated":true}]}}