{"id":3103,"date":"2014-12-03T11:13:04","date_gmt":"2014-12-03T13:13:04","guid":{"rendered":"http:\/\/blog.cancaonova.com\/cleberrodrigues\/?p=3103"},"modified":"2014-12-03T16:00:46","modified_gmt":"2014-12-03T18:00:46","slug":"mp3-adorar-mesmo-em-depressao-mons-jonas-abib","status":"publish","type":"post","link":"https:\/\/blog.cancaonova.com\/cleberrodrigues\/mp3-adorar-mesmo-em-depressao-mons-jonas-abib\/","title":{"rendered":"MP3: \"Adorar mesmo em Depress\u00e3o\" (Mons Jonas Abib)"},"content":{"rendered":"<p><em><strong>&#8220;O Senhor Deus enxugar\u00e1 as l\u00e1grimas dos olhos de todos&#8221;<\/strong> (cf Isa\u00edas 25,8)<\/em><\/p>\n<p><img loading=\"lazy\" decoding=\"async\" class=\"size-full wp-image-3104 aligncenter\" src=\"http:\/\/blog.cancaonova.com\/cleberrodrigues\/files\/2014\/12\/adorar-mesmo-em-depressao-monsenhor-jonas-abib.jpg\" width=\"1000\" height=\"558\" srcset=\"https:\/\/blog.cancaonova.com\/cleberrodrigues\/files\/2014\/12\/adorar-mesmo-em-depressao-monsenhor-jonas-abib.jpg 1000w, https:\/\/blog.cancaonova.com\/cleberrodrigues\/files\/2014\/12\/adorar-mesmo-em-depressao-monsenhor-jonas-abib-300x167.jpg 300w, https:\/\/blog.cancaonova.com\/cleberrodrigues\/files\/2014\/12\/adorar-mesmo-em-depressao-monsenhor-jonas-abib-900x502.jpg 900w\" sizes=\"(max-width: 1000px) 100vw, 1000px\" \/><br \/>\nO nosso tema formativo de hoje \u00e9 <strong>depress\u00e3o<\/strong>. O que \u00e9? Como superar? Quais as causas?<br \/>\nDados divulgados pela Organiza\u00e7\u00e3o Mundial da Sa\u00fade (OMS) apontam que em 2030 a depress\u00e3o poder\u00e1\u00a0se tornar a doen\u00e7a mais comum do mundo, afetando mais pessoas do que qualquer outro problema de sa\u00fade, incluindo c\u00e2ncer e doen\u00e7as card\u00edacas. A coisa \u00e9 seria! Vivemos num mundo recheado de entretenimento, mas mesmo assim: corremos o risco de experimentarmos um vazio existencial\u00a0muito grande. Paradoxalmente: quanto mais coisas s\u00e3o inventadas para facilitar nossa vida, por meio da tecnologia, mais enfraquecidos humanamente corremos o risco de nos tornar. J\u00e1 ouviu a express\u00e3o de que &#8220;a depress\u00e3o \u00e9 o mal do s\u00e9culo&#8221;? Seria porque o homem aprendeu a olhar para as telas e desaprendeu a olhar para dentro de si? \u00a0Ser\u00e1 que uma retomada importante seria separa\u00a0momentos para ouvir os apelos de seu pr\u00f3prio cora\u00e7\u00e3o? Como a espiritualidade pode ajudar neste processo?<\/p>\n<p>Ou\u00e7a abaixo uma prega\u00e7\u00e3o do Monsenhor Jonas Abib sobre a depress\u00e3o\u00a0e descubra a import\u00e2ncia da adora\u00e7\u00e3o diante deste dilema.<\/p>\n<p><!--moreContinue lendo...--><\/p>\n<p><strong>Adorar mesmo em depress\u00e3o<\/strong><\/p>\n<p>No fundo a depress\u00e3o \u00e9 como a vertigem, o desmaio. O que acontece no desmaio \u00e9 que o organismo n\u00e3o aguenta e leva a pessoa ao desmaio. A depress\u00e3o \u00e9 exatamente isso, a pessoa sofre tanto no seu psicol\u00f3gico conscientemente ou n\u00e3o, vive uma press\u00e3o tamanha sobre ela que acaba entrando em depress\u00e3o.<\/p>\n<iframe loading=\"lazy\" width=\"100%\" height=\"60\" src=\"https:\/\/www.mixcloud.com\/widget\/iframe\/?feed=http%3A%2F%2Fwww.mixcloud.com%2Fcleberdossantosrodrigues%2Fmp3-adorar-mesmo-em-depress%25C3%25A3o-mons-jonas-abib%2F&mini=1&embed_uuid=7ac35c25-a848-4f3a-9968-c89aa0913f4f&replace=0&hide_cover=1&light=1&embed_type=widget_standard&hide_tracklist=1\" frameborder=\"0\"><\/iframe>\n<p>Se preferir, <a href=\"http:\/\/d.sambavideos.sambatech.com\/account\/449\/3\/2014-09-29\/audio\/9f1ef7e646a8fa67da8424799eb08b5b\/ADORAR_MESMO_EM_DEPRESSAO_MONS_JONAS_ABIB.mp3\" target=\"_blank\">baixe em MP3<\/a><\/p>\n<p>Mas \u00e9 terr\u00edvel porque nessa enfermidade a pessoa continua vendo tudo, a vida continua, mas ela n\u00e3o consegue reagir. A receita para sair da depress\u00e3o \u00e9: mesmo nela adorar a Deus. A receita maravilhosa para sair da depress\u00e3o \u00e9 adorar a Deus. Adoramos a Deus em esp\u00edrito e verdade, muitas vezes no problema, no desespero, na hora que n\u00e3o aguentamos mais.<\/p>\n<p>O fato \u00e9 se render diante de Deus na sua verdade, mesmo na falta de vontade em estar com o Senhor. Depress\u00e3o \u00e9 dor da alma, por isso neste momento se renda a Deus. Adora\u00e7\u00e3o \u00e9 rendi\u00e7\u00e3o, n\u00e3o \u00e9 preciso palavras. Entregue-se no lugar certo, pula para Deus, no colo de Deus e n\u00e3o para o nada.<\/p>\n<p>Rendendo-se a Deus fique n\u2019Ele, n\u00e3o no nada. Durante a depress\u00e3o existe a vontade de ficar no nada, mas fique em Deus. Achamos que na adora\u00e7\u00e3o precisamos falar com Deus, mas o real valor \u00e9 adorar a Deus em esp\u00edrito e verdade, mesmo sem nenhum sentimento.\u00a0Deixe Deus abra\u00e7ar voc\u00ea e abrace Deus no seu nada. Aproveite que voc\u00ea est\u00e1 como um pozinho de depress\u00e3o e abrace Deus Pai. Dessa forma,o nada abra\u00e7a o Tudo e \u00e9 certo que o Tudo transforma o nada para que ele saia do nada e tudo se fa\u00e7a novo.<\/p>\n<p>Temos que adorar na realidade da nossa vida.N\u00e3o espere chegar a dor da alma para se entregar ao Senhor. N\u00e3o espere entrar em depress\u00e3o para que Ele tire mais da ruindade que existe em voc\u00ea. Deus Pai usa a oficina da vida para nos quebrar, burilar e depois lixar para que fiquemos lindos. N\u00e3o me\u00e7a sua vida pelo conforto do momento presente, pode ser que voc\u00ea esteja no maior desconforto agora, mas Deus est\u00e1 agindo em voc\u00ea e o tornando imagem e semelhan\u00e7a d\u2019Ele. N\u00e3o perca esse momento, n\u00e3o perca tempo.<\/p>\n<p>Ou voc\u00ea deixa todos os \u201cquilos de orgulho\u201d nesta terra, queimados nesta terra ou n\u00e3o vai entrar no c\u00e9u. N\u00e3o h\u00e1 outra vida, s\u00f3 a vida eterna. \u00c9 para isso que temos de adorar ao Senhor agora, para entrar em sintonia com Ele.<\/p>\n<p><a href=\"http:\/\/radio.cancaonova.com\/adorar-mesmo-em-depressao\/\" target=\"_blank\">(Fonte)<\/a><\/p>\n<hr \/>\n<p><img loading=\"lazy\" decoding=\"async\" src=\"http:\/\/blog.cancaonova.com\/cleberrodrigues\/files\/2014\/05\/fale-comigo.jpg\" alt=\"\" width=\"20\" height=\"20\" \/><strong>\u00a0Ajude:<\/strong>\u00a0Qual mensagem de apoio voc\u00ea diria para\u00a0algu\u00e9m que est\u00e1 em depress\u00e3o? Escreva abaixo.<\/p>\n<hr \/>\n<p>&nbsp;<\/p>\n<p>&nbsp;<\/p>\n","protected":false},"excerpt":{"rendered":"<p>&#8220;O Senhor Deus enxugar\u00e1 as l\u00e1grimas dos olhos de todos&#8221; (cf Isa\u00edas 25,8) O nosso tema formativo de hoje \u00e9 depress\u00e3o. O que \u00e9? Como superar? Quais as causas? Dados divulgados pela Organiza\u00e7\u00e3o Mundial da Sa\u00fade (OMS) apontam que em&#8230;<\/p>\n","protected":false},"author":4539,"featured_media":0,"comment_status":"open","ping_status":"open","sticky":false,"template":"","format":"standard","meta":{"_mi_skip_tracking":false,"_monsterinsights_sitenote_active":false,"_monsterinsights_sitenote_note":"","_monsterinsights_sitenote_category":0,"footnotes":""},"categories":[4],"tags":[],"_links":{"self":[{"href":"https:\/\/blog.cancaonova.com\/cleberrodrigues\/wp-json\/wp\/v2\/posts\/3103"}],"collection":[{"href":"https:\/\/blog.cancaonova.com\/cleberrodrigues\/wp-json\/wp\/v2\/posts"}],"about":[{"href":"https:\/\/blog.cancaonova.com\/cleberrodrigues\/wp-json\/wp\/v2\/types\/post"}],"author":[{"embeddable":true,"href":"https:\/\/blog.cancaonova.com\/cleberrodrigues\/wp-json\/wp\/v2\/users\/4539"}],"replies":[{"embeddable":true,"href":"https:\/\/blog.cancaonova.com\/cleberrodrigues\/wp-json\/wp\/v2\/comments?post=3103"}],"version-history":[{"count":3,"href":"https:\/\/blog.cancaonova.com\/cleberrodrigues\/wp-json\/wp\/v2\/posts\/3103\/revisions"}],"predecessor-version":[{"id":3107,"href":"https:\/\/blog.cancaonova.com\/cleberrodrigues\/wp-json\/wp\/v2\/posts\/3103\/revisions\/3107"}],"wp:attachment":[{"href":"https:\/\/blog.cancaonova.com\/cleberrodrigues\/wp-json\/wp\/v2\/media?parent=3103"}],"wp:term":[{"taxonomy":"category","embeddable":true,"href":"https:\/\/blog.cancaonova.com\/cleberrodrigues\/wp-json\/wp\/v2\/categories?post=3103"},{"taxonomy":"post_tag","embeddable":true,"href":"https:\/\/blog.cancaonova.com\/cleberrodrigues\/wp-json\/wp\/v2\/tags?post=3103"}],"curies":[{"name":"wp","href":"https:\/\/api.w.org\/{rel}","templated":true}]}}