{"id":3199,"date":"2014-12-19T09:54:42","date_gmt":"2014-12-19T11:54:42","guid":{"rendered":"http:\/\/blog.cancaonova.com\/cleberrodrigues\/?p=3199"},"modified":"2015-01-27T09:46:57","modified_gmt":"2015-01-27T11:46:57","slug":"mp3-mensageiros-do-senhor-que-vem-mons-jonas-abib","status":"publish","type":"post","link":"https:\/\/blog.cancaonova.com\/cleberrodrigues\/mp3-mensageiros-do-senhor-que-vem-mons-jonas-abib\/","title":{"rendered":"MP3: \"Mensageiros do Senhor que v\u00eam\" (Mons. Jonas Abib)"},"content":{"rendered":"<p><img loading=\"lazy\" decoding=\"async\" class=\"aligncenter size-full wp-image-3200\" src=\"http:\/\/blog.cancaonova.com\/cleberrodrigues\/files\/2014\/12\/mensageiros-do-senhor-que-vem-monsenhor-jonas-abib.jpg\" alt=\"mensageiros-do-senhor-que-vem-monsenhor-jonas-abib\" width=\"1000\" height=\"563\" srcset=\"https:\/\/blog.cancaonova.com\/cleberrodrigues\/files\/2014\/12\/mensageiros-do-senhor-que-vem-monsenhor-jonas-abib.jpg 1000w, https:\/\/blog.cancaonova.com\/cleberrodrigues\/files\/2014\/12\/mensageiros-do-senhor-que-vem-monsenhor-jonas-abib-300x168.jpg 300w, https:\/\/blog.cancaonova.com\/cleberrodrigues\/files\/2014\/12\/mensageiros-do-senhor-que-vem-monsenhor-jonas-abib-900x506.jpg 900w\" sizes=\"(max-width: 1000px) 100vw, 1000px\" \/><\/p>\n<p>Realmente o Senhor sempre nos deu um instrumento maravilhoso para anunciarmos aquilo que Ele quer.<em> \u201cE eis uma voz a clamar: \u2018Preparai o caminho, preparai o caminho do Senhor\u2019\u201d<\/em>. Este \u00e9 o trecho de uma m\u00fasica que tamb\u00e9m diz:<em> \u201cVejo um rei vindo da montanha\u201d<\/em>, sim, n\u00f3s O vemos porque est\u00e1 cada dia mais pr\u00f3xima a vinda do Senhor.<!--moreContinue para ouvir...--><\/p>\n<h3><strong>Ou\u00e7a agora a prega\u00e7\u00e3o<\/strong><\/h3>\n<iframe loading=\"lazy\" width=\"100%\" height=\"60\" src=\"https:\/\/www.mixcloud.com\/widget\/iframe\/?feed=http%3A%2F%2Fwww.mixcloud.com%2Fcleberdossantosrodrigues%2Fmensageiros-do-senhor-que-v%25C3%25AAm-mons-jonas-abib%2F&mini=1&embed_uuid=f11570de-a76c-454a-aa25-d9de81578c58&replace=0&hide_cover=1&light=1&hide_artwork=1&embed_type=widget_standard&hide_tracklist=1\" frameborder=\"0\"><\/iframe>\n<p>Muita gente pensa que o Advento \u00e9 simplesmente uma prepara\u00e7\u00e3o para o Natal, mas \u00e9 muito mais que isso; \u00e9 a prepara\u00e7\u00e3o para a segunda vinda de Jesus. Olhando para a primeira vinda do Senhor, em Bel\u00e9m, somos impulsionados a olhar para frente, para o Senhor que vem uma segunda vez. <strong>Hoje a vinda do Senhor est\u00e1 mais pr\u00f3xima do que esteve ontem, mas n\u00e3o tanto como o estar\u00e1 amanh\u00e3. Portanto, clamemos: vinde, vinde logo, Senhor Jesus!<\/strong><\/p>\n<p>A principal leitura de hoje \u00e9 a segunda Carta de S\u00e3o Pedro 2, 8-14. Hoje existem muitos que s\u00e3o verdadeiros escarnecedores da Igreja e da Palavra de Deus e que at\u00e9 duvidam dos seus ensinamentos. Foi linda a primeira vinda de Nosso Senhor Jesus Cristo, mas muito mais linda ser\u00e1 a Sua segunda vinda gloriosa. Na primeira vez, o Senhor terminou os dias entre n\u00f3s morto na cruz e, depois, ressuscitou; mas quando vier uma segunda vez, vir\u00e1 sobre as nuvens com poder e gl\u00f3ria. Todos os olhos O ver\u00e3o do Oriente ao Ocidente. Tanto aqueles que O amaram e O aceitaram como os que n\u00e3o O aceitaram O ver\u00e3o, pois Ele vir\u00e1.<\/p>\n<p>Quando o Senhor vier os mortos ressuscitar\u00e3o, e aqueles que estiverem vivos n\u00e3o precisar\u00e3o morrer, pois ser\u00e3o transformados em corpos gloriosos. Assim subiremos todos com Ele para os novos c\u00e9us e a nova terra e estaremos com o Senhor para sempre. Ent\u00e3o Ele enxugar\u00e1 todas as nossas l\u00e1grimas, n\u00e3o haver\u00e1 mais luto nem dor; por\u00e9m, o Senhor precisar\u00e1 tamb\u00e9m fazer uma grande limpeza sobre a face da Terra. Ser\u00e1 terr\u00edvel, sim, mas somente para aqueles que n\u00e3o quiseram aceitar o Senhor e que levaram uma vida depravada e longe de Deus.<\/p>\n<p><strong>N\u00f3s, que queremos viver com o Senhor at\u00e9 o \u00faltimo suspiro de nossa vida, seremos arrebatados ao encontro d\u2019Ele nos ares.<\/strong> Essa ser\u00e1 a coisa mais linda que vai acontecer conosco! A Palavra de Deus, na Segunda Carta de S\u00e3o Pedro, diz que o Senhor n\u00e3o tarda a cumprir Sua promessa, como pensam alguns, achando que demora. Ele est\u00e1 usando de paci\u00eancia para conosco, pois n\u00e3o deseja que ningu\u00e9m se perca. Ao contr\u00e1rio, quer que todos se convertam (II Pedro 3,9).<\/p>\n<p>Pense: h\u00e1 vinte, dez, cinco ou um ano atr\u00e1s, se voc\u00ea morresse ou se o Senhor voltasse, voc\u00ea se salvaria? O Senhor n\u00e3o deseja que nos percamos; ao contr\u00e1rio, Ele quer que todos se salvem. E S\u00e3o Pedro nos d\u00e1 a dica: <em>\u201cSe desse modo tudo se vai desintegrar, qual n\u00e3o deve ser o vosso empenho numa vida santa e piedosa, enquanto esperais com anseio a vinda do Dia de Deus, quando os c\u00e9us em chama se v\u00e3o derreter, e os elementos, consumidos pelo fogo, se fundir\u00e3o\u201d<\/em> (II Pedro 3, 11 -12).<\/p>\n<p>Sobre a base de um homem lutador, cumpridor de suas obriga\u00e7\u00f5es e trabalhador \u00e9 que \u00e9 talhada a imagem de um homem crist\u00e3o. Segundo S\u00e3o Paulo, a vontade de Deus, para cada homem, para cada mulher, \u00e9 a nossa santifica\u00e7\u00e3o. E pela gra\u00e7a de Deus devemos ser santos. <em>\u201cQue santidade de vida, que respeito para com Deus?\u201d<\/em>, nossa sociedade atual desrespeita a Deus e os que s\u00e3o de Deus. A nossa santidade de vida apressar\u00e1 a vinda do Senhor, isso est\u00e1 claro nas Sagradas Escrituras (cf. 1 Cor 15).<\/p>\n<p>Em Sua primeira vinda, Jesus teve um mensageiro, um profeta para preparar o caminho d\u2019Ele, e nesta segunda, que ser\u00e1 a final, a derradeira, Ele n\u00e3o quer um profeta, quer muitos deles. Ele quer voc\u00ea como mensageiro do Senhor que vem. Precisamos acreditar, apostar na vinda do Senhor e anunciar essa gra\u00e7a por todos os meios que tivermos para apressarmos Sua vinda. E esta \u00e9 justamente a palavra de Jo\u00e3o Batista e deve ser a nossa: <em>\u201cPreparai os caminho do Senhor e endireitai suas estradas\u201d<\/em>. H\u00e1 tanta coisa torta em nossas vidas, fam\u00edlias, onde trabalhamos, em algumas realidades da Igreja, na pol\u00edtica, na educa\u00e7\u00e3o, na jurisprud\u00eancia e tudo isso precisa ser endireitado agora, enquanto h\u00e1 tempo! N\u00e3o vamos esperar que o Senhor venha e queime tudo com o Seu fogo! Isso n\u00e3o pode acontecer!<\/p>\n<p>Endireite as coisas entre voc\u00eas, casais e com os seus filhos. Voc\u00ea precisa ser uma pessoa vigorosa para arrastar seus pais, seus filhos e filhas para o Senhor. O tempo \u00e9 agora! Pe\u00e7amos ao Senhor vigor para salv\u00e1-los.<\/p>\n<p>Estamos aqui para, como Jo\u00e3o Batista, fazer novas todas as coisas com a ajuda do Senhor. O Senhor nos confiou esta tarefa. No finalzinho do Evangelho de hoje, S\u00e3o Jo\u00e3o afirma que ele n\u00e3o \u00e9 digno de amarrar as sand\u00e1lias do Senhor e que Ele viria e batizaria a todos com o Esp\u00edrito Santo. Jo\u00e3o fez a parte dele, batizou com \u00e1gua, mas n\u00f3s precisamos ir em busca do derramamento do Esp\u00edrito Santo para prepararmos os caminhos do Senhor.<\/p>\n<blockquote><p><strong>\u201cEndireite as coisas entre voc\u00eas, casais e com os seus filhos\u201d<\/strong>, exorta monsenhor Jonas<\/p><\/blockquote>\n<p>Tive a gra\u00e7a de conhecer um pastor evang\u00e9lico, que recebera o apelido carinhoso de \u201cmister Pentecostes\u201d, porque, aonde quer que ele fosse, falava dos dons do Esp\u00edrito Santo e instigava as pessoas a rezarem em l\u00ednguas. Ele era t\u00e3o importante que o Papa Jo\u00e3o XXIII o convidou para participar do Conc\u00edlio Vaticano II. Voc\u00ea precisa ser<em> \u201cmister Pentecostes<\/em>\u201d tamb\u00e9m, e n\u00e3o somente ter, mas cultivar a gra\u00e7a do batismo no Esp\u00edrito Santo. O batismo \u00e9 como uma flor que precisa ser cultivada, o Senhor quer que voc\u00ea o cultive, principalmente pelo uso dos dons do Esp\u00edrito.<\/p>\n<p>Os dons d\u2019Ele n\u00e3o s\u00e3o para poucos, s\u00e3o para todos. O crist\u00e3o que realiza o Evangelho em sua vida precisa cultivar os dons, deve utiliz\u00e1-los. Todos os dias eu oro em l\u00ednguas de manh\u00e3 e \u00e0 tarde, n\u00e3o fa\u00e7o mais que minha obriga\u00e7\u00e3o, essa \u00e9 uma necessidade, preciso regar a plantinha para ela n\u00e3o morrer. A ora\u00e7\u00e3o em l\u00ednguas \u00e9 como a \u00e1gua jogada na plantinha do batismo no Esp\u00edrito Santo. Pe\u00e7a:<strong> \u201cBatiza-me, Senhor, no Teu Esp\u00edrito\u201d.<\/strong><\/p>\n<p><strong><em>\u201cCaminhai nos meus caminhos e n\u00e3o vos desvieis, o mundo \u00e9 voraz e est\u00e1 \u00e0 vossa espreita. Caminhai nos meus caminhos, protejo-vos no meu cora\u00e7\u00e3o. Eu vos amo, n\u00e3o vos quero perder. Caminhai nos meus caminhos\u201d<\/em><\/strong> (Palavra de profecia dada ao monsenhor Jonas pelo Senhor ao final desta homilia).<\/p>\n<p>(<a href=\"http:\/\/eventos.cancaonova.com\/hosana-brasil-2014\/pregacoes\/mensageiros-do-senhor-que-vem\/\" target=\"_blank\">cancaonova.com<\/a>)<\/p>\n<p>&nbsp;<\/p>\n<hr \/>\n<p><img loading=\"lazy\" decoding=\"async\" src=\"http:\/\/blog.cancaonova.com\/cleberrodrigues\/files\/2014\/05\/fale-comigo.jpg\" alt=\"\" width=\"20\" height=\"20\" \/><strong>\u00a0Nota:<\/strong>\u00a0Esteja preparado(a)! Se preferir, ou\u00e7a em\u00a0<a href=\"http:\/\/d.sambavideos.sambatech.com\/account\/449\/3\/2014-12-19\/audio\/9e9d4a31da1dc574dbf5dfd3c8058253\/HOM_MENSAGEIROS_DO_SENHOR_QUE_VEM_MONS_JONAS_ABIB_071214.mp3\" target=\"_blank\">mp3<\/a>)<\/p>\n<hr \/>\n<p>&nbsp;<\/p>\n","protected":false},"excerpt":{"rendered":"<p>Realmente o Senhor sempre nos deu um instrumento maravilhoso para anunciarmos aquilo que Ele quer. \u201cE eis uma voz a clamar: \u2018Preparai o caminho, preparai o caminho do Senhor\u2019\u201d. Este \u00e9 o trecho de uma m\u00fasica que tamb\u00e9m diz: \u201cVejo&#8230;<\/p>\n","protected":false},"author":4539,"featured_media":0,"comment_status":"open","ping_status":"open","sticky":false,"template":"","format":"standard","meta":{"_mi_skip_tracking":false,"_monsterinsights_sitenote_active":false,"_monsterinsights_sitenote_note":"","_monsterinsights_sitenote_category":0,"footnotes":""},"categories":[4],"tags":[],"_links":{"self":[{"href":"https:\/\/blog.cancaonova.com\/cleberrodrigues\/wp-json\/wp\/v2\/posts\/3199"}],"collection":[{"href":"https:\/\/blog.cancaonova.com\/cleberrodrigues\/wp-json\/wp\/v2\/posts"}],"about":[{"href":"https:\/\/blog.cancaonova.com\/cleberrodrigues\/wp-json\/wp\/v2\/types\/post"}],"author":[{"embeddable":true,"href":"https:\/\/blog.cancaonova.com\/cleberrodrigues\/wp-json\/wp\/v2\/users\/4539"}],"replies":[{"embeddable":true,"href":"https:\/\/blog.cancaonova.com\/cleberrodrigues\/wp-json\/wp\/v2\/comments?post=3199"}],"version-history":[{"count":9,"href":"https:\/\/blog.cancaonova.com\/cleberrodrigues\/wp-json\/wp\/v2\/posts\/3199\/revisions"}],"predecessor-version":[{"id":3401,"href":"https:\/\/blog.cancaonova.com\/cleberrodrigues\/wp-json\/wp\/v2\/posts\/3199\/revisions\/3401"}],"wp:attachment":[{"href":"https:\/\/blog.cancaonova.com\/cleberrodrigues\/wp-json\/wp\/v2\/media?parent=3199"}],"wp:term":[{"taxonomy":"category","embeddable":true,"href":"https:\/\/blog.cancaonova.com\/cleberrodrigues\/wp-json\/wp\/v2\/categories?post=3199"},{"taxonomy":"post_tag","embeddable":true,"href":"https:\/\/blog.cancaonova.com\/cleberrodrigues\/wp-json\/wp\/v2\/tags?post=3199"}],"curies":[{"name":"wp","href":"https:\/\/api.w.org\/{rel}","templated":true}]}}