{"id":3346,"date":"2015-01-20T09:28:53","date_gmt":"2015-01-20T11:28:53","guid":{"rendered":"http:\/\/blog.cancaonova.com\/cleberrodrigues\/?p=3346"},"modified":"2015-01-20T09:34:13","modified_gmt":"2015-01-20T11:34:13","slug":"como-ter-dialogo-inter-religioso-entre-o-cristianismo-e-islamismo","status":"publish","type":"post","link":"https:\/\/blog.cancaonova.com\/cleberrodrigues\/como-ter-dialogo-inter-religioso-entre-o-cristianismo-e-islamismo\/","title":{"rendered":"Como ter di\u00e1logo inter-religioso entre o cristianismo e islamismo?"},"content":{"rendered":"<p><img loading=\"lazy\" decoding=\"async\" class=\"alignnone size-full wp-image-3347\" src=\"http:\/\/blog.cancaonova.com\/cleberrodrigues\/files\/2015\/01\/Papa-Francisco-visita-a-Turquia.jpg\" alt=\"Papa-Francisco-visita-a-Turquia\" width=\"797\" height=\"500\" srcset=\"https:\/\/blog.cancaonova.com\/cleberrodrigues\/files\/2015\/01\/Papa-Francisco-visita-a-Turquia.jpg 797w, https:\/\/blog.cancaonova.com\/cleberrodrigues\/files\/2015\/01\/Papa-Francisco-visita-a-Turquia-300x188.jpg 300w\" sizes=\"(max-width: 797px) 100vw, 797px\" \/><\/p>\n<p><strong>Neste tempo, adquire grande import\u00e2ncia a rela\u00e7\u00e3o com os crentes do Isl\u00e3o, hoje particularmente presentes em muitos pa\u00edses de tradi\u00e7\u00e3o crist\u00e3, onde podem celebrar livremente o seu culto e viver integrados na sociedade.<\/strong> N\u00e3o se deve jamais esquecer que eles \u00abprofessam seguir a f\u00e9 de Abra\u00e3o, e conosco adoram o Deus \u00fanico e misericordioso, que h\u00e1 de julgar os homens no \u00faltimo dia\u00bb. Os escritos sagrados do Isl\u00e3o conservam parte dos ensinamentos crist\u00e3os; Jesus Cristo e Maria s\u00e3o objeto de profunda venera\u00e7\u00e3o e \u00e9 admir\u00e1vel ver como jovens e idosos, mulheres e homens do Isl\u00e3o s\u00e3o capazes de dedicar diariamente tempo \u00e0 ora\u00e7\u00e3o e participar fielmente nos seus ritos religiosos.<!--moreContinue lendo...--><\/p>\n<p>Ao mesmo tempo, muitos deles t\u00eam uma profunda convic\u00e7\u00e3o de que a pr\u00f3pria vida, na sua totalidade, \u00e9 de Deus e para Deus. Reconhecem tamb\u00e9m a necessidade de lhe responder com um compromisso \u00e9tico e com a miseric\u00f3rdia para com os mais pobres.<strong> Para sustentar o di\u00e1logo com o Isl\u00e3o \u00e9 indispens\u00e1vel a adequada forma\u00e7\u00e3o dos interlocutores<\/strong>, n\u00e3o s\u00f3 para que estejam, s\u00f3lida e jubilosamente, radicados na sua identidade, mas tamb\u00e9m para que <strong>sejam capazes de reconhecer os valores dos outros<\/strong>, compreender as preocupa\u00e7\u00f5es que est\u00e3o por tr\u00e1s\u00a0\u00e0s suas reivindica\u00e7\u00f5es e fazer aparecer as convic\u00e7\u00f5es comuns.<\/p>\n<p><strong>N\u00f3s, crist\u00e3os, dever\u00edamos <span style=\"text-decoration: underline\">acolher com afeto<\/span> e respeito os imigrantes do Isl\u00e3o que chegam aos nossos pa\u00edses, tal como esperamos e pedimos para ser acolhidos e respeitados nos pa\u00edses de tradi\u00e7\u00e3o isl\u00e2mica.<\/strong> Rogo, imploro humildemente a esses pa\u00edses que assegurem liberdade aos crist\u00e3os para poderem celebrar o seu culto e viver a sua f\u00e9, tendo em conta a liberdade que os crentes do Isl\u00e3o gozam nos pa\u00edses ocidentais. <strong>Frente a epis\u00f3dios de fundamentalismo violento que nos preocupam, o afeto pelos verdadeiros crentes do Isl\u00e3o deve levar-nos a <span style=\"text-decoration: underline\">evitar odiosas generaliza\u00e7\u00f5es<\/span>, porque o verdadeiro Isl\u00e3o e uma interpreta\u00e7\u00e3o adequada do Alcor\u00e3o op\u00f5em-se a toda a viol\u00eancia.<\/strong><\/p>\n<p>Os n\u00e3o-crist\u00e3os fi\u00e9is \u00e0 sua consci\u00eancia podem, por gratuita iniciativa divina, viver \u00abjustificados por meio da gra\u00e7a de Deus\u00bb e, assim, \u00abassociados ao mist\u00e9rio pascal de Jesus Cristo\u00bb. Devido, por\u00e9m, \u00e0 dimens\u00e3o sacramental da gra\u00e7a santificante, a a\u00e7\u00e3o divina neles tende a produzir sinais, ritos, express\u00f5es sagradas que, por sua vez, envolvem outros numa experi\u00eancia comunit\u00e1ria do caminho para Deus. N\u00e3o t\u00eam o significado e a efic\u00e1cia dos Sacramentos institu\u00eddos por Cristo, mas podem ser canais que o pr\u00f3prio Esp\u00edrito suscita para libertar os n\u00e3o-crist\u00e3os do imanentismo ateu ou de experi\u00eancias religiosas meramente individuais. O mesmo Esp\u00edrito suscita por toda a parte diferentes formas de sabedoria pr\u00e1tica que ajudam a suportar as car\u00eancias da vida e a viver com mais paz e harmonia.<strong> N\u00f3s, crist\u00e3os, podemos tirar proveito tamb\u00e9m desta riqueza consolidada ao longo dos s\u00e9culos, que nos pode ajudar a viver melhor as nossas pr\u00f3prias convic\u00e7\u00f5es.<\/strong><\/p>\n<p><span style=\"color: #808080\"><i>Extra\u00eddo<\/i><\/span><em style=\"color: #808080\">\u00a0de &#8220;<a href=\"http:\/\/blog.cancaonova.com\/cleberrodrigues\/epub-exortacao-apostolica-evangelii-gaudium\/\">A Alegria do Evangelho<\/a>&#8221; de Papa Francisco (p.251 a 254)\u00a0<\/em><\/p>\n","protected":false},"excerpt":{"rendered":"<p>Neste tempo, adquire grande import\u00e2ncia a rela\u00e7\u00e3o com os crentes do Isl\u00e3o, hoje particularmente presentes em muitos pa\u00edses de tradi\u00e7\u00e3o crist\u00e3, onde podem celebrar livremente o seu culto e viver integrados na sociedade. N\u00e3o se deve jamais esquecer que eles&#8230;<\/p>\n","protected":false},"author":4539,"featured_media":0,"comment_status":"open","ping_status":"open","sticky":false,"template":"","format":"standard","meta":{"_mi_skip_tracking":false,"_monsterinsights_sitenote_active":false,"_monsterinsights_sitenote_note":"","_monsterinsights_sitenote_category":0,"footnotes":""},"categories":[4],"tags":[],"_links":{"self":[{"href":"https:\/\/blog.cancaonova.com\/cleberrodrigues\/wp-json\/wp\/v2\/posts\/3346"}],"collection":[{"href":"https:\/\/blog.cancaonova.com\/cleberrodrigues\/wp-json\/wp\/v2\/posts"}],"about":[{"href":"https:\/\/blog.cancaonova.com\/cleberrodrigues\/wp-json\/wp\/v2\/types\/post"}],"author":[{"embeddable":true,"href":"https:\/\/blog.cancaonova.com\/cleberrodrigues\/wp-json\/wp\/v2\/users\/4539"}],"replies":[{"embeddable":true,"href":"https:\/\/blog.cancaonova.com\/cleberrodrigues\/wp-json\/wp\/v2\/comments?post=3346"}],"version-history":[{"count":4,"href":"https:\/\/blog.cancaonova.com\/cleberrodrigues\/wp-json\/wp\/v2\/posts\/3346\/revisions"}],"predecessor-version":[{"id":3351,"href":"https:\/\/blog.cancaonova.com\/cleberrodrigues\/wp-json\/wp\/v2\/posts\/3346\/revisions\/3351"}],"wp:attachment":[{"href":"https:\/\/blog.cancaonova.com\/cleberrodrigues\/wp-json\/wp\/v2\/media?parent=3346"}],"wp:term":[{"taxonomy":"category","embeddable":true,"href":"https:\/\/blog.cancaonova.com\/cleberrodrigues\/wp-json\/wp\/v2\/categories?post=3346"},{"taxonomy":"post_tag","embeddable":true,"href":"https:\/\/blog.cancaonova.com\/cleberrodrigues\/wp-json\/wp\/v2\/tags?post=3346"}],"curies":[{"name":"wp","href":"https:\/\/api.w.org\/{rel}","templated":true}]}}