{"id":3532,"date":"2015-03-19T09:47:34","date_gmt":"2015-03-19T12:47:34","guid":{"rendered":"http:\/\/blog.cancaonova.com\/cleberrodrigues\/musicas-sobre-sao-jose\/"},"modified":"2016-03-10T14:15:14","modified_gmt":"2016-03-10T17:15:14","slug":"musicas-sobre-sao-jose","status":"publish","type":"post","link":"https:\/\/blog.cancaonova.com\/cleberrodrigues\/musicas-sobre-sao-jose\/","title":{"rendered":"M\u00fasicas sobre S\u00e3o Jos\u00e9"},"content":{"rendered":"<p><img loading=\"lazy\" decoding=\"async\" class=\"alignnone size-full wp-image-3801\" src=\"http:\/\/blog.cancaonova.com\/cleberrodrigues\/files\/2015\/03\/musicas-sobre-sao-jose-joseph-songs-church.png\" alt=\"musicas-sobre-sao-jose-joseph-songs-church\" width=\"722\" height=\"407\" srcset=\"https:\/\/blog.cancaonova.com\/cleberrodrigues\/files\/2015\/03\/musicas-sobre-sao-jose-joseph-songs-church.png 722w, https:\/\/blog.cancaonova.com\/cleberrodrigues\/files\/2015\/03\/musicas-sobre-sao-jose-joseph-songs-church-300x169.png 300w\" sizes=\"(max-width: 722px) 100vw, 722px\" \/><\/p>\n<p>Hoje, compartilho com voc\u00ea uma\u00a0&#8220;sele\u00e7\u00e3o especial&#8221;\u00a0de m\u00fasicas em devo\u00e7\u00e3o a S\u00e3o Jos\u00e9 para voc\u00ea ouvir, rezar e compartilhar. Pe\u00e7amos a ele, a intercess\u00e3o\u00a0cotidiana &#8211; de modo especial, a todos os homens. Valei-nos, S\u00e3o Jos\u00e9!<!--moreContinue para ouvir...--><iframe loading=\"lazy\" width=\"100%\" height=\"120\" src=\"https:\/\/www.mixcloud.com\/widget\/iframe\/?feed=https%3A%2F%2Fwww.mixcloud.com%2Fcleberdossantosrodrigues%2Fm%25C3%25BAsicas-sobre-s%25C3%25A3o-jos%25C3%25A9-brazilian-songs-about-st-joseph%2F&hide_cover=1&hide_artwork=1&light=1\" frameborder=\"0\"><\/iframe><\/p>\n<p class=\"fake-active\"><strong>\u266b M\u00fasicas: <\/strong>1) \u201cSou f\u00e3 de S\u00e3o Jos\u00e9\u201d (Dalvimar Galo) \/ 2)\u00a0\u201cHino \u00e0 S\u00e3o Jos\u00e9\u201d \/ 3)\u00a0\u201cJos\u00e9\u201d (Mons Jonas Abib) \/ 4)\u00a0\u201cSimples Jos\u00e9\u201d (Padre F\u00e1bio de Melo) \/ 5)\u00a0\u201cValei-me S\u00e3o Jos\u00e9\u201d (Ricardo S\u00e1) \/ 6)\u00a0\u201cS\u00e3o Jos\u00e9\u201d (It\u00e1lo e Renno)<\/p>\n<div class=\"socialmedia-bottom\">\n<p><strong>Nota: <\/strong><em>As m\u00fasicas foram disponibilizadas somente para finalidade devocional e para divulga\u00e7\u00e3o. Colabore com os autores e adquira os \u00e1lbuns originais na loja de sua prefer\u00eancia.\u00a0Disclaimer: The songs were available only for devotional purposes and for disclosure. Collaborate with authors and get the original albums in the store of your choice.<\/em><\/p>\n<p><strong>Leia mais<\/strong> sobre este assunto\u00a0<a href=\"http:\/\/blog.cancaonova.com\/cleberrodrigues\/especial-sao-jose-justo-e-fiel\/\" target=\"_blank\">aqui<\/a>\u00a0e\u00a0<a href=\"http:\/\/blog.cancaonova.com\/cleberrodrigues\/pregacoes-sobre-sao-jose\/\" target=\"_blank\">aqui<\/a>.<\/p>\n<p>Que Deus te aben\u00e7oe!<\/p>\n<p><strong>Um abra\u00e7o,<\/strong><br \/>\n<strong>Cleber Rodrigues<\/strong><\/p>\n<\/div>\n","protected":false},"excerpt":{"rendered":"<p>Hoje, compartilho com voc\u00ea uma\u00a0&#8220;sele\u00e7\u00e3o especial&#8221;\u00a0de m\u00fasicas em devo\u00e7\u00e3o a S\u00e3o Jos\u00e9 para voc\u00ea ouvir, rezar e compartilhar. Pe\u00e7amos a ele, a intercess\u00e3o\u00a0cotidiana &#8211; de modo especial, a todos os homens. Valei-nos, S\u00e3o Jos\u00e9!<\/p>\n","protected":false},"author":4539,"featured_media":0,"comment_status":"open","ping_status":"open","sticky":false,"template":"","format":"standard","meta":{"_mi_skip_tracking":false,"_monsterinsights_sitenote_active":false,"_monsterinsights_sitenote_note":"","_monsterinsights_sitenote_category":0,"footnotes":""},"categories":[70],"tags":[],"_links":{"self":[{"href":"https:\/\/blog.cancaonova.com\/cleberrodrigues\/wp-json\/wp\/v2\/posts\/3532"}],"collection":[{"href":"https:\/\/blog.cancaonova.com\/cleberrodrigues\/wp-json\/wp\/v2\/posts"}],"about":[{"href":"https:\/\/blog.cancaonova.com\/cleberrodrigues\/wp-json\/wp\/v2\/types\/post"}],"author":[{"embeddable":true,"href":"https:\/\/blog.cancaonova.com\/cleberrodrigues\/wp-json\/wp\/v2\/users\/4539"}],"replies":[{"embeddable":true,"href":"https:\/\/blog.cancaonova.com\/cleberrodrigues\/wp-json\/wp\/v2\/comments?post=3532"}],"version-history":[{"count":12,"href":"https:\/\/blog.cancaonova.com\/cleberrodrigues\/wp-json\/wp\/v2\/posts\/3532\/revisions"}],"predecessor-version":[{"id":3803,"href":"https:\/\/blog.cancaonova.com\/cleberrodrigues\/wp-json\/wp\/v2\/posts\/3532\/revisions\/3803"}],"wp:attachment":[{"href":"https:\/\/blog.cancaonova.com\/cleberrodrigues\/wp-json\/wp\/v2\/media?parent=3532"}],"wp:term":[{"taxonomy":"category","embeddable":true,"href":"https:\/\/blog.cancaonova.com\/cleberrodrigues\/wp-json\/wp\/v2\/categories?post=3532"},{"taxonomy":"post_tag","embeddable":true,"href":"https:\/\/blog.cancaonova.com\/cleberrodrigues\/wp-json\/wp\/v2\/tags?post=3532"}],"curies":[{"name":"wp","href":"https:\/\/api.w.org\/{rel}","templated":true}]}}