{"id":3952,"date":"2016-05-05T16:48:27","date_gmt":"2016-05-05T19:48:27","guid":{"rendered":"http:\/\/blog.cancaonova.com\/cleberrodrigues\/?p=3952"},"modified":"2016-05-05T16:56:27","modified_gmt":"2016-05-05T19:56:27","slug":"testemunho-sou-um-milagre-estou-aqui-rodrigo-ferreira","status":"publish","type":"post","link":"https:\/\/blog.cancaonova.com\/cleberrodrigues\/testemunho-sou-um-milagre-estou-aqui-rodrigo-ferreira\/","title":{"rendered":"Testemunho: \"Sou um milagre, estou aqui!\" (Rodrigo Ferreira)"},"content":{"rendered":"<p><img loading=\"lazy\" decoding=\"async\" class=\"alignnone size-full wp-image-3954\" src=\"http:\/\/blog.cancaonova.com\/cleberrodrigues\/files\/2016\/05\/testemunho-sou-um-milagre-estou-aqui-cleber-rodrigues-cancao-nova.png\" alt=\"testemunho-sou-um-milagre-estou-aqui-cleber-rodrigues-cancao-nova\" width=\"722\" height=\"407\" srcset=\"https:\/\/blog.cancaonova.com\/cleberrodrigues\/files\/2016\/05\/testemunho-sou-um-milagre-estou-aqui-cleber-rodrigues-cancao-nova.png 722w, https:\/\/blog.cancaonova.com\/cleberrodrigues\/files\/2016\/05\/testemunho-sou-um-milagre-estou-aqui-cleber-rodrigues-cancao-nova-300x169.png 300w\" sizes=\"(max-width: 722px) 100vw, 722px\" \/><\/p>\n<p>Nest post, compartilho hoje com voc\u00ea o testemunho de f\u00e9 e supera\u00e7\u00e3o do ministro de m\u00fasica <strong>Rodrigo Ferreira<\/strong> durante o <strong>Acampamento PHN 2014<\/strong>, que aconteceu na sede da <strong>Comunidade Can\u00e7\u00e3o Nova<\/strong>. Ele testemunha que, com 23 anos, viveu uma grande perda em sua vida com o falecimento de sua esposa. Testemunhar \u00e9 reconhecer a fidelidade de Deus em nossa vida!<!--moreContinue lendo...--><\/p>\n<p><strong>Confira o testemunho, na \u00edntegra, e saiba como Rodrigo superou a morte da sua esposa:<\/strong><\/p>\n<iframe loading=\"lazy\" width=\"100%\" height=\"120\" src=\"https:\/\/www.mixcloud.com\/widget\/iframe\/?feed=https%3A%2F%2Fwww.mixcloud.com%2Fcleberdossantosrodrigues%2Ftestemunho-sou-um-milagre-estou-aqui-rodrigo-ferreira%2F&hide_cover=1&hide_artwork=1&light=1\" frameborder=\"0\"><\/iframe>\n<p><em>\u201cQuando me casei com a Erika foi a realiza\u00e7\u00e3o de um sonho. Casei-me com ela no ano de 1997 e, com quatro meses de casamento, minha esposa ficou gr\u00e1vida, e tivemos nossa filha, Vit\u00f3ria. Estava realizado e muito feliz! Cinco meses depois que minha filha nasceu, sa\u00ed em miss\u00e3o e deixei minha esposa e minha filha em casa, quando estava na miss\u00e3o recebi uma liga\u00e7\u00e3o informando-me que minha esposa estava internada. Voltei \u00e0 minha cidade e, quando cheguei ao hospital, recebi a not\u00edcia de que minha esposa havia falecido. Na noite do dia 26 novembro de 1998 o meu ch\u00e3o sumiu, t\u00ednhamos apenas 23 anos de idade e uma filha de 5 meses.\u00a0<\/em><em>(&#8230;) Foram muitas noites escuras e tristes que eu vivi. Tive que cuidar da minha filha sozinho. Eu n\u00e3o abandonei minha miss\u00e3o, nem abandonei minha filha, permaneci guerreiro. Contudo, nem sempre foi f\u00e1cil continuar minha miss\u00e3o. Mas fui guerreiro e superei!\u201d \u00a0Conhe\u00e7a a p\u00e1gina oficial do <a href=\"http:\/\/www.fb.com\/rodrigoferreiramissionario\" target=\"_blank\">Rodrigo Oliveira<\/a>\u00a0(Miss\u00e3o Louvor e Gl\u00f3ria)<\/em><\/p>\n<p>&nbsp;<\/p>\n<p><strong>Leia mais<\/strong>\u00a0conte\u00fados do <strong>PHN 2014<\/strong> <a href=\"http:\/\/blog.cancaonova.com\/cleberrodrigues\/mp3-faco-repousar-sobre-ele-o-meu-espirito-monsenhor-jonas-abib\/\">aqui<\/a>\u00a0e\u00a0<a href=\"http:\/\/blog.cancaonova.com\/cleberrodrigues\/forte-e-santo-emanuel-stenio\/\">aqui<\/a>.<\/p>\n<p>Que Deus te aben\u00e7oe!<\/p>\n<p><strong>Um abra\u00e7o,<\/strong><br \/>\n<strong> Cleber Rodrigues<\/strong><\/p>\n<div id=\"fb-root\"><\/div>\r\n<script>(function(d, s, id) {\r\n  var js, fjs = d.getElementsByTagName(s)[0];\r\n  if (d.getElementById(id)) return;\r\n  js = d.createElement(s); js.id = id;\r\n  js.src = \"\/\/connect.facebook.net\/pt_BR\/sdk.js#xfbml=1&version=v2.6&appId=504889352976043\";\r\n  fjs.parentNode.insertBefore(js, fjs);\r\n}(document, 'script', 'facebook-jssdk'));<\/script>\r\n<div class=\"fb-comments\" data-href=\"https:\/\/blog.cancaonova.com\/cleberrodrigues\/testemunho-sou-um-milagre-estou-aqui-rodrigo-ferreira\/\" data-numposts=\"5\"><\/div>\n","protected":false},"excerpt":{"rendered":"<p>Nest post, compartilho hoje com voc\u00ea o testemunho de f\u00e9 e supera\u00e7\u00e3o do ministro de m\u00fasica Rodrigo Ferreira durante o Acampamento PHN 2014, que aconteceu na sede da Comunidade Can\u00e7\u00e3o Nova. Ele testemunha que, com 23 anos, viveu uma grande&#8230;<\/p>\n","protected":false},"author":4539,"featured_media":0,"comment_status":"open","ping_status":"open","sticky":false,"template":"","format":"standard","meta":{"_mi_skip_tracking":false,"_monsterinsights_sitenote_active":false,"_monsterinsights_sitenote_note":"","_monsterinsights_sitenote_category":0,"footnotes":""},"categories":[1291,151450,32,161661],"tags":[],"_links":{"self":[{"href":"https:\/\/blog.cancaonova.com\/cleberrodrigues\/wp-json\/wp\/v2\/posts\/3952"}],"collection":[{"href":"https:\/\/blog.cancaonova.com\/cleberrodrigues\/wp-json\/wp\/v2\/posts"}],"about":[{"href":"https:\/\/blog.cancaonova.com\/cleberrodrigues\/wp-json\/wp\/v2\/types\/post"}],"author":[{"embeddable":true,"href":"https:\/\/blog.cancaonova.com\/cleberrodrigues\/wp-json\/wp\/v2\/users\/4539"}],"replies":[{"embeddable":true,"href":"https:\/\/blog.cancaonova.com\/cleberrodrigues\/wp-json\/wp\/v2\/comments?post=3952"}],"version-history":[{"count":5,"href":"https:\/\/blog.cancaonova.com\/cleberrodrigues\/wp-json\/wp\/v2\/posts\/3952\/revisions"}],"predecessor-version":[{"id":3958,"href":"https:\/\/blog.cancaonova.com\/cleberrodrigues\/wp-json\/wp\/v2\/posts\/3952\/revisions\/3958"}],"wp:attachment":[{"href":"https:\/\/blog.cancaonova.com\/cleberrodrigues\/wp-json\/wp\/v2\/media?parent=3952"}],"wp:term":[{"taxonomy":"category","embeddable":true,"href":"https:\/\/blog.cancaonova.com\/cleberrodrigues\/wp-json\/wp\/v2\/categories?post=3952"},{"taxonomy":"post_tag","embeddable":true,"href":"https:\/\/blog.cancaonova.com\/cleberrodrigues\/wp-json\/wp\/v2\/tags?post=3952"}],"curies":[{"name":"wp","href":"https:\/\/api.w.org\/{rel}","templated":true}]}}