{"id":814,"date":"2014-03-23T00:53:55","date_gmt":"2014-03-23T03:53:55","guid":{"rendered":"http:\/\/blog.cancaonova.com\/cleberrodrigues\/?p=814"},"modified":"2015-04-29T15:14:09","modified_gmt":"2015-04-29T18:14:09","slug":"temos-um-deus-que-e-nosso-pai","status":"publish","type":"post","link":"https:\/\/blog.cancaonova.com\/cleberrodrigues\/temos-um-deus-que-e-nosso-pai\/","title":{"rendered":"Temos um Deus que \u00e9 Nosso Pai"},"content":{"rendered":"<p>Ol\u00e1! Neste post, compartilho com voc\u00ea um trecho da homilia\u00a0&#8220;<a href=\"http:\/\/www.cancaonova.com\/portal\/canais\/eventos\/novoeventos\/cobertura.php?cod=2923&amp;pre=8305&amp;tit=Temos%20um%20Deus%20que%20%E9%20Nosso%20Pai\" target=\"_blank\">Temos um Deus que \u00e9 Nosso Pai<\/a>&#8221;\u00a0do Padre Jos\u00e9 Augusto realizada dia 22\/03\/14, durante o <a title=\"Acampamento Jovens Sarados\" href=\"http:\/\/www.cancaonova.com\/portal\/canais\/eventos\/novoeventos\/cobertura.php?cob=2923&amp;tit=Acampamento%20Jovens%20Sarados\" target=\"_blank\">Acampamento Jovens Sarados<\/a>, na Comunidade Can\u00e7\u00e3o Nova, em Cachoeira Paulista(SP).<\/p>\n<p><img loading=\"lazy\" decoding=\"async\" class=\"alignleft  wp-image-828\" style=\"margin-right: 10px\" src=\"http:\/\/blog.cancaonova.com\/cleberrodrigues\/files\/2014\/03\/padre-jose-augusto-cancao-nova.jpg\" alt=\"padre-jose-augusto-cancao-nova\" width=\"360\" height=\"270\" srcset=\"https:\/\/blog.cancaonova.com\/cleberrodrigues\/files\/2014\/03\/padre-jose-augusto-cancao-nova.jpg 444w, https:\/\/blog.cancaonova.com\/cleberrodrigues\/files\/2014\/03\/padre-jose-augusto-cancao-nova-300x225.jpg 300w\" sizes=\"(max-width: 360px) 100vw, 360px\" \/><strong>&#8220;Acreditamos pela f\u00e9, somos provados na F\u00e9. Seria t\u00e3o bom se Deus aparecesse, mas Deus n\u00e3o vai aparecer. Pela f\u00e9 estamos aqui e acreditamos que Ele existe. <\/strong>(&#8230;)\u00a0<strong>Voc\u00ea sabia que Deus n\u00e3o for\u00e7a ningu\u00e9m a nada? Se eu matar algu\u00e9m, Deus \u00e9 o culpado? Claro que n\u00e3o! Eu matei na liberdade. Em nossa liberdade toda vez que fazemos alguma coisa errada, Deus diz: &#8216;N\u00e3o fa\u00e7a&#8217;! <\/strong>\u00a0(&#8230;)<strong> Na confiss\u00e3o muitos dizem:<strong>&#8216;<\/strong>Ca\u00ed no pecado da masturba\u00e7\u00e3o<strong>&#8216;<\/strong>;<strong>&#8216;<\/strong>Ca\u00ed na sexualidade<strong>&#8216;<\/strong>;<strong>&#8216;<\/strong>Assisti v\u00eddeos pornogr\u00e1ficos.<strong>&#8216;<\/strong> Pergunto:<strong>&#8216;<\/strong>Porqu\u00ea voc\u00ea cai?<strong>&#8216;<\/strong> N\u00e3o \u00e9 por tenta\u00e7\u00e3o, nem porque \u00e9 jovem, menos ainda porque n\u00e3o reza. \u00c9 porque voc\u00ea gosta! Se voc\u00ea comete o pecado, voc\u00ea ofende a Jesus. Prove que voc\u00ea ama a Cristo, e n\u00e3o fa\u00e7a! <\/strong>(&#8230;)<strong> Decida-se a partir de hoje fazer da sua vida o que quiser, e fique com Deus para sempre!\u201d\u00a0<\/strong>diz Padre Jos\u00e9 Augusto.<\/p>\n<p>Como diz a express\u00e3o popular: &#8220;durma com esse barulho!&#8221; Pude\u00a0acompanhar ao vivo pela TV Can\u00e7\u00e3o Nova e partilho que as exorta\u00e7\u00f5es me ajudaram a retomar o ardor pela santidade, a perseverar na caminhada crist\u00e3 e ousar ainda mais nas minhas atividades de evangeliza\u00e7\u00e3o. Conto com voc\u00ea e voc\u00ea pode contar comigo: estamos juntos na luta! Assim, pra quem gosta (ou n\u00e3o) de suas prega\u00e7\u00f5es: recomendo ouvir na \u00edntegra!<\/p>\n<h3><img loading=\"lazy\" decoding=\"async\" src=\"http:\/\/blog.cancaonova.com\/cleberrodrigues\/files\/2014\/02\/ico-audio.jpg\" alt=\"ico-audio\" width=\"25\" height=\"20\" \/> Ou\u00e7a: \u201cTemos um Deus que \u00e9 nosso Pai\u201d (Pe Jos\u00e9 Augusto)<\/h3>\n<p><!--more Continue lendo...--><\/p>\n<p><iframe loading=\"lazy\" width=\"350\" height=\"50\" src=\"https:\/\/fast.player.liquidplatform.com\/pApiv2\/embed\/4b315cccb0551df0ffa7621dce36a0ec\/c00a5555c60e64880d4a236776ea29aa\" scrolling=\"no\" frameborder=\"0\"><\/iframe><br \/>\n<img loading=\"lazy\" decoding=\"async\" src=\"http:\/\/blog.cancaonova.com\/cleberrodrigues\/files\/2014\/03\/ico-celular.jpg\" alt=\"ico-celular\" width=\"18\" height=\"25\" \/>\u00a0MP3: Baixe aqui\u00a0a <a href=\"http:\/\/d.sambavideos.sambatech.com\/account\/449\/3\/2014-03-23\/audio\/8499fae27a26be010a75521ec2dd2a80\/HOMILIA_TEMOS_UM_DEUS_QUE_E_NOSSO_PAI_JOSE_AUGUSTO_220314.mp3\" target=\"_blank\">vers\u00e3o normal<\/a> (52,7mb) ou a <a href=\"https:\/\/dl.dropboxusercontent.com\/s\/2i8a8djt9ws1hym\/low%20HOMILIA%20TEMOS%20UM%20DEUS%20QUE%20E%20NOSSO%20PAI%20JOSE%20AUGUSTO%20220314.mp3?dl=1&amp;token_hash=AAH5JEkYRkGf4Jmk5HWW3K3C_pcf9VL8uIsaube79yQvHw\" target=\"_blank\">vers\u00e3o leve<\/a> (6,6mb) e compartilhe via <em>Whatsapp\u00a0\u00ae <\/em><span style=\"color: #ff0000\"><sup>novo<\/sup><\/span><\/p>\n<p>&nbsp;<\/p>\n<p><strong><span style=\"font-size: 14px;line-height: 1.5em\">Curtiu a publica\u00e7\u00e3o deste \u00e1udio? Escreva abaixo seu coment\u00e1rio.<\/span><\/strong><\/p>\n<p>Ah! Importante dizer: voc\u00ea t\u00e1 ligado(a) que a Can\u00e7\u00e3o Nova sobrevive de doa\u00e7\u00f5es e das vendas dos produtos com conte\u00fado de evangeliza\u00e7\u00e3o, n\u00e9? Ent\u00e3o, apesar desta homilia estar dispon\u00edvel aqui <a title=\"Adquira essa prega\u00e7\u00e3o\" href=\"http:\/\/loja.cancaonova.com\/products\/27813-dvd-homilia-escolha-voltar-para-casa-do-pai\" target=\"_blank\">adquira-a<\/a> ou <a title=\"Fa\u00e7a sua doa\u00e7\u00e3o\" href=\"http:\/\/clube.cancaonova.com\/bradesco\/busca_socio_cod_.php?cod=1\" target=\"_blank\">contribua<\/a> como puder com a Can\u00e7\u00e3o Nova. Mensalmente, contamos com sua ajuda.<\/p>\n<p>At\u00e9 logo. Que Deus te aben\u00e7oe.<\/p>\n<p>Veja tamb\u00e9m:<\/p>\n<ul>\n<li><a title=\"Ora\u00e7\u00e3o pelo Precioso Sangue de Jesus\" href=\"http:\/\/blog.cancaonova.com\/cleberrodrigues\/oracao-pelo-precioso-sangue-de-jesus\/\">Ora\u00e7\u00e3o pelo Precioso Sangue de Jesus<\/a><\/li>\n<li><a title=\"E quando o sofrimento bater \u00e0 sua porta?\" href=\"http:\/\/blog.cancaonova.com\/cleberrodrigues\/e-quando-o-sofrimento-bater-a-sua-porta\/\">E quando o sofrimento bater \u00e0 sua porta?<\/a><\/li>\n<li><a title=\"Como escolher entre a f\u00e9 e a raz\u00e3o?\" href=\"http:\/\/blog.cancaonova.com\/cleberrodrigues\/como-escolher-entre-a-fe-e-a-razao\/\">Como escolher entre a f\u00e9 e a raz\u00e3o?<\/a><\/li>\n<\/ul>\n<p>&nbsp;<\/p>\n<p>Siga<strong> @CleberRodrigues<\/strong><br \/>\nComunidade Can\u00e7\u00e3o Nova<\/p>\n<p><span style=\"font-size: 14px;line-height: 1.5em\"><div id=\"fb-root\"><\/div>\r\n<script>(function(d, s, id) {\r\n  var js, fjs = d.getElementsByTagName(s)[0];\r\n  if (d.getElementById(id)) return;\r\n  js = d.createElement(s); js.id = id;\r\n  js.src = \"\/\/connect.facebook.net\/pt_BR\/all.js#xfbml=1\";\r\n  fjs.parentNode.insertBefore(js, fjs);\r\n}(document, 'script', 'facebook-jssdk'));<\/script><div class=\"fb-comments\" data-href=\"https:\/\/blog.cancaonova.com\/cleberrodrigues\/temos-um-deus-que-e-nosso-pai\/\" data-numposts=\"5\" data-colorscheme=\"light\"><\/div><\/span><\/p>\n<p>&nbsp;<\/p>\n","protected":false},"excerpt":{"rendered":"<p>Ol\u00e1! Neste post, compartilho com voc\u00ea um trecho da homilia\u00a0&#8220;Temos um Deus que \u00e9 Nosso Pai&#8221;\u00a0do Padre Jos\u00e9 Augusto realizada dia 22\/03\/14, durante o Acampamento Jovens Sarados, na Comunidade Can\u00e7\u00e3o Nova, em Cachoeira Paulista(SP). &#8220;Acreditamos pela f\u00e9, somos provados na&#8230;<\/p>\n","protected":false},"author":4539,"featured_media":0,"comment_status":"open","ping_status":"open","sticky":false,"template":"","format":"standard","meta":{"_mi_skip_tracking":false,"_monsterinsights_sitenote_active":false,"_monsterinsights_sitenote_note":"","_monsterinsights_sitenote_category":0,"footnotes":""},"categories":[151450],"tags":[],"_links":{"self":[{"href":"https:\/\/blog.cancaonova.com\/cleberrodrigues\/wp-json\/wp\/v2\/posts\/814"}],"collection":[{"href":"https:\/\/blog.cancaonova.com\/cleberrodrigues\/wp-json\/wp\/v2\/posts"}],"about":[{"href":"https:\/\/blog.cancaonova.com\/cleberrodrigues\/wp-json\/wp\/v2\/types\/post"}],"author":[{"embeddable":true,"href":"https:\/\/blog.cancaonova.com\/cleberrodrigues\/wp-json\/wp\/v2\/users\/4539"}],"replies":[{"embeddable":true,"href":"https:\/\/blog.cancaonova.com\/cleberrodrigues\/wp-json\/wp\/v2\/comments?post=814"}],"version-history":[{"count":35,"href":"https:\/\/blog.cancaonova.com\/cleberrodrigues\/wp-json\/wp\/v2\/posts\/814\/revisions"}],"predecessor-version":[{"id":2708,"href":"https:\/\/blog.cancaonova.com\/cleberrodrigues\/wp-json\/wp\/v2\/posts\/814\/revisions\/2708"}],"wp:attachment":[{"href":"https:\/\/blog.cancaonova.com\/cleberrodrigues\/wp-json\/wp\/v2\/media?parent=814"}],"wp:term":[{"taxonomy":"category","embeddable":true,"href":"https:\/\/blog.cancaonova.com\/cleberrodrigues\/wp-json\/wp\/v2\/categories?post=814"},{"taxonomy":"post_tag","embeddable":true,"href":"https:\/\/blog.cancaonova.com\/cleberrodrigues\/wp-json\/wp\/v2\/tags?post=814"}],"curies":[{"name":"wp","href":"https:\/\/api.w.org\/{rel}","templated":true}]}}