{"id":15388,"date":"2013-08-01T07:00:45","date_gmt":"2013-08-01T10:00:45","guid":{"rendered":"http:\/\/blog.cancaonova.com\/conquista\/?p=15388"},"modified":"2013-06-04T10:57:46","modified_gmt":"2013-06-04T13:57:46","slug":"vocacao-um-chamado-de-deus","status":"publish","type":"post","link":"https:\/\/blog.cancaonova.com\/conquista\/2013\/08\/01\/vocacao-um-chamado-de-deus\/","title":{"rendered":"Voca\u00e7\u00e3o - um chamado de Deus"},"content":{"rendered":"<div>\n<div style=\"text-align: right\">Can\u00e7\u00e3o Nova<\/div>\n<div><img loading=\"lazy\" decoding=\"async\" class=\"alignright\" src=\"http:\/\/img.cancaonova.com\/noticias\/noticia\/286943.jpg\" alt=\"\" width=\"286\" height=\"320\" \/><\/div>\n<div style=\"text-align: center\"><strong>Voca\u00e7\u00e3o &#8211; Chamado de Deus<\/strong><\/div>\n<div>&#8216;Toda voca\u00e7\u00e3o come\u00e7a simples e pequena quando eu me dedico ao que Deus me pede no momento&#8217;, diz padre Carlos<\/div>\n<\/div>\n<div>\n<p>Para os cat\u00f3licos, agosto \u00e9 o m\u00eas das voca\u00e7\u00f5es, o per\u00edodo de celebrar o chamado que Deus faz para cada um, convidando ao exerc\u00edcio da ordem ou \u00e0 vida em fam\u00edlia, por exemplo. Seja qual for a voca\u00e7\u00e3o, ela existe e vai sendo descoberta aos poucos.<\/p>\n<p>Para o padre Carlos Alberto Victal, da Comunidade Can\u00e7\u00e3o Nova, a dedica\u00e7\u00e3o de um m\u00eas inteiro para falar sobre voca\u00e7\u00e3o \u00e9 um trabalho vocacional da Igreja no Brasil. O objetivo \u00e9 valorizar o chamado de Deus para cada um de seus filhos, em especial os batizados, que s\u00e3o chamados a evangelizar.<\/p>\n<p>A cada semana deste m\u00eas, os cat\u00f3licos refletem sobre determinado tipo de voca\u00e7\u00e3o. <!--more Leia mais ... -->No primeiro Domingo, celebra-se a voca\u00e7\u00e3o dos Ministros Ordenados (bispos, padres e di\u00e1conos). No segundo, a voca\u00e7\u00e3o da Vida em Fam\u00edlia (em sintonia com a Semana Nacional da Fam\u00edlia).<\/p>\n<p>J\u00e1 no terceiro domingo, a Igreja volta as aten\u00e7\u00f5es para a voca\u00e7\u00e3o da Vida Consagrada, que inclui religiosas, religiosos, leigas e leigos consagrados. No \u00faltimo domingo do m\u00eas, \u00e9 a vez de celebrar a voca\u00e7\u00e3o dos Ministros N\u00e3o Ordenados (todos os crist\u00e3os leigos e leigas).<\/p>\n<p>\u201cTudo isso para valorizar o chamado que Deus faz a cada crist\u00e3o, a cada batizado, a trabalhar no seu Reino para que este seja constru\u00eddo de forma intensa com o trabalho de cada um que d\u00e1 o seu \u2018sim\u2019 a este chamado\u201d, enfatizou padre Carlos.<\/p>\n<p>O sacerdote informou que a palavra \u2018voca\u00e7\u00e3o\u2019 vem do latim\u00a0<em>vocare<\/em>, que significa chamado. Com esse chamamento, Deus convida todos a participarem da implanta\u00e7\u00e3o de seu Reino, cada um a seu modo. \u201cCada um na sua forma de vida, mas dedicando-se ao trabalho no Reino de Deus. Ou seja, eu dou o meu \u2018sim\u2019 e colaboro para a constru\u00e7\u00e3o do Reino de Deus onde Ele me chama\u201d.<\/p>\n<p>E aqueles que t\u00eam dificuldade em descobrir qual \u00e9 a sua voca\u00e7\u00e3o n\u00e3o precisam se preocupar. De acordo com padre Carlos, a voca\u00e7\u00e3o vai sendo descoberta conforme a pessoa vai caminhando na vida e ficando atenta ao que Deus lhe fala.<\/p>\n<p>\u201cPenso que a voca\u00e7\u00e3o vai construindo-se \u00e0 medida que eu vou respondendo \u2018sim\u2019 aos apelos do Senhor. Hoje, Deus me pede para dar catequese, ent\u00e3o eu dedico minha vida a isso. Depois eu vejo que isso n\u00e3o me basta, vejo que Deus est\u00e1 me pedindo mais. Toda voca\u00e7\u00e3o come\u00e7a simples e pequena quando eu me dedico ao que Deus me pede no momento\u201d.<\/p>\n<p style=\"text-align: right\">O sacerdote lembrou ainda que a melhor prepara\u00e7\u00e3o para que se possa vivenciar bem este m\u00eas das voca\u00e7\u00f5es \u00e9 estar atento \u00e0 Palavra de Deus, ao desejo que Ele tem para cada um em especial.<\/p>\n<p>\u201cDeus vai falando, orientando atrav\u00e9s das prega\u00e7\u00f5es, dos retiros, das homilias que s\u00e3o feitas nas v\u00e1rias Missas dominicais e n\u00f3s temos que estar atentos ao que Deus est\u00e1 falando. Ent\u00e3o eu vou respondendo \u00e0 Palavra do Senhor. Eu creio que, estando atento, a gente faz uma \u00f3tima prepara\u00e7\u00e3o para valorizar o chamado de Deus, especificamente o chamado que Ele faz a cada um de maneira pessoal\u201d.<\/p>\n<p style=\"text-align: right\">Fonte: <a href=\"http:\/\/noticias.cancaonova.com\/\" target=\"_blank\">noticias.cancaonova.com<\/a><\/p>\n<\/div>\n","protected":false},"excerpt":{"rendered":"<p>Can\u00e7\u00e3o Nova Voca\u00e7\u00e3o &#8211; Chamado de Deus &#8216;Toda voca\u00e7\u00e3o come\u00e7a simples e pequena quando eu me dedico ao que Deus me pede no momento&#8217;, diz padre Carlos Para os cat\u00f3licos, agosto \u00e9 o m\u00eas das voca\u00e7\u00f5es, o per\u00edodo de celebrar&#8230;<\/p>\n","protected":false},"author":3201,"featured_media":0,"comment_status":"closed","ping_status":"open","sticky":false,"template":"","format":"standard","meta":{"_mi_skip_tracking":false,"_monsterinsights_sitenote_active":false,"_monsterinsights_sitenote_note":"","_monsterinsights_sitenote_category":0,"footnotes":""},"categories":[32,701],"tags":[5011,4751,18416,15975,150496,141],"_links":{"self":[{"href":"https:\/\/blog.cancaonova.com\/conquista\/wp-json\/wp\/v2\/posts\/15388"}],"collection":[{"href":"https:\/\/blog.cancaonova.com\/conquista\/wp-json\/wp\/v2\/posts"}],"about":[{"href":"https:\/\/blog.cancaonova.com\/conquista\/wp-json\/wp\/v2\/types\/post"}],"author":[{"embeddable":true,"href":"https:\/\/blog.cancaonova.com\/conquista\/wp-json\/wp\/v2\/users\/3201"}],"replies":[{"embeddable":true,"href":"https:\/\/blog.cancaonova.com\/conquista\/wp-json\/wp\/v2\/comments?post=15388"}],"version-history":[{"count":4,"href":"https:\/\/blog.cancaonova.com\/conquista\/wp-json\/wp\/v2\/posts\/15388\/revisions"}],"predecessor-version":[{"id":15390,"href":"https:\/\/blog.cancaonova.com\/conquista\/wp-json\/wp\/v2\/posts\/15388\/revisions\/15390"}],"wp:attachment":[{"href":"https:\/\/blog.cancaonova.com\/conquista\/wp-json\/wp\/v2\/media?parent=15388"}],"wp:term":[{"taxonomy":"category","embeddable":true,"href":"https:\/\/blog.cancaonova.com\/conquista\/wp-json\/wp\/v2\/categories?post=15388"},{"taxonomy":"post_tag","embeddable":true,"href":"https:\/\/blog.cancaonova.com\/conquista\/wp-json\/wp\/v2\/tags?post=15388"}],"curies":[{"name":"wp","href":"https:\/\/api.w.org\/{rel}","templated":true}]}}