{"id":17919,"date":"2016-06-10T12:05:06","date_gmt":"2016-06-10T15:05:06","guid":{"rendered":"http:\/\/blog.cancaonova.com\/conquista\/?p=17919"},"modified":"2016-06-10T12:05:06","modified_gmt":"2016-06-10T15:05:06","slug":"vc-ja-esta-sabendo-sinal-analogico-da-tvcn-captado-por-parabolicas-sera-desligado-em-julho","status":"publish","type":"post","link":"https:\/\/blog.cancaonova.com\/conquista\/2016\/06\/10\/vc-ja-esta-sabendo-sinal-analogico-da-tvcn-captado-por-parabolicas-sera-desligado-em-julho\/","title":{"rendered":"Vc j\u00e1 est\u00e1 sabendo? Sinal anal\u00f3gico da TVCN captado por parab\u00f3licas ser\u00e1 desligado em julho"},"content":{"rendered":"<p>Ol\u00e1! Temos uma informa\u00e7\u00e3o importante para compartilhar com vc que assiste a <a class=\"profileLink\" href=\"https:\/\/www.facebook.com\/tvcancaonova\/\">TV Can\u00e7\u00e3o Nova<\/a> e acompanha a nossa programa\u00e7\u00e3o.<\/p>\n<p>No m\u00eas de julho, o sinal anal\u00f3gico captado pelas parab\u00f3licas ser\u00e1 desligado em todo o pa\u00eds. Diante dessa mudan\u00e7a, o telespectador dever\u00e1 verificar se sua antena est\u00e1 preparada para a recep\u00e7\u00e3o do sinal digital.<\/p>\n<p>Para sintonizar o sinal digital da TV Can\u00e7\u00e3o Nova, \u00e9 preciso adquirir um receptor digital equipado com a tecnologia MPEG4 TVBS2.<\/p>\n<div class=\"text_exposed_show\">\n<p>Saiba mais no site da TVCN: <a href=\"http:\/\/tv.cancaonova.com\/tv-digital\/sinal-analogico-captado-por-parabolicas-sera-desligado-em-julho\/\" target=\"_blank\" rel=\"nofollow\">http:\/\/tv.cancaonova.com\/\u2026\/sinal-analogico-captado-por-par\u2026\/<\/a><\/p>\n<p>Em caso de d\u00favidas ligue em nossa Central de Assist\u00eancia (12) 3186 2600 (24h) ou &#102;&#x61;l&#x65;c&#111;&#x6e;o&#x73;c&#x6f;&#64;&#99;&#x61;n&#x63;a&#x6f;&#x6e;&#111;&#x76;a&#x2e;c&#111;&#x6d;<\/p>\n<\/div>\n<p><a href=\"http:\/\/tv.cancaonova.com\/tv-digital\/sinal-analogico-captado-por-parabolicas-sera-desligado-em-julho\/\"><img loading=\"lazy\" decoding=\"async\" class=\"size-full wp-image-17920 aligncenter\" src=\"http:\/\/blog.cancaonova.com\/conquista\/files\/2016\/06\/tv.jpg\" alt=\"tv\" width=\"480\" height=\"480\" srcset=\"https:\/\/blog.cancaonova.com\/conquista\/files\/2016\/06\/tv.jpg 480w, https:\/\/blog.cancaonova.com\/conquista\/files\/2016\/06\/tv-150x150.jpg 150w, https:\/\/blog.cancaonova.com\/conquista\/files\/2016\/06\/tv-300x300.jpg 300w\" sizes=\"(max-width: 480px) 100vw, 480px\" \/><\/a><\/p>\n<p>&nbsp;<\/p>\n<p>&nbsp;<\/p>\n<p><strong>TV Can\u00e7\u00e3o Nova e a digitaliza\u00e7\u00e3o<\/strong><\/p>\n<p>Gra\u00e7as aos s\u00f3cios evangelizadores, a TV Can\u00e7\u00e3o Nova chega a mais de 90 cidades brasileiras pela sintonia digital. Com a contribui\u00e7\u00e3o mensal das pessoas, por meio do \u2018Calend\u00e1rio do Bem\u2019, o Evangelho propagado por essa obra de f\u00e9 \u00e9 transmitido pela TV em imagem e som de Alta Defini\u00e7\u00e3o (HD).<\/p>\n<p>Contribua voc\u00ea tamb\u00e9m com a Can\u00e7\u00e3o Nova e junte\u00ad-se \u00e0 miss\u00e3o de salvar almas. <a href=\"http:\/\/doacao.cancaonova.com\/\" target=\"_blank\">Clique\u00a0aqui!<\/a><\/p>\n","protected":false},"excerpt":{"rendered":"<p>Ol\u00e1! Temos uma informa\u00e7\u00e3o importante para compartilhar com vc que assiste a TV Can\u00e7\u00e3o Nova e acompanha a nossa programa\u00e7\u00e3o. No m\u00eas de julho, o sinal anal\u00f3gico captado pelas parab\u00f3licas ser\u00e1 desligado em todo o pa\u00eds. Diante dessa mudan\u00e7a, o&#8230;<\/p>\n","protected":false},"author":3201,"featured_media":0,"comment_status":"closed","ping_status":"open","sticky":false,"template":"","format":"standard","meta":{"_mi_skip_tracking":false,"_monsterinsights_sitenote_active":false,"_monsterinsights_sitenote_note":"","_monsterinsights_sitenote_category":0,"footnotes":""},"categories":[6351],"tags":[5011,30098,17895,43825,4251],"_links":{"self":[{"href":"https:\/\/blog.cancaonova.com\/conquista\/wp-json\/wp\/v2\/posts\/17919"}],"collection":[{"href":"https:\/\/blog.cancaonova.com\/conquista\/wp-json\/wp\/v2\/posts"}],"about":[{"href":"https:\/\/blog.cancaonova.com\/conquista\/wp-json\/wp\/v2\/types\/post"}],"author":[{"embeddable":true,"href":"https:\/\/blog.cancaonova.com\/conquista\/wp-json\/wp\/v2\/users\/3201"}],"replies":[{"embeddable":true,"href":"https:\/\/blog.cancaonova.com\/conquista\/wp-json\/wp\/v2\/comments?post=17919"}],"version-history":[{"count":1,"href":"https:\/\/blog.cancaonova.com\/conquista\/wp-json\/wp\/v2\/posts\/17919\/revisions"}],"predecessor-version":[{"id":17921,"href":"https:\/\/blog.cancaonova.com\/conquista\/wp-json\/wp\/v2\/posts\/17919\/revisions\/17921"}],"wp:attachment":[{"href":"https:\/\/blog.cancaonova.com\/conquista\/wp-json\/wp\/v2\/media?parent=17919"}],"wp:term":[{"taxonomy":"category","embeddable":true,"href":"https:\/\/blog.cancaonova.com\/conquista\/wp-json\/wp\/v2\/categories?post=17919"},{"taxonomy":"post_tag","embeddable":true,"href":"https:\/\/blog.cancaonova.com\/conquista\/wp-json\/wp\/v2\/tags?post=17919"}],"curies":[{"name":"wp","href":"https:\/\/api.w.org\/{rel}","templated":true}]}}