{"id":18051,"date":"2016-11-01T13:29:52","date_gmt":"2016-11-01T15:29:52","guid":{"rendered":"http:\/\/blog.cancaonova.com\/conquista\/?p=18051"},"modified":"2016-11-01T17:04:19","modified_gmt":"2016-11-01T19:04:19","slug":"o-meu-amigo-do-ceu-e-sao-joao-bosco","status":"publish","type":"post","link":"https:\/\/blog.cancaonova.com\/conquista\/2016\/11\/01\/o-meu-amigo-do-ceu-e-sao-joao-bosco\/","title":{"rendered":"\"O meu amigo do c\u00e9u \u00e9 S\u00e3o Jo\u00e3o Bosco!\""},"content":{"rendered":"<p lang=\"zxx\" align=\"justify\">Ol\u00e1! A Paz!<\/p>\n<p lang=\"zxx\" align=\"justify\">Meu nome \u00e9\u00a0Ana Raquel, sou mission\u00e1ria da <strong><span style=\"color: #0000ff\"><a style=\"color: #0000ff\" href=\"http:\/\/comunidade.cancaonova.com\/quem-somos\/\">Comunidade Can\u00e7\u00e3o Nova<\/a><\/span><\/strong> h\u00e1 sete anos. Gra\u00e7as a Deus!<\/p>\n<p lang=\"zxx\" align=\"justify\">Quero conversar com voc\u00ea sobre os santos. Hoje, na Igreja, celebramos a Solenidade de todos os santos e santas, aqueles que s\u00e3o famosos e aqueles que nem conhecemos, aqueles que est\u00e3o nos altares, que foram canonizados, e, tamb\u00e9m,\u00a0aqueles que foram acolhidos no Reino dos C\u00e9us por seu testemunho e santidade no ordin\u00e1rio da vida.<\/p>\n<p lang=\"zxx\" align=\"justify\">O meu cora\u00e7\u00e3o desde jovem sempre desejou viver de alguma forma a radicalidade, viver de forma diferente o cotidiano, as responsabilidades e as exig\u00eancias pr\u00f3prias da vida, mas n\u00e3o sabia como poderia viver este anseio. Lembro que na minha fam\u00edlia n\u00e3o t\u00ednhamos o costume de viver a devo\u00e7\u00e3o ao santos da Igreja, existia sempre o amor e a devo\u00e7\u00e3o a Nossa Senhora, a M\u00e3e de Jesus, mas ela havia sido escolhida desde sempre para ser a M\u00e3e de Jesus, foi preservada do pecado original para que pudesse gerar o Filho de Deus, ent\u00e3o havia sim um amor e a busca de crescer na intimidade com Maria.<br \/>\nDepois que me engajei nas atividades da Igreja fui descobrindo que t\u00ednhamos homens e mulheres de todos os tempos, de varias nacionalidades e classes sociais, de hist\u00f3rias mais simples \u00e0s mais desafiadoras\u00a0que viviam a vida de forma diferente, \u00a0de maneira surpreendente. Eram o santos!<\/p>\n<p lang=\"zxx\" align=\"justify\">Nossa! Como era legal saber que o que eu sentia encontrava sentido na vida deles, para mim os santos eram e s\u00e3o esta referencia onde eu olho para a hist\u00f3ria deles e vejo Deus, vejo a a\u00e7\u00e3o de Deus mas vejo tamb\u00e9m a disposi\u00e7\u00e3o destes homens e mulheres em querem Deus. Eu tamb\u00e9m quero Deus! E voc\u00ea?<\/p>\n<p lang=\"zxx\" align=\"justify\">Fui percebendo que precisava de algu\u00e9m, um amigo que eu me identificasse com a forma de vida. Ficava pensando como os santos\u00a0conseguiram alcan\u00e7ar em vida a santidade? Procurava ler e conhecer a hist\u00f3ria de alguns e me encantava com o jeito em que eles viviam e conseguiam dar passos para serem santos. N\u00e3o que eu aspire\u00a0ser uma santa de altar, mas trago o desejo de ser feliz e agrad\u00e1vel a\u00a0Deus. <strong>Para mim ser santo \u00e9 ser feliz e agrad\u00e1vel a\u00a0Deus!<\/strong><\/p>\n<p lang=\"zxx\" align=\"justify\">Mesmo conhecendo alguns santos e santas da Igreja eu ainda n\u00e3o havia conseguido, apesar da admira\u00e7\u00e3o por muitos deles, tomar um santo de refer\u00eancia para mim, para minha vida. Eu queria muito ter um santo para ser meu amigo no C\u00e9u porque eu entendia que se ele estava no C\u00e9u, se a Igreja reconheceu nele as virtudes e a santidade, ent\u00e3o ele poderia interceder por mim e me ajudar a viver, tamb\u00e9m, este caminho de santidade.\u00a0Quando conheci a Can\u00e7\u00e3o Nova me encantei com a forma de vida e com o desejo pela santidade. Eu encontrei na voca\u00e7\u00e3o Can\u00e7\u00e3o Nova aquele desejo antigo que relatei no in\u00edcio. Lendo os livros &#8220;Can\u00e7\u00e3o Nova: uma obra de Deus&#8221; e \u00a0&#8220;Eu acredito em milagres&#8221; fui surpreendida lendo a hist\u00f3ria, ainda no caminho vocacional de como Deus foi agindo na vida do Monsenhor Jonas e de toda a Can\u00e7\u00e3o Nova, que na vida do Monsenhor havia um santo que j\u00e1 tinha ouvido falar mas n\u00e3o tinha buscado saber a respeito dele, que inclusive, na minha cidade, Fortaleza (CE), tem um trabalho muito bonito dos salesianos e das filhas de Maria Auxiliadora e eu\u00a0n\u00e3o tinha, at\u00e9 ent\u00e3o, me interessado em conhecer mais.<\/p>\n<p lang=\"zxx\" align=\"justify\"><a href=\"http:\/\/blog.cancaonova.com\/conquista\/2016\/11\/01\/o-meu-amigo-do-ceu-e-sao-joao-bosco\/ana-raquel-2\/\" rel=\"attachment wp-att-18054\"><img loading=\"lazy\" decoding=\"async\" class=\"aligncenter wp-image-18054 size-large\" src=\"http:\/\/blog.cancaonova.com\/conquista\/files\/2016\/11\/ana-raquel-600x300.jpg\" alt=\"ana raquel\" width=\"600\" height=\"300\" srcset=\"https:\/\/blog.cancaonova.com\/conquista\/files\/2016\/11\/ana-raquel-600x300.jpg 600w, https:\/\/blog.cancaonova.com\/conquista\/files\/2016\/11\/ana-raquel-300x150.jpg 300w, https:\/\/blog.cancaonova.com\/conquista\/files\/2016\/11\/ana-raquel-150x75.jpg 150w\" sizes=\"(max-width: 600px) 100vw, 600px\" \/><\/a><\/p>\n<p lang=\"zxx\" align=\"justify\">Depois de ter lido a hist\u00f3ria do Monsenhor Jonas e de ter ouvido falar de <a href=\"http:\/\/santo.cancaonova.com\/santo\/sao-joao-bosco-um-homem-voltado-para-o-ceu\/\"><strong><span style=\"color: #0000ff\">Dom Bosc<\/span><\/strong><\/a>o e dos meios que este santo da Igreja foi direcionando na vida do Monsenhor busquei me aprofundar e me apaixonei com a vida deste santo. <strong>O meu amigo do c\u00e9u \u00e9 S\u00e3o Jo\u00e3o Bosco!<\/strong><\/p>\n<p lang=\"zxx\" align=\"justify\">Como vejo os seus sinais na minha vida depois de conhecer a sua vida o seu testemunho. A partir disso fui estreitando os la\u00e7os com ele, buscando momento de rezar com ele, lendo os seus escritos. Vejo concretamente a amizade com ele se tornando mais pr\u00f3xima.<\/p>\n<p lang=\"zxx\" align=\"justify\">Em 2009 estava acontecendo em todo o Brasil a peregrina\u00e7\u00e3o das rel\u00edquias de Dom Bosco em comemora\u00e7\u00e3o dos 150 anos da Congrega\u00e7\u00e3o Salesiana. Naquele mesmo ano a <a href=\"http:\/\/noticias.cancaonova.com\/mundo\/a-cancao-nova-e-admitida-na-familia-salesiana\/\"><strong><span style=\"color: #0000ff\">Can\u00e7\u00e3o Nova havia tamb\u00e9m se tornado Fam\u00edlia Salesiana<\/span><\/strong><\/a>, confirmando ali para n\u00f3s, especialmente, para mim que sou filha de Dom Bosco. Naquele dia rezando diante da rel\u00edquia do santo no qual estava conhecendo, eu disse a ele: &#8220;Dom Bosco, quero fazer aqui neste dia o mesmo que Dona Josefa fez com o Monsenhor Jonas no momento do parto, estou nascendo para a minha voca\u00e7\u00e3o neste tempo de <span style=\"color: #0000ff\"><a style=\"color: #0000ff\" href=\"http:\/\/comunidade.cancaonova.com\/vida-na-comunidade\/nucleo\/casas-de-formacao\/pre-discipulado\/\"><strong>Pr\u00e9 Discipulado<\/strong><\/a><\/span> e quero entregar a voc\u00ea a minha voca\u00e7\u00e3o. Cuide da minha voca\u00e7\u00e3o, da minha vida dentro da Can\u00e7\u00e3o Nova. Seja meu amigo, meu diretor para que eu me dedique inteiramente a voca\u00e7\u00e3o que o Senhor Jesus me deu para viver.&#8221;<\/p>\n<p lang=\"zxx\" align=\"justify\">Mal sabia que ele levou a s\u00e9rio! No ano seguinte meu tempo de forma\u00e7\u00e3o no <a href=\"http:\/\/comunidade.cancaonova.com\/vida-na-comunidade\/nucleo\/casas-de-formacao\/discipulado\/\"><strong><span style=\"color: #0000ff\">Discipulado<\/span><\/strong><\/a> foi em uma casa salesiana, a casa de Lavrinhas onde fazemos uma etapa formativa na Can\u00e7\u00e3o Nova. Em 2011 fui remanejada para Bras\u00edlia, a cidade onde h\u00e1 a profecia de Dom Bosco em um sonho que ele teve, que dizia: &#8220;Entre o grau 15 e 20, havia uma enseada bastante extensa, que partia de ponto onde se formava um lago. Disse ent\u00e3o uma voz repetidamente: &#8211; quando se vierem cavar as minas escondidas em meio a estes montes, aparecer\u00e1 aqui a terra prometida, que jorra leite e mel. Ser\u00e1 uma riqueza inconceb\u00edvel.\u201d. A primeira obra em Brasilia constru\u00edda de concreto foi a ermida de Dom Bosco.<\/p>\n<p lang=\"zxx\" align=\"justify\">Em 2012 tive mais um carinho de Deus! Pude ir morar na Miss\u00e3o da Can\u00e7\u00e3o Nova em Cuiab\u00e1-MT que continua a extens\u00e3o deste sonho que mencionei acima, l\u00e1 onde temos o lindo trabalho dos salesianos de Dom Bosco.<br \/>\nVejo os sinais do cuidado de Deus na minha voca\u00e7\u00e3o, onde fui aprendendo nestes lugares a dedica\u00e7\u00e3o e o amor ao Evangelho que deveria ter o mesmo amor e dedica\u00e7\u00e3o aos que precisavam ser evangelizados.<\/p>\n<p lang=\"zxx\" align=\"justify\">Amigo \u00e9 assim: sempre e de alguma forma deseja dar os seus sinais que est\u00e1 pr\u00f3ximo, que n\u00e3o esquece da gente. Voc\u00ea, com certeza, j\u00e1 viveu isso com um amigo, com algu\u00e9m da sua fam\u00edlia, da sua vida&#8230; Agora, imagina o que um amigo do c\u00e9u pode fazer, n\u00e3o \u00e9?!<\/p>\n<p lang=\"zxx\" align=\"justify\"><a href=\"http:\/\/blog.cancaonova.com\/conquista\/2016\/11\/01\/o-meu-amigo-do-ceu-e-sao-joao-bosco\/ana-raquel3\/\" rel=\"attachment wp-att-18055\"><img loading=\"lazy\" decoding=\"async\" class=\"alignleft wp-image-18055 size-medium\" src=\"http:\/\/blog.cancaonova.com\/conquista\/files\/2016\/11\/ana-raquel3-300x295.jpg\" alt=\"ana raquel3\" width=\"300\" height=\"295\" srcset=\"https:\/\/blog.cancaonova.com\/conquista\/files\/2016\/11\/ana-raquel3-300x295.jpg 300w, https:\/\/blog.cancaonova.com\/conquista\/files\/2016\/11\/ana-raquel3.jpg 720w\" sizes=\"(max-width: 300px) 100vw, 300px\" \/><\/a>O meu amigo do c\u00e9u, Dom Bosco, me deu um pedacinho dele! Voc\u00ea pode se perguntar: &#8220;Como assim um pedacinho dele?!&#8221;. Explico: No ano em que eu morei no Mato Grosso pude conhecer e ter como meu diretor espiritual o Padre Marcos Cesar, sacerdote Dehoniano que muito ama a Can\u00e7\u00e3o Nova, e que em um dos meus atendimentos, ele me perguntou sobre os santos de devo\u00e7\u00e3o e contei a ele o que digo a voc\u00ea neste momento. Ele ouviu atentamente e me disse: &#8220;Voc\u00ea tem um amig\u00e3o no c\u00e9u!&#8221;. E vc acredita que\u00a0\u00a0depois de uma semana, esse padre vem at\u00e9 mim e diz: &#8220;Ana, seu amigo quer ficar com voc\u00ea!&#8221;. Eu olhei pra ele e sem entender o que significava e disse: &#8220;Padre n\u00e3o entendi: que amigo?&#8221;.\u00a0Ele sorriu pra mim e disse: &#8220;O seu amig\u00e3o! Estou trazendo o seu amig\u00e3o!&#8221;<\/p>\n<p lang=\"zxx\" align=\"justify\">Gente, quando eu vejo nas m\u00e3os do padre Marcos a rel\u00edquia de primeiro grau de Dom Bosco, um pedacinho do osso, para ser mais exata, o pedacinho do f\u00eamur de Dom Bosco que o padre\u00a0tinha ganhado na It\u00e1lia quando estudou l\u00e1. Meu Deus! N\u00e3o sei se chorava, ria, gritava pois tamanha era a minha emo\u00e7\u00e3o!<br \/>\nPude entender e ter a dimens\u00e3o de quanto \u00e9 importante ter um santo de devo\u00e7\u00e3o.<\/p>\n<p lang=\"zxx\" align=\"justify\">Entendi, tamb\u00e9m,\u00a0que com o santo n\u00e3o pode haver um relacionamento de supersti\u00e7\u00e3o. N\u00e3o! <strong>Devo\u00e7\u00e3o a um santo \u00e9 um caminho de amizade, de conhecimento do que Deus fez na vida dele e o que Deus pode fazer\u00a0na minha. <\/strong><\/p>\n<p lang=\"zxx\" align=\"justify\">N\u00e3o sei se voc\u00ea tem um santo de devo\u00e7\u00e3o, mas hoje pe\u00e7o que voc\u00ea conhe\u00e7a os santos da Igreja e veja a riqueza da a\u00e7\u00e3o de Deus na vida deles e que pode, tamb\u00e9m, fazer maravilhas na sua vida. E claro, hoje, Dia de todos os Santos, <strong>se voc\u00ea ainda n\u00e3o tem um santo amigo, pe\u00e7a ao Senhor a gra\u00e7a de encontrar um santo amigo para te ajudar na caminhada da sua hist\u00f3ria de santidade.<\/strong><\/p>\n<p lang=\"zxx\" align=\"justify\">Deus aben\u00e7oe!<\/p>\n<p lang=\"zxx\" align=\"justify\"><span style=\"color: #0000ff\"><a style=\"color: #0000ff\" href=\"https:\/\/www.facebook.com\/anaraquelcn?fref=ts\"><strong>Ana Raquel Faria de Ara\u00fajo<\/strong><\/a><\/span>.<\/p>\n","protected":false},"excerpt":{"rendered":"<p>Ol\u00e1! A Paz! Meu nome \u00e9\u00a0Ana Raquel, sou mission\u00e1ria da Comunidade Can\u00e7\u00e3o Nova h\u00e1 sete anos. Gra\u00e7as a Deus! Quero conversar com voc\u00ea sobre os santos. Hoje, na Igreja, celebramos a Solenidade de todos os santos e santas, aqueles que&#8230;<\/p>\n","protected":false},"author":3201,"featured_media":0,"comment_status":"closed","ping_status":"open","sticky":false,"template":"","format":"standard","meta":{"_mi_skip_tracking":false,"_monsterinsights_sitenote_active":false,"_monsterinsights_sitenote_note":"","_monsterinsights_sitenote_category":0,"footnotes":""},"categories":[6351,67,32,701,9761],"tags":[16779,111,16445,15975,35389,16723,150496,7931,271,151217,16621],"_links":{"self":[{"href":"https:\/\/blog.cancaonova.com\/conquista\/wp-json\/wp\/v2\/posts\/18051"}],"collection":[{"href":"https:\/\/blog.cancaonova.com\/conquista\/wp-json\/wp\/v2\/posts"}],"about":[{"href":"https:\/\/blog.cancaonova.com\/conquista\/wp-json\/wp\/v2\/types\/post"}],"author":[{"embeddable":true,"href":"https:\/\/blog.cancaonova.com\/conquista\/wp-json\/wp\/v2\/users\/3201"}],"replies":[{"embeddable":true,"href":"https:\/\/blog.cancaonova.com\/conquista\/wp-json\/wp\/v2\/comments?post=18051"}],"version-history":[{"count":12,"href":"https:\/\/blog.cancaonova.com\/conquista\/wp-json\/wp\/v2\/posts\/18051\/revisions"}],"predecessor-version":[{"id":18065,"href":"https:\/\/blog.cancaonova.com\/conquista\/wp-json\/wp\/v2\/posts\/18051\/revisions\/18065"}],"wp:attachment":[{"href":"https:\/\/blog.cancaonova.com\/conquista\/wp-json\/wp\/v2\/media?parent=18051"}],"wp:term":[{"taxonomy":"category","embeddable":true,"href":"https:\/\/blog.cancaonova.com\/conquista\/wp-json\/wp\/v2\/categories?post=18051"},{"taxonomy":"post_tag","embeddable":true,"href":"https:\/\/blog.cancaonova.com\/conquista\/wp-json\/wp\/v2\/tags?post=18051"}],"curies":[{"name":"wp","href":"https:\/\/api.w.org\/{rel}","templated":true}]}}