{"id":18132,"date":"2017-02-06T11:51:08","date_gmt":"2017-02-06T13:51:08","guid":{"rendered":"http:\/\/blog.cancaonova.com\/conquista\/?p=18132"},"modified":"2017-02-06T12:13:21","modified_gmt":"2017-02-06T14:13:21","slug":"cancao-nova-uma-vida-de-consagracao-a-deus","status":"publish","type":"post","link":"https:\/\/blog.cancaonova.com\/conquista\/2017\/02\/06\/cancao-nova-uma-vida-de-consagracao-a-deus\/","title":{"rendered":"Can\u00e7\u00e3o Nova, uma vida de consagra\u00e7\u00e3o a Deus"},"content":{"rendered":"<p>Dia 2 de fevereiro \u00e9 a\u00a0Festa da Apresenta\u00e7\u00e3o de Jesus no Templo.\u00a0Esse dia tamb\u00e9m se tornou marcante na Igreja, sendo institu\u00eddo, em 1997, pelo Papa Jo\u00e3o Paulo II, como o Dia do Consagrado.<\/p>\n<p>Na Comunidade Can\u00e7\u00e3o Nova, Associa\u00e7\u00e3o Internacional Privada de Fi\u00e9is, o primeiro compromisso dos seus membros foi realizado no dia 2 de fevereiro de 1978; e assim tem sido renovado sempre nesta data t\u00e3o importante para n\u00f3s, enquanto consagrados e enquanto Igreja.<\/p>\n<div id=\"attachment_18133\" style=\"width: 4010px\" class=\"wp-caption aligncenter\"><a href=\"http:\/\/blog.cancaonova.com\/conquista\/2017\/02\/06\/cancao-nova-uma-vida-de-consagracao-a-deus\/foto-com-o-bispo-compromisso-2017\/\" rel=\"attachment wp-att-18133\"><img loading=\"lazy\" decoding=\"async\" aria-describedby=\"caption-attachment-18133\" class=\"wp-image-18133 size-full\" src=\"http:\/\/blog.cancaonova.com\/conquista\/files\/2017\/02\/foto-com-o-bispo-compromisso-2017.jpg\" alt=\"foto com o bispo - compromisso 2017\" width=\"4000\" height=\"2250\" srcset=\"https:\/\/blog.cancaonova.com\/conquista\/files\/2017\/02\/foto-com-o-bispo-compromisso-2017.jpg 4000w, https:\/\/blog.cancaonova.com\/conquista\/files\/2017\/02\/foto-com-o-bispo-compromisso-2017-300x169.jpg 300w, https:\/\/blog.cancaonova.com\/conquista\/files\/2017\/02\/foto-com-o-bispo-compromisso-2017-768x432.jpg 768w\" sizes=\"(max-width: 4000px) 100vw, 4000px\" \/><\/a><p id=\"caption-attachment-18133\" class=\"wp-caption-text\"><strong>\u00a0 A Frente de Miss\u00e3o de Vit\u00f3ria da Conquista teve a Missa de Renova\u00e7\u00e3o do Compromisso presidida pelo Arcebispo da cidade, Dom Lu\u00eds Pepeu.<\/strong><\/p><\/div>\n<p style=\"text-align: center\">Veja <a href=\"https:\/\/www.facebook.com\/pg\/cnconquista\/photos\/?tab=album&amp;album_id=1523775390983591\"><strong><span style=\"color: #3366ff\">+ fotos<\/span><\/strong><\/a> na p\u00e1gina do <a href=\"https:\/\/www.facebook.com\/pg\/cnconquista\"><strong><span style=\"color: #3366ff\">Facebook da Miss\u00e3o Can\u00e7\u00e3o Nova Conquista<\/span><\/strong><\/a><\/p>\n<p style=\"text-align: center\">\n<p>\u201c<strong>Pela consagra\u00e7\u00e3o, o homem se torna uma especial perten\u00e7a de Deus. O Senhor o separa para Si, o adquire para Si. Ele vive para Deus. \u00c9 posse exclusiva de Deus. Ele \u00e9 de Deus, exclusivo de Deus. N\u00e3o pertence a mais ningu\u00e9m, nem a si mesmo.<\/strong>\u201d (Monsenhor Jonas Abib, fundador da Comunidade Can\u00e7\u00e3o Nova)<\/p>\n<p>A Comunidade Can\u00e7\u00e3o Nova tem a miss\u00e3o de evangelizar! E todos que se consagraram e ainda v\u00e3o se consagrar a esta obra de Deus, renovam este compromisso com Deus, assumindo a responsabilidade do chamado a santidade.<\/p>\n<p>&nbsp;<\/p>\n<p>:: Conhe\u00e7a a comunidade Can\u00e7\u00e3o Nova:\u00a0<a href=\"http:\/\/comunidade.cancaonova.com\/\" target=\"_blank\" rel=\"nofollow\">http:\/\/comunidade.cancaonova.com\/<\/a><\/p>\n<p>:: Saiba mais sobre a Voca\u00e7\u00e3o Can\u00e7\u00e3o Nova:\u00a0<a href=\"http:\/\/blog.cancaonova.com\/conquista\/vocacional\/\">http:\/\/blog.cancaonova.com\/conquista\/vocacional\/<\/a><\/p>\n<p>&nbsp;<\/p>\n","protected":false},"excerpt":{"rendered":"<p>Dia 2 de fevereiro \u00e9 a\u00a0Festa da Apresenta\u00e7\u00e3o de Jesus no Templo.\u00a0Esse dia tamb\u00e9m se tornou marcante na Igreja, sendo institu\u00eddo, em 1997, pelo Papa Jo\u00e3o Paulo II, como o Dia do Consagrado. Na Comunidade Can\u00e7\u00e3o Nova, Associa\u00e7\u00e3o Internacional Privada&#8230;<\/p>\n","protected":false},"author":3201,"featured_media":0,"comment_status":"closed","ping_status":"open","sticky":false,"template":"","format":"standard","meta":{"_mi_skip_tracking":false,"_monsterinsights_sitenote_active":false,"_monsterinsights_sitenote_note":"","_monsterinsights_sitenote_category":0,"footnotes":""},"categories":[58784,6351,67,40,16541,32,150506,701],"tags":[124765,150544,5011,188691,188690,24503,188692,141,163117],"_links":{"self":[{"href":"https:\/\/blog.cancaonova.com\/conquista\/wp-json\/wp\/v2\/posts\/18132"}],"collection":[{"href":"https:\/\/blog.cancaonova.com\/conquista\/wp-json\/wp\/v2\/posts"}],"about":[{"href":"https:\/\/blog.cancaonova.com\/conquista\/wp-json\/wp\/v2\/types\/post"}],"author":[{"embeddable":true,"href":"https:\/\/blog.cancaonova.com\/conquista\/wp-json\/wp\/v2\/users\/3201"}],"replies":[{"embeddable":true,"href":"https:\/\/blog.cancaonova.com\/conquista\/wp-json\/wp\/v2\/comments?post=18132"}],"version-history":[{"count":5,"href":"https:\/\/blog.cancaonova.com\/conquista\/wp-json\/wp\/v2\/posts\/18132\/revisions"}],"predecessor-version":[{"id":18138,"href":"https:\/\/blog.cancaonova.com\/conquista\/wp-json\/wp\/v2\/posts\/18132\/revisions\/18138"}],"wp:attachment":[{"href":"https:\/\/blog.cancaonova.com\/conquista\/wp-json\/wp\/v2\/media?parent=18132"}],"wp:term":[{"taxonomy":"category","embeddable":true,"href":"https:\/\/blog.cancaonova.com\/conquista\/wp-json\/wp\/v2\/categories?post=18132"},{"taxonomy":"post_tag","embeddable":true,"href":"https:\/\/blog.cancaonova.com\/conquista\/wp-json\/wp\/v2\/tags?post=18132"}],"curies":[{"name":"wp","href":"https:\/\/api.w.org\/{rel}","templated":true}]}}