{"id":18192,"date":"2017-08-03T14:43:39","date_gmt":"2017-08-03T17:43:39","guid":{"rendered":"http:\/\/blog.cancaonova.com\/conquista\/?p=18192"},"modified":"2017-08-03T14:43:39","modified_gmt":"2017-08-03T17:43:39","slug":"como-fazer-uma-boa-confissao-por-pe-paulo-ricardo-horarios-de-confissao-arquidiocese-vit-da-conquista","status":"publish","type":"post","link":"https:\/\/blog.cancaonova.com\/conquista\/2017\/08\/03\/como-fazer-uma-boa-confissao-por-pe-paulo-ricardo-horarios-de-confissao-arquidiocese-vit-da-conquista\/","title":{"rendered":"Como fazer uma boa Confiss\u00e3o? ( por Pe. Paulo Ricardo) + hor\u00e1rios de confiss\u00e3o ( Arquidiocese Vit. da Conquista)"},"content":{"rendered":"<p>&#8220;Se voc\u00ea tem no cora\u00e7\u00e3o um pecado sufocando a sua vida, procure um sacerdote!&#8221; (M\u00e1rcio Mendes)<\/p>\n<p><iframe loading=\"lazy\" title=\"Como fazer uma boa Confiss\u00c3\u00a3o?\" width=\"600\" height=\"338\" src=\"https:\/\/www.youtube.com\/embed\/IQa4Pg2onX0?feature=oembed&amp;rel=0\" frameborder=\"0\" allow=\"accelerometer; autoplay; clipboard-write; encrypted-media; gyroscope; picture-in-picture; web-share\" referrerpolicy=\"strict-origin-when-cross-origin\" allowfullscreen><\/iframe><\/p>\n<p>Confira os dias e hor\u00e1rios de Confiss\u00e3o na Arquidiocese de Vit\u00f3ria da Conquista:<\/p>\n<p>\u2714Catedral Nossa Senhora das Vit\u00f3rias<br \/>\n&#8211; Ter\u00e7a e Quarta-feira<br \/>\n08:30 \u00e0s 11:30 e<br \/>\n14:00 \u00e0s 17:00<\/p>\n<p>\u2714Can\u00e7\u00e3o Nova<br \/>\n&#8211; Segunda-feira<br \/>\n08:00 \u00e0s 12:00 e<br \/>\n14:00 \u00e0s 16:30<\/p>\n<p>\u2714Par\u00f3quia S\u00e3o Miguel Arcanjo<br \/>\n&#8211; Quarta-feira e S\u00e1bado<br \/>\n09:00 as 11:30<\/p>\n<p>\u2714Par\u00f3quia Nossa Senhora das Candeias<br \/>\n&#8211; Quinta-feira e S\u00e1bado<br \/>\n09:00 \u00e0s 11:30<\/p>\n<p>\u2714Paroquia Nossa Senhora das Gra\u00e7as<br \/>\n&#8211; Quinta e sexta-feira<br \/>\n09:00 \u00e0s 11:30<\/p>\n<p>\u2714Par\u00f3quia Nossa Senhora de F\u00e1tima<br \/>\n&#8211; Ter\u00e7a-feira<br \/>\n09:00 \u00e0s 11:30 e<br \/>\n14:00 \u00e0s 17:00<br \/>\n&#8211; Sexta-feira<br \/>\n09:00 \u00e0s 11:30<\/p>\n<p>\u2714 Nossa Senhora Aparecida<br \/>\n&#8211; Quinta-feira ap\u00f3s a Missa<br \/>\n19:00<\/p>\n","protected":false},"excerpt":{"rendered":"<p>&#8220;Se voc\u00ea tem no cora\u00e7\u00e3o um pecado sufocando a sua vida, procure um sacerdote!&#8221; (M\u00e1rcio Mendes) Confira os dias e hor\u00e1rios de Confiss\u00e3o na Arquidiocese de Vit\u00f3ria da Conquista: \u2714Catedral Nossa Senhora das Vit\u00f3rias &#8211; Ter\u00e7a e Quarta-feira 08:30 \u00e0s&#8230;<\/p>\n","protected":false},"author":3201,"featured_media":0,"comment_status":"closed","ping_status":"open","sticky":false,"template":"","format":"standard","meta":{"_mi_skip_tracking":false,"_monsterinsights_sitenote_active":false,"_monsterinsights_sitenote_note":"","_monsterinsights_sitenote_category":0,"footnotes":""},"categories":[6351,67,32,150506,701],"tags":[5011,16061,14931,16100,9871,19322,17107],"_links":{"self":[{"href":"https:\/\/blog.cancaonova.com\/conquista\/wp-json\/wp\/v2\/posts\/18192"}],"collection":[{"href":"https:\/\/blog.cancaonova.com\/conquista\/wp-json\/wp\/v2\/posts"}],"about":[{"href":"https:\/\/blog.cancaonova.com\/conquista\/wp-json\/wp\/v2\/types\/post"}],"author":[{"embeddable":true,"href":"https:\/\/blog.cancaonova.com\/conquista\/wp-json\/wp\/v2\/users\/3201"}],"replies":[{"embeddable":true,"href":"https:\/\/blog.cancaonova.com\/conquista\/wp-json\/wp\/v2\/comments?post=18192"}],"version-history":[{"count":1,"href":"https:\/\/blog.cancaonova.com\/conquista\/wp-json\/wp\/v2\/posts\/18192\/revisions"}],"predecessor-version":[{"id":18193,"href":"https:\/\/blog.cancaonova.com\/conquista\/wp-json\/wp\/v2\/posts\/18192\/revisions\/18193"}],"wp:attachment":[{"href":"https:\/\/blog.cancaonova.com\/conquista\/wp-json\/wp\/v2\/media?parent=18192"}],"wp:term":[{"taxonomy":"category","embeddable":true,"href":"https:\/\/blog.cancaonova.com\/conquista\/wp-json\/wp\/v2\/categories?post=18192"},{"taxonomy":"post_tag","embeddable":true,"href":"https:\/\/blog.cancaonova.com\/conquista\/wp-json\/wp\/v2\/tags?post=18192"}],"curies":[{"name":"wp","href":"https:\/\/api.w.org\/{rel}","templated":true}]}}