{"id":18195,"date":"2017-09-20T11:00:22","date_gmt":"2017-09-20T14:00:22","guid":{"rendered":"http:\/\/blog.cancaonova.com\/conquista\/?p=18195"},"modified":"2017-09-20T11:26:03","modified_gmt":"2017-09-20T14:26:03","slug":"celebracao-dos-20-anos-da-cancao-nova-em-vitoria-da-conquista-eufacopartedessahistoria","status":"publish","type":"post","link":"https:\/\/blog.cancaonova.com\/conquista\/2017\/09\/20\/celebracao-dos-20-anos-da-cancao-nova-em-vitoria-da-conquista-eufacopartedessahistoria\/","title":{"rendered":"Programa\u00e7\u00e3o da Celebra\u00e7\u00e3o dos 20 anos da Can\u00e7\u00e3o Nova em Vit\u00f3ria da Conquista #EuFa\u00e7oParteDessaHist\u00f3ria"},"content":{"rendered":"<p>Queremos encontrar voc\u00ea nessa grande celebra\u00e7\u00e3o! Porque voc\u00ea faz parte dessa hist\u00f3ria, e para n\u00f3s, mission\u00e1rios da Can\u00e7\u00e3o Nova, \u00e9 um prazer poder estar nessa cidade com essa Obra de Deus!<br \/>\nPresen\u00e7as: padre Edmilson Lopes, Paulinho S\u00e1, Tony Allysson e toda a Comunidade Can\u00e7\u00e3o Nova de Vit\u00f3ria da Conquista.<\/p>\n<p>Confira a programa\u00e7\u00e3o do evento e compartilhe em suas redes sociais:<\/p>\n<p>&nbsp;<\/p>\n<p><a href=\"http:\/\/blog.cancaonova.com\/conquista\/?attachment_id=18224\" rel=\"attachment wp-att-18224\"><img loading=\"lazy\" decoding=\"async\" class=\"aligncenter size-full wp-image-18224\" src=\"http:\/\/blog.cancaonova.com\/conquista\/files\/2017\/09\/WhatsApp-Image-2017-09-20-at-9.33.33-AM.jpeg\" alt=\"\" width=\"829\" height=\"1019\" srcset=\"https:\/\/blog.cancaonova.com\/conquista\/files\/2017\/09\/WhatsApp-Image-2017-09-20-at-9.33.33-AM.jpeg 829w, https:\/\/blog.cancaonova.com\/conquista\/files\/2017\/09\/WhatsApp-Image-2017-09-20-at-9.33.33-AM-244x300.jpeg 244w, https:\/\/blog.cancaonova.com\/conquista\/files\/2017\/09\/WhatsApp-Image-2017-09-20-at-9.33.33-AM-768x944.jpeg 768w\" sizes=\"(max-width: 829px) 100vw, 829px\" \/><\/a><\/p>\n<p>&nbsp;&nbsp;&nbsp;&nbsp;&nbsp;&nbsp;&nbsp;&nbsp;&nbsp;&nbsp;&nbsp;&nbsp;&nbsp;&nbsp;&nbsp;&nbsp;&nbsp;&nbsp;&nbsp;&nbsp;&nbsp;&nbsp;&nbsp;&nbsp;&nbsp;&nbsp;&nbsp;&nbsp;&nbsp;&nbsp;&nbsp;&nbsp;&nbsp;&nbsp;&nbsp;&nbsp;&nbsp;&nbsp;&nbsp;&nbsp;&nbsp;&nbsp;&nbsp;&nbsp;&nbsp;&nbsp;&nbsp;&nbsp;&nbsp;&nbsp;&nbsp;<\/p>\n<p style=\"text-align: center\">****************************************************************************************<\/p>\n<p>&nbsp;<\/p>\n<p>Ajude-nos a divulgar! Compartilhe a arte do evento em suas redes sociais.<\/p>\n<ul>\n<li>Temos cartazes impressos aqui em nossa Casa de Miss\u00e3o. Caso voc\u00ea tenha algum local onde pudesse coloc\u00e1-lo para a divulga\u00e7\u00e3o do evento, pegue conosco. Nosso endere\u00e7o: avenida R\u00e9gis Pacheco, 534, Centro.<\/li>\n<li>Telefone da Casa de Miss\u00e3o: (77) 3201 9015<\/li>\n<li>Email para Contato: &#112;r&#x6f;m&#x6f;c&#x61;o&#x63;o&#x6e;q&#x75;i&#x73;t&#x61;&#64;&#x63;&#97;&#x6e;&#99;&#x61;&#111;&#x6e;&#111;v&#x61;.&#x63;o&#x6d;<\/li>\n<\/ul>\n<p><a href=\"http:\/\/blog.cancaonova.com\/conquista\/2017\/08\/03\/celebracao-dos-20-anos-da-cancao-nova-em-vitoria-da-conquista-eufacopartedessahistoria\/20446231_1508744889146854_161789814_o\/\" rel=\"attachment wp-att-18196\"><img loading=\"lazy\" decoding=\"async\" class=\"aligncenter size-full wp-image-18196\" src=\"http:\/\/blog.cancaonova.com\/conquista\/files\/2017\/08\/20446231_1508744889146854_161789814_o.jpg\" alt=\"\" width=\"2048\" height=\"2048\" srcset=\"https:\/\/blog.cancaonova.com\/conquista\/files\/2017\/08\/20446231_1508744889146854_161789814_o.jpg 2048w, https:\/\/blog.cancaonova.com\/conquista\/files\/2017\/08\/20446231_1508744889146854_161789814_o-150x150.jpg 150w, https:\/\/blog.cancaonova.com\/conquista\/files\/2017\/08\/20446231_1508744889146854_161789814_o-300x300.jpg 300w, https:\/\/blog.cancaonova.com\/conquista\/files\/2017\/08\/20446231_1508744889146854_161789814_o-768x768.jpg 768w\" sizes=\"(max-width: 2048px) 100vw, 2048px\" \/><\/a><\/p>\n<p>&nbsp;<\/p>\n<p><strong>Testemunho:<\/strong> Qual a sua hist\u00f3ria com a Can\u00e7\u00e3o Nova de Vit\u00f3ria da Conquista? O que Deus tem feito em sua vida por meio da Can\u00e7\u00e3o Nova Conquista?<br \/>\nVoc\u00ea que participa dos nossos eventos e grupos de ora\u00e7\u00e3o, que acompanha as nossas transmiss\u00f5es ao vivo aqui pela nossa p\u00e1gina, que vem a nossa Loja, que vem em nossas Missas, que \u00e9 atendido pelos nossos mission\u00e1rios&#8230; partilhe conosco atrav\u00e9s do e-mail: vi<span class=\"text_exposed_show\">toriadaconquista&#64;cancaonova.com<\/span><\/p>\n<div class=\"text_exposed_show\">\n<p><a class=\"_58cn\" href=\"https:\/\/www.facebook.com\/hashtag\/eufa%C3%A7opartedessahist%C3%B3ria?source=feed_text&amp;story_id=1726867897341005\"><span class=\"_5afx\"><span class=\"_58cl _5afz\">#<\/span><span class=\"_58cm\">EuFa\u00e7oParteDessaHist\u00f3ria<\/span><\/span><\/a>&nbsp;<a class=\"_58cn\" href=\"https:\/\/www.facebook.com\/hashtag\/can%C3%A7%C3%A3onovaconquista?source=feed_text&amp;story_id=1726867897341005\"><span class=\"_5afx\"><span class=\"_58cl _5afz\">#<\/span><span class=\"_58cm\">Can\u00e7\u00e3oNovaConquista<\/span><\/span><\/a>&nbsp;<a class=\"_58cn\" href=\"https:\/\/www.facebook.com\/hashtag\/20anos?source=feed_text&amp;story_id=1726867897341005\"><span class=\"_5afx\"><span class=\"_58cl _5afz\">#<\/span><span class=\"_58cm\">20anos<\/span><\/span><\/a><\/p>\n<\/div>\n","protected":false},"excerpt":{"rendered":"<p>Queremos encontrar voc\u00ea nessa grande celebra\u00e7\u00e3o! Porque voc\u00ea faz parte dessa hist\u00f3ria, e para n\u00f3s, mission\u00e1rios da Can\u00e7\u00e3o Nova, \u00e9 um prazer poder estar nessa cidade com essa Obra de Deus! Presen\u00e7as: padre Edmilson Lopes, Paulinho S\u00e1, Tony Allysson e&#8230;<\/p>\n","protected":false},"author":3201,"featured_media":0,"comment_status":"closed","ping_status":"open","sticky":false,"template":"","format":"standard","meta":{"_mi_skip_tracking":false,"_monsterinsights_sitenote_active":false,"_monsterinsights_sitenote_note":"","_monsterinsights_sitenote_category":0,"footnotes":""},"categories":[6351,8841,16541,16092],"tags":[188697,172085,17377,188696,7671,16541,16739],"_links":{"self":[{"href":"https:\/\/blog.cancaonova.com\/conquista\/wp-json\/wp\/v2\/posts\/18195"}],"collection":[{"href":"https:\/\/blog.cancaonova.com\/conquista\/wp-json\/wp\/v2\/posts"}],"about":[{"href":"https:\/\/blog.cancaonova.com\/conquista\/wp-json\/wp\/v2\/types\/post"}],"author":[{"embeddable":true,"href":"https:\/\/blog.cancaonova.com\/conquista\/wp-json\/wp\/v2\/users\/3201"}],"replies":[{"embeddable":true,"href":"https:\/\/blog.cancaonova.com\/conquista\/wp-json\/wp\/v2\/comments?post=18195"}],"version-history":[{"count":7,"href":"https:\/\/blog.cancaonova.com\/conquista\/wp-json\/wp\/v2\/posts\/18195\/revisions"}],"predecessor-version":[{"id":18227,"href":"https:\/\/blog.cancaonova.com\/conquista\/wp-json\/wp\/v2\/posts\/18195\/revisions\/18227"}],"wp:attachment":[{"href":"https:\/\/blog.cancaonova.com\/conquista\/wp-json\/wp\/v2\/media?parent=18195"}],"wp:term":[{"taxonomy":"category","embeddable":true,"href":"https:\/\/blog.cancaonova.com\/conquista\/wp-json\/wp\/v2\/categories?post=18195"},{"taxonomy":"post_tag","embeddable":true,"href":"https:\/\/blog.cancaonova.com\/conquista\/wp-json\/wp\/v2\/tags?post=18195"}],"curies":[{"name":"wp","href":"https:\/\/api.w.org\/{rel}","templated":true}]}}