{"id":18325,"date":"2018-03-01T11:12:29","date_gmt":"2018-03-01T14:12:29","guid":{"rendered":"http:\/\/blog.cancaonova.com\/conquista\/?p=18325"},"modified":"2018-03-12T12:33:22","modified_gmt":"2018-03-12T15:33:22","slug":"cancao-nova-conquista-tem-uma-nova-casa-de-evangelizacao","status":"publish","type":"post","link":"https:\/\/blog.cancaonova.com\/conquista\/2018\/03\/01\/cancao-nova-conquista-tem-uma-nova-casa-de-evangelizacao\/","title":{"rendered":"Can\u00e7\u00e3o Nova Conquista tem uma nova Casa de Evangeliza\u00e7\u00e3o"},"content":{"rendered":"<p>Temos um convite especial para vc!<br \/>\nN\u00f3s, da Can\u00e7\u00e3o Nova, queremos te convidar para participar conosco do evento de inaugura\u00e7\u00e3o da Nova casa de Evangeliza\u00e7\u00e3o da Can\u00e7\u00e3o Nova aqui em Vit\u00f3ria da Conquista, dias 17 e 18 de mar\u00e7o. Teremos a presen\u00e7a dos mission\u00e1rios Emanuel St\u00eanio, J\u00falio Brebal, toda a Comunidade Can\u00e7\u00e3o Nova aqui de Conquista e a presen\u00e7a ilustre de Dom Lu\u00eds Pepeu, Arcebispo aqui da cidade. Confira a programa\u00e7\u00e3o abaixo.<\/p>\n<p>Bendito seja Deus por essa gra\u00e7a alcan\u00e7ada! Ainda n\u00e3o \u00e9 um local nosso, \u00e9 alugado mas vamos conseguir reunir ali todos os setores da Can\u00e7\u00e3o Nova: Loja, R\u00e1dio, Vocacional, Clube da Evangeliza\u00e7\u00e3o, Eventos&#8230; e com um local pr\u00f3prio, um rinc\u00e3o, para receber voc\u00ea em nossos eventos e atividades! Isso \u00e9 uma ben\u00e7\u00e3o!<\/p>\n<p>Gostar\u00edamos que voc\u00ea se alegrasse conosco! Participe com a gente desse evento que est\u00e1 sendo preparado com carinho para receber voc\u00ea que faz parte da Fam\u00edlia Can\u00e7\u00e3o Nova!<\/p>\n<p>Data: 17 e 18 de mar\u00e7o.<br \/>\nO nosso novo local fica localizado na avenida Deputado Ulysses Magalh\u00e3es, ali pertinho do hotel Ibis da Juracy Magalh\u00e3es!<\/p>\n<p>Ser\u00e1 um prazer receber voc\u00ea!<\/p>\n<p>Deus aben\u00e7oe vc!<\/p>\n<p>&nbsp;<\/p>\n<p>:: Mais informa\u00e7\u00f5es: acesse <a href=\"http:\/\/facebook.com\/cnconquista\"><strong>http:\/\/facebook.com\/cnconquista<\/strong><\/a>&nbsp;ou ligue para (77) 32019117.<\/p>\n<p>&nbsp;<\/p>\n<p><a href=\"http:\/\/blog.cancaonova.com\/conquista\/2018\/03\/01\/cancao-nova-conquista-tem-uma-nova-casa-de-evangelizacao\/whatsapp-image-2018-03-07-at-9-57-10-am\/\" rel=\"attachment wp-att-18349\"><img loading=\"lazy\" decoding=\"async\" class=\"aligncenter size-full wp-image-18349\" src=\"http:\/\/blog.cancaonova.com\/conquista\/files\/2018\/03\/WhatsApp-Image-2018-03-07-at-9.57.10-AM.jpeg\" alt=\"\" width=\"904\" height=\"1280\" srcset=\"https:\/\/blog.cancaonova.com\/conquista\/files\/2018\/03\/WhatsApp-Image-2018-03-07-at-9.57.10-AM.jpeg 904w, https:\/\/blog.cancaonova.com\/conquista\/files\/2018\/03\/WhatsApp-Image-2018-03-07-at-9.57.10-AM-212x300.jpeg 212w, https:\/\/blog.cancaonova.com\/conquista\/files\/2018\/03\/WhatsApp-Image-2018-03-07-at-9.57.10-AM-768x1087.jpeg 768w\" sizes=\"(max-width: 904px) 100vw, 904px\" \/><\/a><\/p>\n<p>&nbsp;<\/p>\n<p>&nbsp;<\/p>\n<p>&nbsp;<\/p>\n<p><a href=\"http:\/\/blog.cancaonova.com\/conquista\/2018\/03\/01\/cancao-nova-conquista-tem-uma-nova-casa-de-evangelizacao\/cartaz-evento-com-todos\/\" rel=\"attachment wp-att-18331\"><img loading=\"lazy\" decoding=\"async\" class=\"aligncenter size-full wp-image-18331\" src=\"http:\/\/blog.cancaonova.com\/conquista\/files\/2018\/03\/cartaz-evento-com-todos.jpg\" alt=\"\" width=\"810\" height=\"1156\" srcset=\"https:\/\/blog.cancaonova.com\/conquista\/files\/2018\/03\/cartaz-evento-com-todos.jpg 810w, https:\/\/blog.cancaonova.com\/conquista\/files\/2018\/03\/cartaz-evento-com-todos-210x300.jpg 210w, https:\/\/blog.cancaonova.com\/conquista\/files\/2018\/03\/cartaz-evento-com-todos-768x1096.jpg 768w\" sizes=\"(max-width: 810px) 100vw, 810px\" \/><\/a><\/p>\n","protected":false},"excerpt":{"rendered":"<p>Temos um convite especial para vc! N\u00f3s, da Can\u00e7\u00e3o Nova, queremos te convidar para participar conosco do evento de inaugura\u00e7\u00e3o da Nova casa de Evangeliza\u00e7\u00e3o da Can\u00e7\u00e3o Nova aqui em Vit\u00f3ria da Conquista, dias 17 e 18 de mar\u00e7o. Teremos&#8230;<\/p>\n","protected":false},"author":3201,"featured_media":0,"comment_status":"closed","ping_status":"open","sticky":false,"template":"","format":"standard","meta":{"_mi_skip_tracking":false,"_monsterinsights_sitenote_active":false,"_monsterinsights_sitenote_note":"","_monsterinsights_sitenote_category":0,"footnotes":""},"categories":[8841],"tags":[5011,114,17181,8841,19938,35664,35663],"_links":{"self":[{"href":"https:\/\/blog.cancaonova.com\/conquista\/wp-json\/wp\/v2\/posts\/18325"}],"collection":[{"href":"https:\/\/blog.cancaonova.com\/conquista\/wp-json\/wp\/v2\/posts"}],"about":[{"href":"https:\/\/blog.cancaonova.com\/conquista\/wp-json\/wp\/v2\/types\/post"}],"author":[{"embeddable":true,"href":"https:\/\/blog.cancaonova.com\/conquista\/wp-json\/wp\/v2\/users\/3201"}],"replies":[{"embeddable":true,"href":"https:\/\/blog.cancaonova.com\/conquista\/wp-json\/wp\/v2\/comments?post=18325"}],"version-history":[{"count":7,"href":"https:\/\/blog.cancaonova.com\/conquista\/wp-json\/wp\/v2\/posts\/18325\/revisions"}],"predecessor-version":[{"id":18351,"href":"https:\/\/blog.cancaonova.com\/conquista\/wp-json\/wp\/v2\/posts\/18325\/revisions\/18351"}],"wp:attachment":[{"href":"https:\/\/blog.cancaonova.com\/conquista\/wp-json\/wp\/v2\/media?parent=18325"}],"wp:term":[{"taxonomy":"category","embeddable":true,"href":"https:\/\/blog.cancaonova.com\/conquista\/wp-json\/wp\/v2\/categories?post=18325"},{"taxonomy":"post_tag","embeddable":true,"href":"https:\/\/blog.cancaonova.com\/conquista\/wp-json\/wp\/v2\/tags?post=18325"}],"curies":[{"name":"wp","href":"https:\/\/api.w.org\/{rel}","templated":true}]}}