{"id":18491,"date":"2019-08-07T13:52:18","date_gmt":"2019-08-07T16:52:18","guid":{"rendered":"http:\/\/blog.cancaonova.com\/conquista\/?p=18491"},"modified":"2019-08-07T13:53:24","modified_gmt":"2019-08-07T16:53:24","slug":"celebra-a-vitoria","status":"publish","type":"post","link":"https:\/\/blog.cancaonova.com\/conquista\/2019\/08\/07\/celebra-a-vitoria\/","title":{"rendered":"Celebra a Vit\u00f3ria!"},"content":{"rendered":"<h4 style=\"text-align: center\"><span style=\"color: #3366ff\">Venha celebrar com a Can\u00e7\u00e3o Nova os 22 anos de Miss\u00e3o em Vit\u00f3ria da Conquista!<\/span><\/h4>\n<p><a href=\"http:\/\/blog.cancaonova.com\/conquista\/2019\/08\/07\/celebra-a-vitoria\/celebra-a-vitoria-2019\/\" rel=\"attachment wp-att-18492\"><img loading=\"lazy\" decoding=\"async\" class=\"aligncenter wp-image-18492\" src=\"http:\/\/blog.cancaonova.com\/conquista\/files\/2019\/08\/CELEBRA-A-VITORIA-2019.jpeg\" alt=\"\" width=\"448\" height=\"633\" srcset=\"https:\/\/blog.cancaonova.com\/conquista\/files\/2019\/08\/CELEBRA-A-VITORIA-2019.jpeg 905w, https:\/\/blog.cancaonova.com\/conquista\/files\/2019\/08\/CELEBRA-A-VITORIA-2019-212x300.jpeg 212w, https:\/\/blog.cancaonova.com\/conquista\/files\/2019\/08\/CELEBRA-A-VITORIA-2019-768x1086.jpeg 768w\" sizes=\"(max-width: 448px) 100vw, 448px\" \/><\/a><\/p>\n","protected":false},"excerpt":{"rendered":"<p>Venha celebrar com a Can\u00e7\u00e3o Nova os 22 anos de Miss\u00e3o em Vit\u00f3ria da Conquista!<\/p>\n","protected":false},"author":3201,"featured_media":18492,"comment_status":"open","ping_status":"open","sticky":false,"template":"","format":"standard","meta":{"_mi_skip_tracking":false,"_monsterinsights_sitenote_active":false,"_monsterinsights_sitenote_note":"","_monsterinsights_sitenote_category":0,"footnotes":""},"categories":[17007],"tags":[],"_links":{"self":[{"href":"https:\/\/blog.cancaonova.com\/conquista\/wp-json\/wp\/v2\/posts\/18491"}],"collection":[{"href":"https:\/\/blog.cancaonova.com\/conquista\/wp-json\/wp\/v2\/posts"}],"about":[{"href":"https:\/\/blog.cancaonova.com\/conquista\/wp-json\/wp\/v2\/types\/post"}],"author":[{"embeddable":true,"href":"https:\/\/blog.cancaonova.com\/conquista\/wp-json\/wp\/v2\/users\/3201"}],"replies":[{"embeddable":true,"href":"https:\/\/blog.cancaonova.com\/conquista\/wp-json\/wp\/v2\/comments?post=18491"}],"version-history":[{"count":3,"href":"https:\/\/blog.cancaonova.com\/conquista\/wp-json\/wp\/v2\/posts\/18491\/revisions"}],"predecessor-version":[{"id":18495,"href":"https:\/\/blog.cancaonova.com\/conquista\/wp-json\/wp\/v2\/posts\/18491\/revisions\/18495"}],"wp:featuredmedia":[{"embeddable":true,"href":"https:\/\/blog.cancaonova.com\/conquista\/wp-json\/wp\/v2\/media\/18492"}],"wp:attachment":[{"href":"https:\/\/blog.cancaonova.com\/conquista\/wp-json\/wp\/v2\/media?parent=18491"}],"wp:term":[{"taxonomy":"category","embeddable":true,"href":"https:\/\/blog.cancaonova.com\/conquista\/wp-json\/wp\/v2\/categories?post=18491"},{"taxonomy":"post_tag","embeddable":true,"href":"https:\/\/blog.cancaonova.com\/conquista\/wp-json\/wp\/v2\/tags?post=18491"}],"curies":[{"name":"wp","href":"https:\/\/api.w.org\/{rel}","templated":true}]}}