{"id":18503,"date":"2019-08-19T14:45:22","date_gmt":"2019-08-19T17:45:22","guid":{"rendered":"http:\/\/blog.cancaonova.com\/conquista\/?p=18503"},"modified":"2019-08-19T15:32:50","modified_gmt":"2019-08-19T18:32:50","slug":"e-se-voce-cancao-nova","status":"publish","type":"post","link":"https:\/\/blog.cancaonova.com\/conquista\/2019\/08\/19\/e-se-voce-cancao-nova\/","title":{"rendered":"E se voc\u00ea for Can\u00e7\u00e3o Nova?"},"content":{"rendered":"<p><strong>Todos os crist\u00e3os possuem uma voca\u00e7\u00e3o. Ela \u00e9 o chamado do Pai, cuja finalidade \u00e9 a realiza\u00e7\u00e3o plena da pessoa humana.<\/strong>&nbsp;<\/p>\n<p>\u00c9 um gesto gracioso do Senhor que visa a plena humaniza\u00e7\u00e3o do homem. \u00c9 dom, gra\u00e7a, elei\u00e7\u00e3o cuidadosa, visando a constru\u00e7\u00e3o do Reino dos C\u00e9us. Em 1978, a Comunidade Can\u00e7\u00e3o Nova nasceu quando Padre&nbsp;Jonas Abib, juntamente com outras pessoas, responderam&nbsp;generosamente ao&nbsp;chamado que Deus lhes fez.<\/p>\n<p><strong><em>Hoje, para voc\u00ea, qual \u00e9 a sua voca\u00e7\u00e3o?<\/em><\/strong><\/p>\n<p>&nbsp;<\/p>\n<p>[kaltura-widget uiconfid=&#8221;38660432&#8243; entryid=&#8221;1_i8vkwon1&#8243; responsive=&#8221;true&#8221; hoveringControls=&#8221;false&#8221; width=&#8221;100%&#8221; height=&#8221;75%&#8221; \/]<\/p>\n","protected":false},"excerpt":{"rendered":"<p>Todos os crist\u00e3os possuem uma voca\u00e7\u00e3o. Ela \u00e9 o chamado do Pai, cuja finalidade \u00e9 a realiza\u00e7\u00e3o plena da pessoa humana.&nbsp; \u00c9 um gesto gracioso do Senhor que visa a plena humaniza\u00e7\u00e3o do homem. \u00c9 dom, gra\u00e7a, elei\u00e7\u00e3o cuidadosa, visando&#8230;<\/p>\n","protected":false},"author":3201,"featured_media":18508,"comment_status":"open","ping_status":"open","sticky":false,"template":"","format":"standard","meta":{"_mi_skip_tracking":false,"_monsterinsights_sitenote_active":false,"_monsterinsights_sitenote_note":"","_monsterinsights_sitenote_category":0,"footnotes":""},"categories":[17007],"tags":[],"_links":{"self":[{"href":"https:\/\/blog.cancaonova.com\/conquista\/wp-json\/wp\/v2\/posts\/18503"}],"collection":[{"href":"https:\/\/blog.cancaonova.com\/conquista\/wp-json\/wp\/v2\/posts"}],"about":[{"href":"https:\/\/blog.cancaonova.com\/conquista\/wp-json\/wp\/v2\/types\/post"}],"author":[{"embeddable":true,"href":"https:\/\/blog.cancaonova.com\/conquista\/wp-json\/wp\/v2\/users\/3201"}],"replies":[{"embeddable":true,"href":"https:\/\/blog.cancaonova.com\/conquista\/wp-json\/wp\/v2\/comments?post=18503"}],"version-history":[{"count":3,"href":"https:\/\/blog.cancaonova.com\/conquista\/wp-json\/wp\/v2\/posts\/18503\/revisions"}],"predecessor-version":[{"id":18506,"href":"https:\/\/blog.cancaonova.com\/conquista\/wp-json\/wp\/v2\/posts\/18503\/revisions\/18506"}],"wp:featuredmedia":[{"embeddable":true,"href":"https:\/\/blog.cancaonova.com\/conquista\/wp-json\/wp\/v2\/media\/18508"}],"wp:attachment":[{"href":"https:\/\/blog.cancaonova.com\/conquista\/wp-json\/wp\/v2\/media?parent=18503"}],"wp:term":[{"taxonomy":"category","embeddable":true,"href":"https:\/\/blog.cancaonova.com\/conquista\/wp-json\/wp\/v2\/categories?post=18503"},{"taxonomy":"post_tag","embeddable":true,"href":"https:\/\/blog.cancaonova.com\/conquista\/wp-json\/wp\/v2\/tags?post=18503"}],"curies":[{"name":"wp","href":"https:\/\/api.w.org\/{rel}","templated":true}]}}