{"id":18520,"date":"2019-09-18T11:34:57","date_gmt":"2019-09-18T14:34:57","guid":{"rendered":"http:\/\/blog.cancaonova.com\/conquista\/?p=18520"},"modified":"2019-09-18T11:34:57","modified_gmt":"2019-09-18T14:34:57","slug":"celebra-vitoria-22-anos-da-cancao-nova-em-vitoria-da-conquista","status":"publish","type":"post","link":"https:\/\/blog.cancaonova.com\/conquista\/2019\/09\/18\/celebra-vitoria-22-anos-da-cancao-nova-em-vitoria-da-conquista\/","title":{"rendered":"Celebra a Vit\u00f3ria, 22 anos da Can\u00e7\u00e3o Nova em Vit\u00f3ria da Conquista!"},"content":{"rendered":"<p>Dentro do evento Celebra a Vit\u00f3ria, que este ano teve como tema: &#8220;Deus habita nesse lugar&#8221;, que a Can\u00e7\u00e3o Nova comemorou o seu anivers\u00e1rio de 22 anos em Vit\u00f3ria da Conquista.<\/p>\n<p><iframe loading=\"lazy\" title=\"Can\u00c3\u00a7\u00c3\u00a3o Nova comemora 20 anos de atividades em Vit\u00c3\u00b3ria da Conquista (BA)\" width=\"600\" height=\"338\" src=\"https:\/\/www.youtube.com\/embed\/fRwaahimyQw?feature=oembed&amp;rel=0\" frameborder=\"0\" allow=\"accelerometer; autoplay; clipboard-write; encrypted-media; gyroscope; picture-in-picture; web-share\" referrerpolicy=\"strict-origin-when-cross-origin\" allowfullscreen><\/iframe><\/p>\n","protected":false},"excerpt":{"rendered":"<p>Dentro do evento Celebra a Vit\u00f3ria, que este ano teve como tema: &#8220;Deus habita nesse lugar&#8221;, que a Can\u00e7\u00e3o Nova comemorou o seu anivers\u00e1rio de 22 anos em Vit\u00f3ria da Conquista.<\/p>\n","protected":false},"author":3201,"featured_media":18522,"comment_status":"open","ping_status":"open","sticky":false,"template":"","format":"standard","meta":{"_mi_skip_tracking":false,"_monsterinsights_sitenote_active":false,"_monsterinsights_sitenote_note":"","_monsterinsights_sitenote_category":0,"footnotes":""},"categories":[17007],"tags":[],"_links":{"self":[{"href":"https:\/\/blog.cancaonova.com\/conquista\/wp-json\/wp\/v2\/posts\/18520"}],"collection":[{"href":"https:\/\/blog.cancaonova.com\/conquista\/wp-json\/wp\/v2\/posts"}],"about":[{"href":"https:\/\/blog.cancaonova.com\/conquista\/wp-json\/wp\/v2\/types\/post"}],"author":[{"embeddable":true,"href":"https:\/\/blog.cancaonova.com\/conquista\/wp-json\/wp\/v2\/users\/3201"}],"replies":[{"embeddable":true,"href":"https:\/\/blog.cancaonova.com\/conquista\/wp-json\/wp\/v2\/comments?post=18520"}],"version-history":[{"count":1,"href":"https:\/\/blog.cancaonova.com\/conquista\/wp-json\/wp\/v2\/posts\/18520\/revisions"}],"predecessor-version":[{"id":18523,"href":"https:\/\/blog.cancaonova.com\/conquista\/wp-json\/wp\/v2\/posts\/18520\/revisions\/18523"}],"wp:featuredmedia":[{"embeddable":true,"href":"https:\/\/blog.cancaonova.com\/conquista\/wp-json\/wp\/v2\/media\/18522"}],"wp:attachment":[{"href":"https:\/\/blog.cancaonova.com\/conquista\/wp-json\/wp\/v2\/media?parent=18520"}],"wp:term":[{"taxonomy":"category","embeddable":true,"href":"https:\/\/blog.cancaonova.com\/conquista\/wp-json\/wp\/v2\/categories?post=18520"},{"taxonomy":"post_tag","embeddable":true,"href":"https:\/\/blog.cancaonova.com\/conquista\/wp-json\/wp\/v2\/tags?post=18520"}],"curies":[{"name":"wp","href":"https:\/\/api.w.org\/{rel}","templated":true}]}}