{"id":18579,"date":"2020-02-01T11:14:51","date_gmt":"2020-02-01T14:14:51","guid":{"rendered":"http:\/\/blog.cancaonova.com\/conquista\/?p=18579"},"modified":"2020-02-01T11:34:40","modified_gmt":"2020-02-01T14:34:40","slug":"vem-ai-o-1o-cerco-de-jerico-de-2020","status":"publish","type":"post","link":"https:\/\/blog.cancaonova.com\/conquista\/2020\/02\/01\/vem-ai-o-1o-cerco-de-jerico-de-2020\/","title":{"rendered":"Vem a\u00ed o 1\u00ba Cerco de Jeric\u00f3 de 2020"},"content":{"rendered":"<p>Venha participar conosco deste tempo forte de ora\u00e7\u00e3o que \u00e9 o Cerco de Jeric\u00f3.<br \/>\nO tema do Cerco ser\u00e1: &#8220;Para Deus nada \u00e9 imposs\u00edvel&#8221;.<\/p>\n<p>1\u00ba dia &#8211; Libertos das for\u00e7as do mal (Pe. Gerson)<br \/>\n2\u00ba dia &#8211; Cura das doen\u00e7as f\u00edsicas (Pe T\u00e9rcio)<br \/>\n3\u00ba dia &#8211; Pela f\u00e9 contemplamos milagres (Diac.Miron)<br \/>\n4\u00ba dia &#8211; Desapegar-se das coisas e confiar em Deus (Pe Gilmar)<br \/>\n5\u00ba dia &#8211; Libertos do ressentimento (Di\u00e1c. Zezinho)<br \/>\n6\u00ba dia &#8211; A sabedoria: um dom de Deus Pe Gilmar)<br \/>\n7\u00ba dia &#8211; Para Deus nada \u00e9 imposs\u00edvel (Pe Gilmar)<\/p>\n<p><a href=\"http:\/\/blog.cancaonova.com\/conquista\/2020\/02\/01\/vem-ai-o-1o-cerco-de-jerico-de-2020\/card-cerco-2020-1-blog-post\/\" rel=\"attachment wp-att-18581\"><img loading=\"lazy\" decoding=\"async\" class=\"aligncenter size-full wp-image-18581\" src=\"http:\/\/blog.cancaonova.com\/conquista\/files\/2020\/02\/card-cerco-2020-1-blog-post.png\" alt=\"\" width=\"635\" height=\"898\" srcset=\"https:\/\/blog.cancaonova.com\/conquista\/files\/2020\/02\/card-cerco-2020-1-blog-post.png 635w, https:\/\/blog.cancaonova.com\/conquista\/files\/2020\/02\/card-cerco-2020-1-blog-post-212x300.png 212w\" sizes=\"(max-width: 635px) 100vw, 635px\" \/><\/a><\/p>\n","protected":false},"excerpt":{"rendered":"<p>Venha participar conosco deste tempo forte de ora\u00e7\u00e3o que \u00e9 o Cerco de Jeric\u00f3. O tema do Cerco ser\u00e1: &#8220;Para Deus nada \u00e9 imposs\u00edvel&#8221;. 1\u00ba dia &#8211; Libertos das for\u00e7as do mal (Pe. Gerson) 2\u00ba dia &#8211; Cura das doen\u00e7as&#8230;<\/p>\n","protected":false},"author":3201,"featured_media":18593,"comment_status":"open","ping_status":"open","sticky":false,"template":"","format":"standard","meta":{"_mi_skip_tracking":false,"_monsterinsights_sitenote_active":false,"_monsterinsights_sitenote_note":"","_monsterinsights_sitenote_category":0,"footnotes":""},"categories":[17007],"tags":[],"_links":{"self":[{"href":"https:\/\/blog.cancaonova.com\/conquista\/wp-json\/wp\/v2\/posts\/18579"}],"collection":[{"href":"https:\/\/blog.cancaonova.com\/conquista\/wp-json\/wp\/v2\/posts"}],"about":[{"href":"https:\/\/blog.cancaonova.com\/conquista\/wp-json\/wp\/v2\/types\/post"}],"author":[{"embeddable":true,"href":"https:\/\/blog.cancaonova.com\/conquista\/wp-json\/wp\/v2\/users\/3201"}],"replies":[{"embeddable":true,"href":"https:\/\/blog.cancaonova.com\/conquista\/wp-json\/wp\/v2\/comments?post=18579"}],"version-history":[{"count":6,"href":"https:\/\/blog.cancaonova.com\/conquista\/wp-json\/wp\/v2\/posts\/18579\/revisions"}],"predecessor-version":[{"id":18594,"href":"https:\/\/blog.cancaonova.com\/conquista\/wp-json\/wp\/v2\/posts\/18579\/revisions\/18594"}],"wp:featuredmedia":[{"embeddable":true,"href":"https:\/\/blog.cancaonova.com\/conquista\/wp-json\/wp\/v2\/media\/18593"}],"wp:attachment":[{"href":"https:\/\/blog.cancaonova.com\/conquista\/wp-json\/wp\/v2\/media?parent=18579"}],"wp:term":[{"taxonomy":"category","embeddable":true,"href":"https:\/\/blog.cancaonova.com\/conquista\/wp-json\/wp\/v2\/categories?post=18579"},{"taxonomy":"post_tag","embeddable":true,"href":"https:\/\/blog.cancaonova.com\/conquista\/wp-json\/wp\/v2\/tags?post=18579"}],"curies":[{"name":"wp","href":"https:\/\/api.w.org\/{rel}","templated":true}]}}