{"id":18634,"date":"2021-10-11T13:41:53","date_gmt":"2021-10-11T16:41:53","guid":{"rendered":"http:\/\/blog.cancaonova.com\/conquista\/?p=18634"},"modified":"2021-10-11T13:43:37","modified_gmt":"2021-10-11T16:43:37","slug":"cerco-de-jerico-minha-familia-esta-protegida-pelo-sangue-de-jesus","status":"publish","type":"post","link":"https:\/\/blog.cancaonova.com\/conquista\/2021\/10\/11\/cerco-de-jerico-minha-familia-esta-protegida-pelo-sangue-de-jesus\/","title":{"rendered":"Cerco de Jeric\u00f3 Minha fam\u00edlia est\u00e1 protegida pelo sangue de Jesus!"},"content":{"rendered":"<p><span style=\"color: #ff0000\"><strong>Minha fam\u00edlia est\u00e1 protegida pelo sangue de Jesus!<\/strong> <\/span>N\u00f3s da comunidade Can\u00e7\u00e3o Nova queremos te convidar para rezar conosco no \u00faltimo Cerco de Jeric\u00f3 de 2021 em nossa Casa de evangeliza\u00e7\u00e3o.<\/p>\n<p>De <span style=\"color: #ff0000\"><strong>01 a 07 de novembro<\/strong><\/span> nos reuniremos, para juntos, suplicarmos a Deus as gra\u00e7as que tanto precisamos.<\/p>\n<p><a href=\"http:\/\/blog.cancaonova.com\/conquista\/2021\/10\/11\/18629__trashed\/mensagem-branca-e-verde-de-familia\/\" rel=\"attachment wp-att-18630\"><img loading=\"lazy\" decoding=\"async\" class=\"aligncenter wp-image-18630\" src=\"http:\/\/blog.cancaonova.com\/conquista\/files\/2021\/10\/Mensagem-Branca-e-Verde-de-Fam\u00edlia.png\" alt=\"\" width=\"478\" height=\"478\" srcset=\"https:\/\/blog.cancaonova.com\/conquista\/files\/2021\/10\/Mensagem-Branca-e-Verde-de-Fam\u00edlia.png 1080w, https:\/\/blog.cancaonova.com\/conquista\/files\/2021\/10\/Mensagem-Branca-e-Verde-de-Fam\u00edlia-150x150.png 150w, https:\/\/blog.cancaonova.com\/conquista\/files\/2021\/10\/Mensagem-Branca-e-Verde-de-Fam\u00edlia-300x300.png 300w, https:\/\/blog.cancaonova.com\/conquista\/files\/2021\/10\/Mensagem-Branca-e-Verde-de-Fam\u00edlia-768x768.png 768w\" sizes=\"(max-width: 478px) 100vw, 478px\" \/><\/a><\/p>\n<p>N\u00f3s da Comunidade Can\u00e7\u00e3o Nova em Vit\u00f3ria da Conquista-Ba estaremos te aguardando em nossa Casa de Evangeliza\u00e7\u00e3o! Nesses dias iniciaremos as 14h com a adora\u00e7\u00e3o ao Sant\u00edssimo e a ora\u00e7\u00e3o do Ros\u00e1rio.<\/p>\n<p><strong>Programa\u00e7\u00e3o do cerco<\/strong><br \/>\n<span style=\"color: #ff0000\"><strong>\ud83d\udd55 14h &#8211; Adora\u00e7\u00e3o e ora\u00e7\u00e3o do Ros\u00e1rio.<\/strong><\/span><br \/>\n<span style=\"color: #ff0000\"> <strong>\ud83d\udd55 19h00 &#8211; ter\u00e7o do Sangue de Jesus.<\/strong><\/span><br \/>\n<span style=\"color: #ff0000\"> <strong>\ud83d\udd55 19h30 &#8211; Santa Missa<\/strong><\/span><br \/>\n.<br \/>\nTeremos:<br \/>\n<span style=\"color: #ff0000\"><strong>\u27a1\ufe0fMuita ora\u00e7\u00e3o<\/strong><\/span><br \/>\n<span style=\"color: #ff0000\"> <strong>\u27a1\ufe0fAdora\u00e7\u00e3o<\/strong><\/span><br \/>\n<span style=\"color: #ff0000\"> <strong>\u27a1\ufe0fLanchonete \/ P\u00e3o de s\u00e3o Jos\u00e9<\/strong><\/span><br \/>\n<span style=\"color: #ff0000\"> <strong>\u27a1\ufe0fClube da Evangeliza\u00e7\u00e3o<\/strong><\/span><br \/>\n<span style=\"color: #ff0000\"> <strong>\u27a1\ufe0fLoja Can\u00e7\u00e3o Nova<\/strong><\/span><\/p>\n<p>Fala pra gente! Voc\u00ea vai participar n\u00e9? A entrada ser\u00e1 por ordem de chegada. N\u00e3o necessitando de agendamento. E n\u00e3o se esque\u00e7a de trazer 01 alimento n\u00e3o perec\u00edvel e se puder, alguma doa\u00e7\u00e3o para colocar em nosso bazar.<\/p>\n<p>\u263a\ufe0fDeus aben\u00e7oe e at\u00e9 mais!<\/p>\n","protected":false},"excerpt":{"rendered":"<p>Minha fam\u00edlia est\u00e1 protegida pelo sangue de Jesus! N\u00f3s da comunidade Can\u00e7\u00e3o Nova queremos te convidar para rezar conosco no \u00faltimo Cerco de Jeric\u00f3 de 2021 em nossa Casa de evangeliza\u00e7\u00e3o. De 01 a 07 de novembro nos reuniremos, para&#8230;<\/p>\n","protected":false},"author":3201,"featured_media":18630,"comment_status":"open","ping_status":"open","sticky":false,"template":"","format":"standard","meta":{"_mi_skip_tracking":false,"_monsterinsights_sitenote_active":false,"_monsterinsights_sitenote_note":"","_monsterinsights_sitenote_category":0,"footnotes":""},"categories":[8841],"tags":[],"_links":{"self":[{"href":"https:\/\/blog.cancaonova.com\/conquista\/wp-json\/wp\/v2\/posts\/18634"}],"collection":[{"href":"https:\/\/blog.cancaonova.com\/conquista\/wp-json\/wp\/v2\/posts"}],"about":[{"href":"https:\/\/blog.cancaonova.com\/conquista\/wp-json\/wp\/v2\/types\/post"}],"author":[{"embeddable":true,"href":"https:\/\/blog.cancaonova.com\/conquista\/wp-json\/wp\/v2\/users\/3201"}],"replies":[{"embeddable":true,"href":"https:\/\/blog.cancaonova.com\/conquista\/wp-json\/wp\/v2\/comments?post=18634"}],"version-history":[{"count":1,"href":"https:\/\/blog.cancaonova.com\/conquista\/wp-json\/wp\/v2\/posts\/18634\/revisions"}],"predecessor-version":[{"id":18635,"href":"https:\/\/blog.cancaonova.com\/conquista\/wp-json\/wp\/v2\/posts\/18634\/revisions\/18635"}],"wp:featuredmedia":[{"embeddable":true,"href":"https:\/\/blog.cancaonova.com\/conquista\/wp-json\/wp\/v2\/media\/18630"}],"wp:attachment":[{"href":"https:\/\/blog.cancaonova.com\/conquista\/wp-json\/wp\/v2\/media?parent=18634"}],"wp:term":[{"taxonomy":"category","embeddable":true,"href":"https:\/\/blog.cancaonova.com\/conquista\/wp-json\/wp\/v2\/categories?post=18634"},{"taxonomy":"post_tag","embeddable":true,"href":"https:\/\/blog.cancaonova.com\/conquista\/wp-json\/wp\/v2\/tags?post=18634"}],"curies":[{"name":"wp","href":"https:\/\/api.w.org\/{rel}","templated":true}]}}