{"id":18649,"date":"2022-02-01T10:29:57","date_gmt":"2022-02-01T13:29:57","guid":{"rendered":"http:\/\/blog.cancaonova.com\/conquista\/?p=18649"},"modified":"2022-02-01T10:31:38","modified_gmt":"2022-02-01T13:31:38","slug":"cerco-de-jerico-recebereis-forca-espirito-santo-que-vira-sobre-vos-e-sereis-minhas-testemunhas-atos-1-8","status":"publish","type":"post","link":"https:\/\/blog.cancaonova.com\/conquista\/2022\/02\/01\/cerco-de-jerico-recebereis-forca-espirito-santo-que-vira-sobre-vos-e-sereis-minhas-testemunhas-atos-1-8\/","title":{"rendered":"Cerco de Jeric\u00f3 - \u201cRecebereis a for\u00e7a do Esp\u00edrito Santo, que vir\u00e1 sobre v\u00f3s, e sereis minhas testemunhas\u201d (Atos 1, 8)."},"content":{"rendered":"<p style=\"text-align: center\"><strong>\u201cRecebereis a for\u00e7a do Esp\u00edrito Santo, que vir\u00e1 sobre v\u00f3s, e sereis minhas testemunhas\u201d (Atos 1, 8).<\/strong><\/p>\n<p>N\u00f3s da comunidade Can\u00e7\u00e3o Nova queremos te convidar para rezar conosco no primeiro Cerco de Jeric\u00f3 de 2022 em nossa Casa de evangeliza\u00e7\u00e3o. De 07 a 13 de Fevereiro nos reuniremos, para juntos, suplicarmos o poder do Espirito Santo sobre n\u00f3s!<\/p>\n<p><a href=\"http:\/\/blog.cancaonova.com\/conquista\/2022\/02\/01\/cerco-de-jerico-recebereis-forca-espirito-santo-que-vira-sobre-vos-e-sereis-minhas-testemunhas-atos-1-8\/batismo-nas-aguas-post-instagram\/\" rel=\"attachment wp-att-18650\"><img loading=\"lazy\" decoding=\"async\" class=\"aligncenter wp-image-18650\" src=\"http:\/\/blog.cancaonova.com\/conquista\/files\/2022\/02\/Batismo-nas-\u00e1guas-Post-Instagram.png\" alt=\"\" width=\"625\" height=\"625\" srcset=\"https:\/\/blog.cancaonova.com\/conquista\/files\/2022\/02\/Batismo-nas-\u00e1guas-Post-Instagram.png 1080w, https:\/\/blog.cancaonova.com\/conquista\/files\/2022\/02\/Batismo-nas-\u00e1guas-Post-Instagram-150x150.png 150w, https:\/\/blog.cancaonova.com\/conquista\/files\/2022\/02\/Batismo-nas-\u00e1guas-Post-Instagram-300x300.png 300w, https:\/\/blog.cancaonova.com\/conquista\/files\/2022\/02\/Batismo-nas-\u00e1guas-Post-Instagram-768x768.png 768w\" sizes=\"(max-width: 625px) 100vw, 625px\" \/><\/a><\/p>\n<p>N\u00f3s da Comunidade Can\u00e7\u00e3o Nova em Vit\u00f3ria da Conquista-BA estaremos te aguardando em nossa Casa de Evangeliza\u00e7\u00e3o! Nesses dias iniciaremos as 14h com a adora\u00e7\u00e3o ao Sant\u00edssimo e a ora\u00e7\u00e3o do Ros\u00e1rio.<\/p>\n<p>Programa\u00e7\u00e3o do cerco<br \/>\n\ud83d\udd51 14h \u2013 Adora\u00e7\u00e3o e ora\u00e7\u00e3o do Ros\u00e1rio.<br \/>\n\ud83d\udd5619h00 \u2013 Ter\u00e7o do Espirito Santo<br \/>\n\ud83d\udd5719h30 \u2013 Santa Missa<\/p>\n<p>Teremos:<br \/>\n\u27a1\ufe0fMuita ora\u00e7\u00e3o e m\u00fasica<br \/>\n\u27a1\ufe0fAdora\u00e7\u00e3o<br \/>\n\u27a1\ufe0fLanchonete<br \/>\n\u27a1\ufe0fClube da Evangeliza\u00e7\u00e3o<br \/>\n\u27a1\ufe0fLoja Can\u00e7\u00e3o Nova<\/p>\n<p>Fala pra gente! Voc\u00ea vai participar n\u00e9? A entrada ser\u00e1 por ordem de chegada. N\u00e3o necessitando de agendamento. E n\u00e3o se esque\u00e7a de trazer 1kg de alimento n\u00e3o perec\u00edvel e se puder, alguma doa\u00e7\u00e3o para colocar em nosso bazar.<\/p>\n<p>Deus aben\u00e7oe e at\u00e9 mais!<\/p>\n","protected":false},"excerpt":{"rendered":"<p>\u201cRecebereis a for\u00e7a do Esp\u00edrito Santo, que vir\u00e1 sobre v\u00f3s, e sereis minhas testemunhas\u201d (Atos 1, 8). N\u00f3s da comunidade Can\u00e7\u00e3o Nova queremos te convidar para rezar conosco no primeiro Cerco de Jeric\u00f3 de 2022 em nossa Casa de evangeliza\u00e7\u00e3o&#8230;.<\/p>\n","protected":false},"author":3201,"featured_media":18650,"comment_status":"open","ping_status":"open","sticky":false,"template":"","format":"standard","meta":{"_mi_skip_tracking":false,"_monsterinsights_sitenote_active":false,"_monsterinsights_sitenote_note":"","_monsterinsights_sitenote_category":0,"footnotes":""},"categories":[8841],"tags":[19789],"_links":{"self":[{"href":"https:\/\/blog.cancaonova.com\/conquista\/wp-json\/wp\/v2\/posts\/18649"}],"collection":[{"href":"https:\/\/blog.cancaonova.com\/conquista\/wp-json\/wp\/v2\/posts"}],"about":[{"href":"https:\/\/blog.cancaonova.com\/conquista\/wp-json\/wp\/v2\/types\/post"}],"author":[{"embeddable":true,"href":"https:\/\/blog.cancaonova.com\/conquista\/wp-json\/wp\/v2\/users\/3201"}],"replies":[{"embeddable":true,"href":"https:\/\/blog.cancaonova.com\/conquista\/wp-json\/wp\/v2\/comments?post=18649"}],"version-history":[{"count":2,"href":"https:\/\/blog.cancaonova.com\/conquista\/wp-json\/wp\/v2\/posts\/18649\/revisions"}],"predecessor-version":[{"id":18652,"href":"https:\/\/blog.cancaonova.com\/conquista\/wp-json\/wp\/v2\/posts\/18649\/revisions\/18652"}],"wp:featuredmedia":[{"embeddable":true,"href":"https:\/\/blog.cancaonova.com\/conquista\/wp-json\/wp\/v2\/media\/18650"}],"wp:attachment":[{"href":"https:\/\/blog.cancaonova.com\/conquista\/wp-json\/wp\/v2\/media?parent=18649"}],"wp:term":[{"taxonomy":"category","embeddable":true,"href":"https:\/\/blog.cancaonova.com\/conquista\/wp-json\/wp\/v2\/categories?post=18649"},{"taxonomy":"post_tag","embeddable":true,"href":"https:\/\/blog.cancaonova.com\/conquista\/wp-json\/wp\/v2\/tags?post=18649"}],"curies":[{"name":"wp","href":"https:\/\/api.w.org\/{rel}","templated":true}]}}