{"id":2632,"date":"2013-12-03T07:30:44","date_gmt":"2013-12-03T10:30:44","guid":{"rendered":"http:\/\/blog.cancaonova.com\/conquista\/?p=2632"},"modified":"2013-04-03T10:24:46","modified_gmt":"2013-04-03T13:24:46","slug":"advento-tempo-de-espera-e-de-esperanca","status":"publish","type":"post","link":"https:\/\/blog.cancaonova.com\/conquista\/2013\/12\/03\/advento-tempo-de-espera-e-de-esperanca\/","title":{"rendered":"Advento tempo de espera e de esperan\u00e7a"},"content":{"rendered":"<p style=\"text-align: center\"><strong>Vinda gloriosa de Jesus<\/strong><\/p>\n<p>Ao contr\u00e1rio do que muitos pensam, o Advento n\u00e3o \u00e9 s\u00f3 prepara\u00e7\u00e3o para o Natal, mas seu significado \u00e9\u00a0 muito mais profundo e nos projeta\u00a0 para uma realidade\u00a0 infinitamente maior: a vinda gloriosa do Senhor.<\/p>\n<p><a href=\"http:\/\/blog.cancaonova.com\/conquista\/files\/2008\/12\/nascimento-menino-deus1.jpg\"><img loading=\"lazy\" decoding=\"async\" class=\"alignright\" src=\"http:\/\/blog.cancaonova.com\/conquista\/files\/2008\/12\/nascimento-menino-deus1.jpg\" alt=\"\" width=\"268\" height=\"173\" \/><\/a>O Advento n\u00e3o somente faz\u00a0 mem\u00f3ria da primeira vinda do Senhor na carne, mas, tamb\u00e9m, nos\u00a0 prepara para a sua volta definitiva.\u00a0 Celebrar o Advento significa:<\/p>\n<p>&#8211; Fazer mem\u00f3ria da primeira vinda do Senhor e reconhecer que Cristo se faz presente e que, portanto, \u00e9 nosso companheiro em nossa caminhada e na vida da igreja que celebra este mist\u00e9rio.<\/p>\n<p>&#8211; Preparar o povo e a igreja para sua volta definitiva.<\/p>\n<p>Segundo o Papa Bento XVI, &#8220;a consci\u00eancia da pr\u00f3xima vinda do Senhor, deveria ajudar-nos a ver o mundo com olhos diferentes, a interpretar os diferentes acontecimentos da vida e da hist\u00f3ria como palavras que Deus nos dirige, como sinais de seu amor, que nos asseguram sua proximidade em cada situa\u00e7\u00e3o. &#8221;<\/p>\n<h4><span style=\"font-weight: normal\">Celebrar o Advento \u00e9 viver a feliz expectativa e esperan\u00e7a proclamando: Vinde Senhor Jesus!<\/span><\/h4>\n<h4><span style=\"font-weight: normal\">Advento \u00e9 tempo de espera e esperan\u00e7a. <\/span><\/h4>\n<h4><span style=\"font-weight: normal\"><a href=\"http:\/\/blog.cancaonova.com\/conquista\/files\/2013\/02\/Natal-cn.jpg\"><img loading=\"lazy\" decoding=\"async\" class=\"size-thumbnail wp-image-16197 alignleft\" src=\"http:\/\/blog.cancaonova.com\/conquista\/files\/2013\/02\/Natal-cn-150x150.jpg\" alt=\"\" width=\"54\" height=\"54\" \/><\/a><\/span><\/h4>\n<h4><span style=\"font-weight: normal\">Unido em ora\u00e7\u00e3o, Natal cn<\/span><\/h4>\n<h4><\/h4>\n","protected":false},"excerpt":{"rendered":"<p>Vinda gloriosa de Jesus Ao contr\u00e1rio do que muitos pensam, o Advento n\u00e3o \u00e9 s\u00f3 prepara\u00e7\u00e3o para o Natal, mas seu significado \u00e9\u00a0 muito mais profundo e nos projeta\u00a0 para uma realidade\u00a0 infinitamente maior: a vinda gloriosa do Senhor. O&#8230;<\/p>\n","protected":false},"author":3201,"featured_media":0,"comment_status":"closed","ping_status":"open","sticky":false,"template":"","format":"standard","meta":{"_mi_skip_tracking":false,"_monsterinsights_sitenote_active":false,"_monsterinsights_sitenote_note":"","_monsterinsights_sitenote_category":0,"footnotes":""},"categories":[23,32],"tags":[9931,150389,31,150390],"_links":{"self":[{"href":"https:\/\/blog.cancaonova.com\/conquista\/wp-json\/wp\/v2\/posts\/2632"}],"collection":[{"href":"https:\/\/blog.cancaonova.com\/conquista\/wp-json\/wp\/v2\/posts"}],"about":[{"href":"https:\/\/blog.cancaonova.com\/conquista\/wp-json\/wp\/v2\/types\/post"}],"author":[{"embeddable":true,"href":"https:\/\/blog.cancaonova.com\/conquista\/wp-json\/wp\/v2\/users\/3201"}],"replies":[{"embeddable":true,"href":"https:\/\/blog.cancaonova.com\/conquista\/wp-json\/wp\/v2\/comments?post=2632"}],"version-history":[{"count":9,"href":"https:\/\/blog.cancaonova.com\/conquista\/wp-json\/wp\/v2\/posts\/2632\/revisions"}],"predecessor-version":[{"id":16501,"href":"https:\/\/blog.cancaonova.com\/conquista\/wp-json\/wp\/v2\/posts\/2632\/revisions\/16501"}],"wp:attachment":[{"href":"https:\/\/blog.cancaonova.com\/conquista\/wp-json\/wp\/v2\/media?parent=2632"}],"wp:term":[{"taxonomy":"category","embeddable":true,"href":"https:\/\/blog.cancaonova.com\/conquista\/wp-json\/wp\/v2\/categories?post=2632"},{"taxonomy":"post_tag","embeddable":true,"href":"https:\/\/blog.cancaonova.com\/conquista\/wp-json\/wp\/v2\/tags?post=2632"}],"curies":[{"name":"wp","href":"https:\/\/api.w.org\/{rel}","templated":true}]}}