{"id":1030,"date":"2025-04-03T17:41:34","date_gmt":"2025-04-03T20:41:34","guid":{"rendered":"https:\/\/blog.cancaonova.com\/cuiaba\/?p=1030"},"modified":"2025-04-23T16:45:58","modified_gmt":"2025-04-23T19:45:58","slug":"semanasanta2025","status":"publish","type":"post","link":"https:\/\/blog.cancaonova.com\/cuiaba\/2025\/04\/03\/semanasanta2025\/","title":{"rendered":"Semana Santa na Can\u00e7\u00e3o Nova - Rinc\u00e3o do Meu Senhor"},"content":{"rendered":"<p>Segue a program\u00e7\u00e3o de celebra\u00e7\u00f5es durante a Semana Santa no Rinc\u00e3o do Meu Senhor em V\u00e1rzea Grande MT, sede da Comunidade Can\u00e7\u00e3o Nova da Arquidiocese de Cuiab\u00e1 MT.<\/p>\n<p>&#8211; 14 de abril (segunda) \u2013 Missa de S\u00e3o Bento \u00e0s 19h<\/p>\n<p>&#8211; 15 de abril (ter\u00e7a) \u2013 Missa \u00e0s 7h30<\/p>\n<p>&#8211; 16 de abril (quarta) \u2013 Missas \u00e0s 7h30 e 12h<\/p>\n<p>&#8211; 17 de abril (quinta) \u2013 Missa de Lava-p\u00e9s \u00e0s 19h<\/p>\n<p>&#8211; 18 de abril (sexta) Fun\u00e7\u00f5es da Paix\u00e3o \u00e0s 15h e encena\u00e7\u00e3o da Via Sacra \u00e0s 18h<\/p>\n<p>&#8211; 19 de abril (s\u00e1bado) \u2013 Vig\u00edlia Pascal \u00e0s 19h<\/p>\n<p>&#8211; 20 de abril (domingo) \u2013 Missa da Ressurrei\u00e7\u00e3o \u00e0s 17h<\/p>\n<p>Celebrante do tr\u00edduo pascal: padre Elenildo Pereira.<\/p>\n<p style=\"text-align: center\">Informa\u00e7\u00f5es: 65999169185<\/p>\n","protected":false},"excerpt":{"rendered":"<p>Segue a program\u00e7\u00e3o de celebra\u00e7\u00f5es durante a Semana Santa no Rinc\u00e3o do Meu Senhor em V\u00e1rzea Grande MT, sede da Comunidade Can\u00e7\u00e3o Nova da Arquidiocese de Cuiab\u00e1 MT. &#8211; 14 de abril (segunda) \u2013 Missa de S\u00e3o Bento \u00e0s 19h&#8230;<\/p>\n","protected":false},"author":4789,"featured_media":1031,"comment_status":"closed","ping_status":"closed","sticky":false,"template":"","format":"standard","meta":{"_mi_skip_tracking":false,"_monsterinsights_sitenote_active":false,"_monsterinsights_sitenote_note":"","_monsterinsights_sitenote_category":0,"footnotes":""},"categories":[],"tags":[],"_links":{"self":[{"href":"https:\/\/blog.cancaonova.com\/cuiaba\/wp-json\/wp\/v2\/posts\/1030"}],"collection":[{"href":"https:\/\/blog.cancaonova.com\/cuiaba\/wp-json\/wp\/v2\/posts"}],"about":[{"href":"https:\/\/blog.cancaonova.com\/cuiaba\/wp-json\/wp\/v2\/types\/post"}],"author":[{"embeddable":true,"href":"https:\/\/blog.cancaonova.com\/cuiaba\/wp-json\/wp\/v2\/users\/4789"}],"replies":[{"embeddable":true,"href":"https:\/\/blog.cancaonova.com\/cuiaba\/wp-json\/wp\/v2\/comments?post=1030"}],"version-history":[{"count":1,"href":"https:\/\/blog.cancaonova.com\/cuiaba\/wp-json\/wp\/v2\/posts\/1030\/revisions"}],"predecessor-version":[{"id":1032,"href":"https:\/\/blog.cancaonova.com\/cuiaba\/wp-json\/wp\/v2\/posts\/1030\/revisions\/1032"}],"wp:featuredmedia":[{"embeddable":true,"href":"https:\/\/blog.cancaonova.com\/cuiaba\/wp-json\/wp\/v2\/media\/1031"}],"wp:attachment":[{"href":"https:\/\/blog.cancaonova.com\/cuiaba\/wp-json\/wp\/v2\/media?parent=1030"}],"wp:term":[{"taxonomy":"category","embeddable":true,"href":"https:\/\/blog.cancaonova.com\/cuiaba\/wp-json\/wp\/v2\/categories?post=1030"},{"taxonomy":"post_tag","embeddable":true,"href":"https:\/\/blog.cancaonova.com\/cuiaba\/wp-json\/wp\/v2\/tags?post=1030"}],"curies":[{"name":"wp","href":"https:\/\/api.w.org\/{rel}","templated":true}]}}