{"id":1041,"date":"2025-04-13T12:04:06","date_gmt":"2025-04-13T15:04:06","guid":{"rendered":"https:\/\/blog.cancaonova.com\/cuiaba\/?p=1041"},"modified":"2025-05-06T16:26:58","modified_gmt":"2025-05-06T19:26:58","slug":"ministros2025","status":"publish","type":"post","link":"https:\/\/blog.cancaonova.com\/cuiaba\/2025\/04\/13\/ministros2025\/","title":{"rendered":"Encontro Arquidiocesano de Ministros da Eucaristia 2025"},"content":{"rendered":"<p>Aproxima-se o Encontro de Ministros Extraordin\u00e1rios da Sagrada Comunh\u00e3o Eucar\u00edstica (MESCE) da Arquidiocese de Cuiab\u00e1 MT.<\/p>\n<p>Com o tema &#8220;Eucaristia, fonte e ponto culminante de toda a vida crist\u00e3 (LG 11)&#8221; e o lema &#8220;\u2018Senhor, d\u00e1-nos sempre desse p\u00e3o\u2019. Jesus disse-lhes: \u2018Eu sou o p\u00e3o da vida. Quem vem a mim n\u00e3o ter\u00e1 fome, cr\u00ea em mim nunca ter\u00e1 sede\u2019&#8221; o evento ser\u00e1 na sede da Comunidade Can\u00e7\u00e3o Nova [RINC\u00c3O DO MEU SENHOR] no s\u00e1bado, 24 de maio de 2025.<\/p>\n<p><img loading=\"lazy\" decoding=\"async\" class=\"aligncenter size-full wp-image-1042\" src=\"https:\/\/blog.cancaonova.com\/cuiaba\/files\/2025\/04\/encontro-MESCE-2025.jpg\" alt=\"\" width=\"1080\" height=\"1350\" srcset=\"https:\/\/blog.cancaonova.com\/cuiaba\/files\/2025\/04\/encontro-MESCE-2025.jpg 1080w, https:\/\/blog.cancaonova.com\/cuiaba\/files\/2025\/04\/encontro-MESCE-2025-240x300.jpg 240w, https:\/\/blog.cancaonova.com\/cuiaba\/files\/2025\/04\/encontro-MESCE-2025-768x960.jpg 768w\" sizes=\"(max-width: 1080px) 100vw, 1080px\" \/><\/p>\n<p>Para participar do evento o ministro deve fazer sua inscri\u00e7\u00e3o com o coordenador respons\u00e1vel pelo MESCE em sua par\u00f3quia.<\/p>\n<p style=\"text-align: left\"><strong>PROGRAMA\u00c7\u00c3O<\/strong><br \/>\n07:00 &#8211; Abertura dos port\u00f5es<br \/>\n07:30 &#8211; Acolhida &#8211; coordena\u00e7\u00e3o do MESCE<br \/>\n<strong>08:00 &#8211; Santa Missa &#8211; Dom M\u00e1rio Ant\u00f4nio<\/strong><br \/>\n09:15 &#8211; Anima\u00e7\u00e3o &#8211; Can\u00e7\u00e3o Nova<br \/>\n09:30 &#8211; 1\u00aa Palestra \u201cN\u00e3o tire o olhar do ventre da Virgem Maria\u201d <strong>padre Francisco Amaral<\/strong><br \/>\n10:30 &#8211; Recados \/ Intervalo<br \/>\n11:00 &#8211; Anima\u00e7\u00e3o &#8211; Can\u00e7\u00e3o Nova<br \/>\n11:10 &#8211; 2\u00aa Palestra \u201cQuem vem a Mim nunca ter\u00e1 fome\u201d (Jo\u00e3o 6, 34-35) <strong>padre Ivan Paix\u00e3o<\/strong><br \/>\n12:00 &#8211; Recados &#8211; Almo\u00e7o<br \/>\n13:30 &#8211; Anima\u00e7\u00e3o &#8211; Can\u00e7\u00e3o Nova<br \/>\n13:45 &#8211; 3\u00aa Palestra &#8211; \u201cEucaristia, nosso tesouro\u201d <strong>padre Donizete Heleno<\/strong><br \/>\n<strong>14:45 &#8211; Adora\u00e7\u00e3o ao Sant\u00edssimo<\/strong><br \/>\ncondu\u00e7\u00e3o da adora\u00e7\u00e3o: padre Donizete Heleno<br \/>\npasseio com o Sant\u00edssimo: padre Ivan Paix\u00e3o<br \/>\nm\u00fasica: Terra da Cruz<br \/>\n15:30 &#8211; Ben\u00e7\u00e3o do Sant\u00edssimo (padre Ivan Paix\u00e3o)<br \/>\n15:40 &#8211; Sorteio &#8211; comunicados<br \/>\n<strong>16:00 &#8211; Encerramento<\/strong><\/p>\n<hr \/>\n<p style=\"text-align: center\"><strong>Informa\u00e7\u00f5es pelo zap 65 99926-1310<\/strong><\/p>\n<hr \/>\n<p><img loading=\"lazy\" decoding=\"async\" class=\"aligncenter size-full wp-image-1096\" src=\"https:\/\/blog.cancaonova.com\/cuiaba\/files\/2025\/04\/Programacao-MESCE-2025.jpg\" alt=\"\" width=\"1080\" height=\"1350\" srcset=\"https:\/\/blog.cancaonova.com\/cuiaba\/files\/2025\/04\/Programacao-MESCE-2025.jpg 1080w, https:\/\/blog.cancaonova.com\/cuiaba\/files\/2025\/04\/Programacao-MESCE-2025-240x300.jpg 240w, https:\/\/blog.cancaonova.com\/cuiaba\/files\/2025\/04\/Programacao-MESCE-2025-768x960.jpg 768w\" sizes=\"(max-width: 1080px) 100vw, 1080px\" \/><\/p>\n","protected":false},"excerpt":{"rendered":"<p>Aproxima-se o Encontro de Ministros Extraordin\u00e1rios da Sagrada Comunh\u00e3o Eucar\u00edstica (MESCE) da Arquidiocese de Cuiab\u00e1 MT. Com o tema &#8220;Eucaristia, fonte e ponto culminante de toda a vida crist\u00e3 (LG 11)&#8221; e o lema &#8220;\u2018Senhor, d\u00e1-nos sempre desse p\u00e3o\u2019. Jesus&#8230;<\/p>\n","protected":false},"author":4789,"featured_media":1042,"comment_status":"closed","ping_status":"closed","sticky":false,"template":"","format":"standard","meta":{"_mi_skip_tracking":false,"_monsterinsights_sitenote_active":false,"_monsterinsights_sitenote_note":"","_monsterinsights_sitenote_category":0,"footnotes":""},"categories":[23],"tags":[],"_links":{"self":[{"href":"https:\/\/blog.cancaonova.com\/cuiaba\/wp-json\/wp\/v2\/posts\/1041"}],"collection":[{"href":"https:\/\/blog.cancaonova.com\/cuiaba\/wp-json\/wp\/v2\/posts"}],"about":[{"href":"https:\/\/blog.cancaonova.com\/cuiaba\/wp-json\/wp\/v2\/types\/post"}],"author":[{"embeddable":true,"href":"https:\/\/blog.cancaonova.com\/cuiaba\/wp-json\/wp\/v2\/users\/4789"}],"replies":[{"embeddable":true,"href":"https:\/\/blog.cancaonova.com\/cuiaba\/wp-json\/wp\/v2\/comments?post=1041"}],"version-history":[{"count":3,"href":"https:\/\/blog.cancaonova.com\/cuiaba\/wp-json\/wp\/v2\/posts\/1041\/revisions"}],"predecessor-version":[{"id":1098,"href":"https:\/\/blog.cancaonova.com\/cuiaba\/wp-json\/wp\/v2\/posts\/1041\/revisions\/1098"}],"wp:featuredmedia":[{"embeddable":true,"href":"https:\/\/blog.cancaonova.com\/cuiaba\/wp-json\/wp\/v2\/media\/1042"}],"wp:attachment":[{"href":"https:\/\/blog.cancaonova.com\/cuiaba\/wp-json\/wp\/v2\/media?parent=1041"}],"wp:term":[{"taxonomy":"category","embeddable":true,"href":"https:\/\/blog.cancaonova.com\/cuiaba\/wp-json\/wp\/v2\/categories?post=1041"},{"taxonomy":"post_tag","embeddable":true,"href":"https:\/\/blog.cancaonova.com\/cuiaba\/wp-json\/wp\/v2\/tags?post=1041"}],"curies":[{"name":"wp","href":"https:\/\/api.w.org\/{rel}","templated":true}]}}