{"id":1047,"date":"2025-04-24T11:43:06","date_gmt":"2025-04-24T14:43:06","guid":{"rendered":"https:\/\/blog.cancaonova.com\/cuiaba\/?p=1047"},"modified":"2025-06-12T10:41:32","modified_gmt":"2025-06-12T13:41:32","slug":"arraia2025","status":"publish","type":"post","link":"https:\/\/blog.cancaonova.com\/cuiaba\/2025\/04\/24\/arraia2025\/","title":{"rendered":"S\u00e1bado, 14 de junho: O Arrai\u00e1 do Rinc\u00e3o \u00e9 tradi\u00e7\u00e3o!"},"content":{"rendered":"<p><span style=\"font-weight: 400\">J\u00e1 \u00e9 tradi\u00e7\u00e3o: m\u00eas de junho tem Arrai\u00e1 no Rinc\u00e3o do Meu Senhor!<\/span><\/p>\n<p><span style=\"font-weight: 400\">Dia 14 de junho, a partir das 19h, os port\u00f5es da sede da Comunidade Can\u00e7\u00e3o Nova, em V\u00e1rzea Grande MT, estar\u00e3o abertos para receber voc\u00ea e a sua fam\u00edlia para esta grande festa junina. A entrada \u00e9 franca.<\/span><\/p>\n<p><span style=\"font-weight: 400\">S\u00e3o in\u00fameras barracas com comidas t\u00edpicas, entretenimento para a crian\u00e7ada, quadrilha e neste ano, com uma grande novidade: <strong>a presen\u00e7a da dupla Vivy e Nath\u00e3n que vem de S\u00e3o Paulo para animar a festa<\/strong> com m\u00fasica cat\u00f3lica de qualidade.<\/span><\/p>\n<p><img loading=\"lazy\" decoding=\"async\" class=\"aligncenter size-full wp-image-1049\" src=\"https:\/\/blog.cancaonova.com\/cuiaba\/files\/2025\/04\/arraia-2025-capa.jpg\" alt=\"\" width=\"1200\" height=\"800\" srcset=\"https:\/\/blog.cancaonova.com\/cuiaba\/files\/2025\/04\/arraia-2025-capa.jpg 1200w, https:\/\/blog.cancaonova.com\/cuiaba\/files\/2025\/04\/arraia-2025-capa-300x200.jpg 300w, https:\/\/blog.cancaonova.com\/cuiaba\/files\/2025\/04\/arraia-2025-capa-768x512.jpg 768w, https:\/\/blog.cancaonova.com\/cuiaba\/files\/2025\/04\/arraia-2025-capa-272x182.jpg 272w\" sizes=\"(max-width: 1200px) 100vw, 1200px\" \/><\/p>\n<p>O estacionamento \u00e9 gratu\u00edto e o ambiente prop\u00edcio para uma conviv\u00eancia familiar crist\u00e3.<\/p>\n<p><span style=\"font-weight: 400\">Na festa junina tamb\u00e9m haver\u00e1 o sorteio de:<\/span><\/p>\n<ul>\n<li><span style=\"font-weight: 400\">1 moto 0km, <\/span><\/li>\n<li><span style=\"font-weight: 400\">1 celular novinho e <\/span><\/li>\n<li><span style=\"font-weight: 400\">R$ 1.000. <\/span><\/li>\n<\/ul>\n<p><span style=\"font-weight: 400\">O bilhetes para concorrer aos pr\u00eamios custam R$ 20 j\u00e1 est\u00e3o \u00e0 venda na secretaria da Can\u00e7\u00e3o Nova.<\/span><\/p>\n<hr \/>\n<p style=\"text-align: center\"><span style=\"font-weight: 400\">Informa\u00e7\u00f5es pelo zap 65 99916-9185<\/span><\/p>\n<hr \/>\n<p><img loading=\"lazy\" decoding=\"async\" class=\"aligncenter size-full wp-image-1064\" src=\"https:\/\/blog.cancaonova.com\/cuiaba\/files\/2025\/04\/acao-2025-arraia.jpeg\" alt=\"\" width=\"900\" height=\"1600\" srcset=\"https:\/\/blog.cancaonova.com\/cuiaba\/files\/2025\/04\/acao-2025-arraia.jpeg 900w, https:\/\/blog.cancaonova.com\/cuiaba\/files\/2025\/04\/acao-2025-arraia-169x300.jpeg 169w, https:\/\/blog.cancaonova.com\/cuiaba\/files\/2025\/04\/acao-2025-arraia-768x1365.jpeg 768w, https:\/\/blog.cancaonova.com\/cuiaba\/files\/2025\/04\/acao-2025-arraia-864x1536.jpeg 864w\" sizes=\"(max-width: 900px) 100vw, 900px\" \/><\/p>\n<h3 style=\"text-align: center\"><b>PROGRAMA\u00c7\u00c3O<\/b><\/h3>\n<p><span style=\"font-weight: 400\">19:00 \u00e0s 19:05 &#8211; Abertura da Festa &#8211; Padre Elenildo Pereira<\/span><\/p>\n<p><span style=\"font-weight: 400\">19:05 \u00e0s 19:10 &#8211; Promo\u00e7\u00e3o de Palco &#8211; Fernando Fantini<\/span><\/p>\n<p><b>19:10 \u00e0s 20:20 &#8211; M\u00fasica Vivy e Nathan<\/b><\/p>\n<p><span style=\"font-weight: 400\">20:20 \u00e0s 20:40 &#8211; Sorteio de brindes | Venda a\u00e7\u00e3o entre amigos | promo\u00e7\u00e3o de palco &#8211; Fernando Fantini<\/span><\/p>\n<p><b>20:40 \u00e0s 21:30 &#8211; M\u00fasica Vivy e Nathan\u00a0<\/b><\/p>\n<p><b>21:30 \u00e0s 22:50 &#8211; Quadrilha com Vivy e Nathan<\/b><\/p>\n<p><span style=\"font-weight: 400\">22:00 &#8211; Sorteio e encerramento &#8211; padre Elenildo Pereira<\/span><\/p>\n","protected":false},"excerpt":{"rendered":"<p>J\u00e1 \u00e9 tradi\u00e7\u00e3o: m\u00eas de junho tem Arrai\u00e1 no Rinc\u00e3o do Meu Senhor! Dia 14 de junho, a partir das 19h, os port\u00f5es da sede da Comunidade Can\u00e7\u00e3o Nova, em V\u00e1rzea Grande MT, estar\u00e3o abertos para receber voc\u00ea e a&#8230;<\/p>\n","protected":false},"author":4789,"featured_media":1049,"comment_status":"closed","ping_status":"closed","sticky":false,"template":"","format":"standard","meta":{"_mi_skip_tracking":false,"_monsterinsights_sitenote_active":false,"_monsterinsights_sitenote_note":"","_monsterinsights_sitenote_category":0,"footnotes":""},"categories":[290472],"tags":[],"_links":{"self":[{"href":"https:\/\/blog.cancaonova.com\/cuiaba\/wp-json\/wp\/v2\/posts\/1047"}],"collection":[{"href":"https:\/\/blog.cancaonova.com\/cuiaba\/wp-json\/wp\/v2\/posts"}],"about":[{"href":"https:\/\/blog.cancaonova.com\/cuiaba\/wp-json\/wp\/v2\/types\/post"}],"author":[{"embeddable":true,"href":"https:\/\/blog.cancaonova.com\/cuiaba\/wp-json\/wp\/v2\/users\/4789"}],"replies":[{"embeddable":true,"href":"https:\/\/blog.cancaonova.com\/cuiaba\/wp-json\/wp\/v2\/comments?post=1047"}],"version-history":[{"count":6,"href":"https:\/\/blog.cancaonova.com\/cuiaba\/wp-json\/wp\/v2\/posts\/1047\/revisions"}],"predecessor-version":[{"id":1163,"href":"https:\/\/blog.cancaonova.com\/cuiaba\/wp-json\/wp\/v2\/posts\/1047\/revisions\/1163"}],"wp:featuredmedia":[{"embeddable":true,"href":"https:\/\/blog.cancaonova.com\/cuiaba\/wp-json\/wp\/v2\/media\/1049"}],"wp:attachment":[{"href":"https:\/\/blog.cancaonova.com\/cuiaba\/wp-json\/wp\/v2\/media?parent=1047"}],"wp:term":[{"taxonomy":"category","embeddable":true,"href":"https:\/\/blog.cancaonova.com\/cuiaba\/wp-json\/wp\/v2\/categories?post=1047"},{"taxonomy":"post_tag","embeddable":true,"href":"https:\/\/blog.cancaonova.com\/cuiaba\/wp-json\/wp\/v2\/tags?post=1047"}],"curies":[{"name":"wp","href":"https:\/\/api.w.org\/{rel}","templated":true}]}}