{"id":1053,"date":"2025-07-01T08:14:23","date_gmt":"2025-07-01T11:14:23","guid":{"rendered":"https:\/\/blog.cancaonova.com\/cuiaba\/?p=1053"},"modified":"2025-07-01T10:50:07","modified_gmt":"2025-07-01T13:50:07","slug":"livrainos2025","status":"publish","type":"post","link":"https:\/\/blog.cancaonova.com\/cuiaba\/2025\/07\/01\/livrainos2025\/","title":{"rendered":"LIVRAI-NOS DO MAL 2025 - N\u00e3o vos conformeis com este mundo"},"content":{"rendered":"<p><span style=\"font-weight: 400\">A Comunidade Can\u00e7\u00e3o Nova de Cuiab\u00e1\/MT promove, no <strong>domingo 6 de julho de 2025<\/strong>, o Kair\u00f3s \u201cLivrai-nos do mal\u201d em sua sede na cidade de V\u00e1rzea Grande\/MT.\u00a0<\/span><\/p>\n<p><span style=\"font-weight: 400\">O tema deste ano \u00e9 \u201cN\u00e3o vos conformeis com este mundo\u201d conforme Romanos 12,2.<\/span><\/p>\n<p><span style=\"font-weight: 400\">A escolha do tema visa fortalecer a f\u00e9 dos participantes, incentivando-os a buscar um encontro mais profundo com Deus, para enfrentar as adversidades e resistir \u00e0s influ\u00eancias malignas.<\/span><\/p>\n<p><span style=\"font-weight: 400\">As presen\u00e7as de <strong>Padre Bruno Costa e Ana L\u00facia<\/strong>, mission\u00e1rios de Cachoeira Paulista\/SP, est\u00e3o confirmadas.\u00a0<\/span><\/p>\n<p><span style=\"font-weight: 400\">Tamb\u00e9m participar\u00e1 o mission\u00e1rio<strong> Ironi Spuldaro<\/strong> que conduzir\u00e1 prega\u00e7\u00f5es e momentos de ora\u00e7\u00e3o<\/span><\/p>\n<p><span style=\"font-weight: 400\">O evento \u00e9 gratuito e n\u00e3o h\u00e1 limite de idade para participar. Haver\u00e1 almo\u00e7o servido no local no valor de R$ 20.<\/span><\/p>\n<p><span style=\"font-weight: 400\">Siga o instagram <\/span><a href=\"https:\/\/www.instagram.com\/cancaonovacuiaba\"><span style=\"font-weight: 400\">@cancaonovacuiaba<\/span><\/a><span style=\"font-weight: 400\"> e acompanhe os detalhes e a cobertura das atividades CN no Mato Grosso.<\/span><\/p>\n<p><img loading=\"lazy\" decoding=\"async\" class=\"aligncenter wp-image-1062 size-full\" src=\"https:\/\/blog.cancaonova.com\/cuiaba\/files\/2025\/04\/capa-livrai-nos-2025.jpeg\" alt=\"\" width=\"1600\" height=\"900\" srcset=\"https:\/\/blog.cancaonova.com\/cuiaba\/files\/2025\/04\/capa-livrai-nos-2025.jpeg 1600w, https:\/\/blog.cancaonova.com\/cuiaba\/files\/2025\/04\/capa-livrai-nos-2025-300x169.jpeg 300w, https:\/\/blog.cancaonova.com\/cuiaba\/files\/2025\/04\/capa-livrai-nos-2025-768x432.jpeg 768w, https:\/\/blog.cancaonova.com\/cuiaba\/files\/2025\/04\/capa-livrai-nos-2025-384x216.jpeg 384w, https:\/\/blog.cancaonova.com\/cuiaba\/files\/2025\/04\/capa-livrai-nos-2025-512x288.jpeg 512w, https:\/\/blog.cancaonova.com\/cuiaba\/files\/2025\/04\/capa-livrai-nos-2025-1024x576.jpeg 1024w, https:\/\/blog.cancaonova.com\/cuiaba\/files\/2025\/04\/capa-livrai-nos-2025-1536x864.jpeg 1536w\" sizes=\"(max-width: 1600px) 100vw, 1600px\" \/><\/p>\n<h3 style=\"text-align: center\"><b>PROGRAMA\u00c7\u00c3O de domingo, 6 de julho<\/b><\/h3>\n<p><span style=\"font-weight: 400\">08:30 &#8211; Ter\u00e7o Mariano &#8211; Jovens CN<\/span><\/p>\n<p><span style=\"font-weight: 400\">09:00 &#8211; Louvor &#8211; <\/span><span style=\"font-weight: 400\">Ana L\u00facia<\/span><\/p>\n<p><span style=\"font-weight: 400\">09:20 &#8211; Prega\u00e7\u00e3o<\/span> <b>\u201cA esperan\u00e7a n\u00e3o decepciona\u201d<\/b> <i><span style=\"font-weight: 400\">Rm 5,5<\/span><\/i><span style=\"font-weight: 400\"> &#8211; <\/span><b>Ironi Spuldaro<\/b><\/p>\n<p><span style=\"font-weight: 400\">10:20 &#8211; Ora\u00e7\u00e3o<\/span><\/p>\n<p><span style=\"font-weight: 400\">10:30 &#8211; Promo\u00e7\u00e3o de palco e intervalo<\/span><\/p>\n<p><span style=\"font-weight: 400\">11:00 &#8211; Louvor &#8211; <\/span><span style=\"font-weight: 400\">Ana L\u00facia<\/span><\/p>\n<p><span style=\"font-weight: 400\">11:20 &#8211; Prega\u00e7\u00e3o<\/span> <b>\u201cN\u00e3o vos conformei com este mundo\u201d<\/b> <i><span style=\"font-weight: 400\">Rm 12,2 <\/span><\/i><span style=\"font-weight: 400\">&#8211; <\/span><b>padre Bruno Costa<\/b><\/p>\n<p><span style=\"font-weight: 400\">12:20 &#8211; Ora\u00e7\u00e3o<\/span><\/p>\n<p><span style=\"font-weight: 400\">13:30 &#8211;\u00a0 Louvor &#8211;<\/span><span style=\"font-weight: 400\"> Ana L\u00facia<\/span><\/p>\n<p><span style=\"font-weight: 400\">13:50 &#8211; Prega\u00e7\u00e3o <\/span><b>\u201cVencei o mal com o bem\u201d<\/b> <i><span style=\"font-weight: 400\">Rm 12,22<\/span><\/i><span style=\"font-weight: 400\"> &#8211; <\/span><b>Ironi Spuldaro<\/b><\/p>\n<p><span style=\"font-weight: 400\">14:50 &#8211; Adora\u00e7\u00e3o ao Sant\u00edssimo &#8211; <\/span><span style=\"font-weight: 400\">Ana L\u00facia e padre Bruno Costa<\/span><\/p>\n<p><span style=\"font-weight: 400\">16:00 &#8211; Ben\u00e7\u00e3o do Sant\u00edssimo<\/span><\/p>\n<p><span style=\"font-weight: 400\">17:00 &#8211; Santa Missa &#8211; <\/span><b>padre Bruno Costa<\/b><\/p>\n<hr \/>\n<p><span style=\"font-weight: 400\"><strong>Na segunda-feira, 7 de julho<\/strong>, padre Bruno Costa celebrar\u00e1 a Missa de S\u00e3o Bento \u00e0s 19h no Rinc\u00e3o. Essa celebra\u00e7\u00e3o acontece todas \u00e0s segundas-feiras e \u00e9 uma Missa onde se reza por cura e liberta\u00e7\u00e3o.<\/span><\/p>\n<p><span style=\"font-weight: 400\">18:00 \u2013 Ora\u00e7\u00e3o do Ter\u00e7o Mariano<\/span><\/p>\n<p><span style=\"font-weight: 400\">19:00 \u2013 Missa Votiva a S\u00e3o Bento \u2013 padre Bruno Costa | m\u00fasica: Ana L\u00facia<\/span><\/p>\n<p><span style=\"font-weight: 400\">20:30 \u2013 Passeio do Sant\u00edssimo<\/span><\/p>\n<p><span style=\"font-weight: 400\">21:00 \u2013 Ben\u00e7\u00e3o do Sant\u00edssimo<\/span><\/p>\n<hr \/>\n<p style=\"text-align: center\"><span style=\"font-weight: 400\">Programa\u00e7\u00e3o sujeita \u00e0 altera\u00e7\u00f5es sem aviso pr\u00e9vio<\/span><\/p>\n<hr \/>\n<p style=\"text-align: center\"><span style=\"font-weight: 400\">Local do evento: Comunidade Can\u00e7\u00e3o Nova [Rinc\u00e3o do Meu Senhor]<\/span><span style=\"font-weight: 400\"><br \/>\n<\/span><span style=\"font-weight: 400\">Rua do Imperador, 502, Cristo Rei, V\u00e1rzea Grande \/ MT<\/span><span style=\"font-weight: 400\"><br \/>\n<\/span><strong>Informa\u00e7\u00f5es pelo whatsapp: 65 99916-9185<\/strong><\/p>\n<p>&nbsp;<\/p>\n","protected":false},"excerpt":{"rendered":"<p>A Comunidade Can\u00e7\u00e3o Nova de Cuiab\u00e1\/MT promove, no domingo 6 de julho de 2025, o Kair\u00f3s \u201cLivrai-nos do mal\u201d em sua sede na cidade de V\u00e1rzea Grande\/MT.\u00a0 O tema deste ano \u00e9 \u201cN\u00e3o vos conformeis com este mundo\u201d conforme Romanos&#8230;<\/p>\n","protected":false},"author":4789,"featured_media":1062,"comment_status":"closed","ping_status":"closed","sticky":false,"template":"","format":"standard","meta":{"_mi_skip_tracking":false,"_monsterinsights_sitenote_active":false,"_monsterinsights_sitenote_note":"","_monsterinsights_sitenote_category":0,"footnotes":""},"categories":[290489],"tags":[],"_links":{"self":[{"href":"https:\/\/blog.cancaonova.com\/cuiaba\/wp-json\/wp\/v2\/posts\/1053"}],"collection":[{"href":"https:\/\/blog.cancaonova.com\/cuiaba\/wp-json\/wp\/v2\/posts"}],"about":[{"href":"https:\/\/blog.cancaonova.com\/cuiaba\/wp-json\/wp\/v2\/types\/post"}],"author":[{"embeddable":true,"href":"https:\/\/blog.cancaonova.com\/cuiaba\/wp-json\/wp\/v2\/users\/4789"}],"replies":[{"embeddable":true,"href":"https:\/\/blog.cancaonova.com\/cuiaba\/wp-json\/wp\/v2\/comments?post=1053"}],"version-history":[{"count":3,"href":"https:\/\/blog.cancaonova.com\/cuiaba\/wp-json\/wp\/v2\/posts\/1053\/revisions"}],"predecessor-version":[{"id":1169,"href":"https:\/\/blog.cancaonova.com\/cuiaba\/wp-json\/wp\/v2\/posts\/1053\/revisions\/1169"}],"wp:featuredmedia":[{"embeddable":true,"href":"https:\/\/blog.cancaonova.com\/cuiaba\/wp-json\/wp\/v2\/media\/1062"}],"wp:attachment":[{"href":"https:\/\/blog.cancaonova.com\/cuiaba\/wp-json\/wp\/v2\/media?parent=1053"}],"wp:term":[{"taxonomy":"category","embeddable":true,"href":"https:\/\/blog.cancaonova.com\/cuiaba\/wp-json\/wp\/v2\/categories?post=1053"},{"taxonomy":"post_tag","embeddable":true,"href":"https:\/\/blog.cancaonova.com\/cuiaba\/wp-json\/wp\/v2\/tags?post=1053"}],"curies":[{"name":"wp","href":"https:\/\/api.w.org\/{rel}","templated":true}]}}