{"id":106,"date":"2020-12-18T19:57:39","date_gmt":"2020-12-18T22:57:39","guid":{"rendered":"http:\/\/blog.cancaonova.com\/cuiaba\/?p=106"},"modified":"2023-11-23T19:59:09","modified_gmt":"2023-11-23T22:59:09","slug":"maria-sente-fortes-contracoes-caminhando-pelo-deserto","status":"publish","type":"post","link":"https:\/\/blog.cancaonova.com\/cuiaba\/2020\/12\/18\/maria-sente-fortes-contracoes-caminhando-pelo-deserto\/","title":{"rendered":"Maria sente fortes contra\u00e7\u00f5es caminhando pelo deserto"},"content":{"rendered":"<div class=\"at-above-post addthis_tool\" data-url=\"https:\/\/web.archive.org\/web\/20210122201755oe_\/https:\/\/blog.cancaonova.com\/cuiaba\/caminhando-pelo-deserto\/\">\u00a0Maria fala que sentiu fortes contra\u00e7\u00f5es no deserto que e chegou a pensar que havia entrado em trabalho de parto, mas foi somente um susto.<\/div>\n<p><a href=\"https:\/\/web.archive.org\/web\/20210122201755\/http:\/\/blog.cancaonova.com\/cuiaba\/files\/2019\/03\/Novena-9-meses-com-Maria.jpg\" target=\"_blank\" rel=\"noopener\"><img loading=\"lazy\" decoding=\"async\" class=\"size-full wp-image-15714 alignleft\" src=\"https:\/\/web.archive.org\/web\/20210122201755im_\/http:\/\/blog.cancaonova.com\/cuiaba\/files\/2019\/03\/Novena-9-meses-com-Maria.jpg\" sizes=\"(max-width: 200px) 100vw, 200px\" srcset=\"https:\/\/web.archive.org\/web\/20210122201755im_\/https:\/\/blog.cancaonova.com\/cuiaba\/files\/2019\/03\/Novena-9-meses-com-Maria.jpg 200w, https:\/\/web.archive.org\/web\/20210122201755im_\/https:\/\/blog.cancaonova.com\/cuiaba\/files\/2019\/03\/Novena-9-meses-com-Maria-144x144.jpg 144w\" alt=\"\" width=\"200\" height=\"200\" \/><\/a>Meditemos o 269\u00ba dia da gesta\u00e7\u00e3o de Maria.<\/p>\n<p>Em\u00a0 nome do Pai, e do Filho e do Esp\u00edrito Santo. Am\u00e9m.<\/p>\n<p>Espirito Santo ajuda-nos a cumprir as ordens de Deus, na certeza que \u00e9 Ele quem determina tudo.<\/p>\n<p>Reflex\u00e3o do dia<\/p>\n<p>\u2013 Quem \u00e9 esta que sobe do deserto apoiada em seu bem-amado?<\/p>\n<p>\u2013 Sob a macieira eu te despertei, onde em dores te deu \u00e0 luz tua m\u00e3e, onde em dores te p\u00f4s no mundo tua m\u00e3e. (C\u00e2ntico dos C\u00e2nticos 8,5)<\/p>\n<p>Enquanto seguimos pelo deserto, senti fortes contra\u00e7\u00f5es, cheguei a pensar que eu tinha entrado em trabalho de parto. Mas foi s\u00f3 um susto, depois de um tempo, parada e respirando fundo, as dores passaram. Fiquei bastante apreensiva de Jesus nascer no meio dessa regi\u00e3o t\u00e3o sem vida. Preocupado, por\u00e9m, ficou Jos\u00e9, ele n\u00e3o sabia o que fazer. Depois que os \u00e2nimos se acalmaram, seguimos nosso caminho. No final da tarde encontramos uma gruta n\u00e3o muito profunda, que nos garantiu prote\u00e7\u00e3o contra o forte vento que fez esta noite.<\/p>\n<p>Quem determina \u00e9 Deus, nossa fun\u00e7\u00e3o \u00e9 cumprir.<\/p>\n<p><strong>Ora\u00e7\u00e3o Di\u00e1ria<\/strong><\/p>\n<p>Deus Pai, que por obra do Esp\u00edrito Santo fecundaste o seio virginal de Maria e a escolheste para ser a M\u00e3e de Jesus, nosso Salvador, eu te louvo e te agrade\u00e7o por teu amor incondicional por mim, por minha fam\u00edlia e por toda a humanidade. Sei que minha vida \u00e9 regida pela tua provid\u00eancia; da mesma forma que chamaste Maria para uma miss\u00e3o t\u00e3o importante, tamb\u00e9m me chamas para cumprir teus des\u00edgnios. Quero ser fiel a ti, a exemplo de Maria que gerou o Verbo por nove meses; tamb\u00e9m quero gestar o teu Filho em meu cora\u00e7\u00e3o at\u00e9 eu poder dizer como o ap\u00f3stolo Paulo: J\u00e1 n\u00e3o sou eu quem vivo \u00e9 Cristo quem vive em mim. Nesta novena em que eu acompanho diariamente os nove meses da Virgem Imaculada gr\u00e1vida eu te pe\u00e7o a gra\u00e7a (\u2026fazer o pedido\u2026). Eu confio, amo e espero, assim como tua serva, Maria Sant\u00edssima, M\u00e3e de Jesus. Am\u00e9m.<\/p>\n<p>&nbsp;<\/p>\n<p>Terminar com um pai-nosso, tr\u00eas ave-marias e um gl\u00f3ria ao Pai.<\/p>\n<p><strong>Fonte:<\/strong>\u00a0Erlin, Luis. 9 meses com Maria.<\/p>\n","protected":false},"excerpt":{"rendered":"<p>\u00a0Maria fala que sentiu fortes contra\u00e7\u00f5es no deserto que e chegou a pensar que havia entrado em trabalho de parto, mas foi somente um susto. Meditemos o 269\u00ba dia da gesta\u00e7\u00e3o de Maria. Em\u00a0 nome do Pai, e do Filho&#8230;<\/p>\n","protected":false},"author":4539,"featured_media":0,"comment_status":"open","ping_status":"open","sticky":false,"template":"","format":"standard","meta":{"_mi_skip_tracking":false,"_monsterinsights_sitenote_active":false,"_monsterinsights_sitenote_note":"","_monsterinsights_sitenote_category":0,"footnotes":""},"categories":[8631],"tags":[],"_links":{"self":[{"href":"https:\/\/blog.cancaonova.com\/cuiaba\/wp-json\/wp\/v2\/posts\/106"}],"collection":[{"href":"https:\/\/blog.cancaonova.com\/cuiaba\/wp-json\/wp\/v2\/posts"}],"about":[{"href":"https:\/\/blog.cancaonova.com\/cuiaba\/wp-json\/wp\/v2\/types\/post"}],"author":[{"embeddable":true,"href":"https:\/\/blog.cancaonova.com\/cuiaba\/wp-json\/wp\/v2\/users\/4539"}],"replies":[{"embeddable":true,"href":"https:\/\/blog.cancaonova.com\/cuiaba\/wp-json\/wp\/v2\/comments?post=106"}],"version-history":[{"count":0,"href":"https:\/\/blog.cancaonova.com\/cuiaba\/wp-json\/wp\/v2\/posts\/106\/revisions"}],"wp:attachment":[{"href":"https:\/\/blog.cancaonova.com\/cuiaba\/wp-json\/wp\/v2\/media?parent=106"}],"wp:term":[{"taxonomy":"category","embeddable":true,"href":"https:\/\/blog.cancaonova.com\/cuiaba\/wp-json\/wp\/v2\/categories?post=106"},{"taxonomy":"post_tag","embeddable":true,"href":"https:\/\/blog.cancaonova.com\/cuiaba\/wp-json\/wp\/v2\/tags?post=106"}],"curies":[{"name":"wp","href":"https:\/\/api.w.org\/{rel}","templated":true}]}}