{"id":1066,"date":"2025-04-30T15:15:36","date_gmt":"2025-04-30T18:15:36","guid":{"rendered":"https:\/\/blog.cancaonova.com\/cuiaba\/?p=1066"},"modified":"2025-07-24T18:24:57","modified_gmt":"2025-07-24T21:24:57","slug":"maes2025","status":"publish","type":"post","link":"https:\/\/blog.cancaonova.com\/cuiaba\/2025\/04\/30\/maes2025\/","title":{"rendered":"Inscri\u00e7\u00f5es abertas: VI Encontro Estadual M\u00e3es que Oram Pelos Filhos MT"},"content":{"rendered":"<p><span style=\"font-weight: 400\">A VI edi\u00e7\u00e3o do Encontro Estadual do Movimento \u201cM\u00e3es que Oram Pelos Filhos\u201d de Mato Grosso j\u00e1 tem data e ser\u00e1 no Rinc\u00e3o do Meu Senhor, sede da Comunidade Can\u00e7\u00e3o Nova, em V\u00e1rzea Grande &#8211; MT.<\/span><\/p>\n<p><span style=\"font-weight: 400\">O evento ser\u00e1 no s\u00e1bado, <strong>26 de julho de 2025<\/strong>.\u00a0<\/span><\/p>\n<p>O tema para este ano, dedicado \u00e0 ora\u00e7\u00e3o \u00e9 &#8220;vida interior em tempos de combate&#8221;.<\/p>\n<p><img loading=\"lazy\" decoding=\"async\" class=\"aligncenter wp-image-1067 size-full\" src=\"https:\/\/blog.cancaonova.com\/cuiaba\/files\/2025\/04\/maes-q-oram-2025.jpg\" alt=\"\" width=\"1920\" height=\"1080\" srcset=\"https:\/\/blog.cancaonova.com\/cuiaba\/files\/2025\/04\/maes-q-oram-2025.jpg 1920w, https:\/\/blog.cancaonova.com\/cuiaba\/files\/2025\/04\/maes-q-oram-2025-300x169.jpg 300w, https:\/\/blog.cancaonova.com\/cuiaba\/files\/2025\/04\/maes-q-oram-2025-768x432.jpg 768w, https:\/\/blog.cancaonova.com\/cuiaba\/files\/2025\/04\/maes-q-oram-2025-384x216.jpg 384w, https:\/\/blog.cancaonova.com\/cuiaba\/files\/2025\/04\/maes-q-oram-2025-512x288.jpg 512w, https:\/\/blog.cancaonova.com\/cuiaba\/files\/2025\/04\/maes-q-oram-2025-1024x576.jpg 1024w, https:\/\/blog.cancaonova.com\/cuiaba\/files\/2025\/04\/maes-q-oram-2025-1536x864.jpg 1536w\" sizes=\"(max-width: 1920px) 100vw, 1920px\" \/><\/p>\n<p><span style=\"font-weight: 400\">Para participar voc\u00ea precisa fazer a sua inscri\u00e7\u00e3o, que d\u00e1 direito ao almo\u00e7o. O 1\u00ba lote, promocional, j\u00e1 encerrou-se, mas est\u00e3o abertas as inscri\u00e7\u00f5es da 2\u00ba remessa.<\/span><\/p>\n<p><strong>Terceiro lote 300 inscri\u00e7\u00f5es<br \/>\nR$ 60 (sessenta reais)<\/strong><\/p>\n<hr \/>\n<p style=\"text-align: center\"><a href=\"https:\/\/forms.gle\/9ABJ9nGXPtNwnjbS6\"><span style=\"font-weight: 400\">Inscreva-se agora mesmo por R$ 60<\/span><\/a><\/p>\n<hr \/>\n<p>O pagamento poder\u00e1 ser feito por:<\/p>\n<p><span style=\"font-weight: 400\">PIX: 66999030543 (celular) ou\u00a0<\/span><\/p>\n<p><span style=\"font-weight: 400\">Dep\u00f3sito em Conta Corrente: Banco Sicoob &#8211; 756<\/span><\/p>\n<p><span style=\"font-weight: 400\">Ag\u00eancia: 4345\u00a0 Conta: 27.086-5\u00a0<\/span><\/p>\n<p><span style=\"font-weight: 400\">CPF 01501839926 &#8211; Patr\u00edcia Alcantara Andrade &#8211; Secret\u00e1ria do Movimento em Mato Grosso<\/span><\/p>\n<hr \/>\n<p><span style=\"font-weight: 400\">A confirma\u00e7\u00e3o da inscri\u00e7\u00e3o ser\u00e1 feita ap\u00f3s o recebimento do comprovante de pagamento.<\/span><\/p>\n<p><i><span style=\"font-weight: 400\">O comprovante dever\u00e1 ser enviado pelo whatsapp para o celular: (66) 999030543<\/span><\/i><\/p>\n<p><img loading=\"lazy\" decoding=\"async\" class=\"aligncenter wp-image-1184 size-full\" src=\"https:\/\/blog.cancaonova.com\/cuiaba\/files\/2025\/04\/programacao-maes-2025.jpg\" alt=\"\" width=\"1080\" height=\"1350\" srcset=\"https:\/\/blog.cancaonova.com\/cuiaba\/files\/2025\/04\/programacao-maes-2025.jpg 1080w, https:\/\/blog.cancaonova.com\/cuiaba\/files\/2025\/04\/programacao-maes-2025-240x300.jpg 240w, https:\/\/blog.cancaonova.com\/cuiaba\/files\/2025\/04\/programacao-maes-2025-768x960.jpg 768w\" sizes=\"(max-width: 1080px) 100vw, 1080px\" \/><\/p>\n","protected":false},"excerpt":{"rendered":"<p>A VI edi\u00e7\u00e3o do Encontro Estadual do Movimento \u201cM\u00e3es que Oram Pelos Filhos\u201d de Mato Grosso j\u00e1 tem data e ser\u00e1 no Rinc\u00e3o do Meu Senhor, sede da Comunidade Can\u00e7\u00e3o Nova, em V\u00e1rzea Grande &#8211; MT. O evento ser\u00e1 no&#8230;<\/p>\n","protected":false},"author":4789,"featured_media":1067,"comment_status":"closed","ping_status":"closed","sticky":false,"template":"","format":"standard","meta":{"_mi_skip_tracking":false,"_monsterinsights_sitenote_active":false,"_monsterinsights_sitenote_note":"","_monsterinsights_sitenote_category":0,"footnotes":""},"categories":[290488],"tags":[],"_links":{"self":[{"href":"https:\/\/blog.cancaonova.com\/cuiaba\/wp-json\/wp\/v2\/posts\/1066"}],"collection":[{"href":"https:\/\/blog.cancaonova.com\/cuiaba\/wp-json\/wp\/v2\/posts"}],"about":[{"href":"https:\/\/blog.cancaonova.com\/cuiaba\/wp-json\/wp\/v2\/types\/post"}],"author":[{"embeddable":true,"href":"https:\/\/blog.cancaonova.com\/cuiaba\/wp-json\/wp\/v2\/users\/4789"}],"replies":[{"embeddable":true,"href":"https:\/\/blog.cancaonova.com\/cuiaba\/wp-json\/wp\/v2\/comments?post=1066"}],"version-history":[{"count":7,"href":"https:\/\/blog.cancaonova.com\/cuiaba\/wp-json\/wp\/v2\/posts\/1066\/revisions"}],"predecessor-version":[{"id":1185,"href":"https:\/\/blog.cancaonova.com\/cuiaba\/wp-json\/wp\/v2\/posts\/1066\/revisions\/1185"}],"wp:featuredmedia":[{"embeddable":true,"href":"https:\/\/blog.cancaonova.com\/cuiaba\/wp-json\/wp\/v2\/media\/1067"}],"wp:attachment":[{"href":"https:\/\/blog.cancaonova.com\/cuiaba\/wp-json\/wp\/v2\/media?parent=1066"}],"wp:term":[{"taxonomy":"category","embeddable":true,"href":"https:\/\/blog.cancaonova.com\/cuiaba\/wp-json\/wp\/v2\/categories?post=1066"},{"taxonomy":"post_tag","embeddable":true,"href":"https:\/\/blog.cancaonova.com\/cuiaba\/wp-json\/wp\/v2\/tags?post=1066"}],"curies":[{"name":"wp","href":"https:\/\/api.w.org\/{rel}","templated":true}]}}