{"id":1072,"date":"2025-04-30T16:11:47","date_gmt":"2025-04-30T19:11:47","guid":{"rendered":"https:\/\/blog.cancaonova.com\/cuiaba\/?p=1072"},"modified":"2025-05-29T14:41:38","modified_gmt":"2025-05-29T17:41:38","slug":"pentecostes2025","status":"publish","type":"post","link":"https:\/\/blog.cancaonova.com\/cuiaba\/2025\/04\/30\/pentecostes2025\/","title":{"rendered":"8 de junho: Encontro de Pentecostes na Can\u00e7\u00e3o Nova [Rinc\u00e3o]"},"content":{"rendered":"<p>A RCC (Renova\u00e7\u00e3o Carism\u00e1tica Cat\u00f3lica) da Arquidiocese de Cuiab\u00e1 &#8211; MT, em parceria com a Comunidade Can\u00e7\u00e3o Nova promove, no Rinc\u00e3o do Meu Senhor, o grandioso encontro de Pentecostes de 2025.<\/p>\n<p>Ser\u00e1 no domingo, 8 de junho, a partir das 7h30.<\/p>\n<p>A entrada \u00e9 gratuita. Haver\u00e1 pra\u00e7a de alimenta\u00e7\u00e3o, servindo lanches e almo\u00e7o. O encerramento ser\u00e1 com a Missa \u00e0s 17h.<\/p>\n<p>A programa\u00e7\u00e3o est\u00e1 baseada no tema: <em>&#8220;E todos ficaram cheios do Esp\u00edrito Santo e anunciaram com intrepidez a Palavra de Deus&#8221;<\/em> At 4,31b.<\/p>\n<p><img loading=\"lazy\" decoding=\"async\" class=\"aligncenter wp-image-1074 size-full\" src=\"https:\/\/blog.cancaonova.com\/cuiaba\/files\/2025\/04\/pentecostes-2025.jpeg\" alt=\"\" width=\"764\" height=\"1080\" srcset=\"https:\/\/blog.cancaonova.com\/cuiaba\/files\/2025\/04\/pentecostes-2025.jpeg 764w, https:\/\/blog.cancaonova.com\/cuiaba\/files\/2025\/04\/pentecostes-2025-212x300.jpeg 212w\" sizes=\"(max-width: 764px) 100vw, 764px\" \/><\/p>\n<h3>Programa\u00e7\u00e3o<\/h3>\n<p>07:30 &#8211; Ter\u00e7o Mariano e Ter\u00e7o do Esp\u00edrito Santo<\/p>\n<p>08:00 &#8211; Anima\u00e7\u00e3o e Ciclo Carism\u00e1tico<\/p>\n<p>08:40 &#8211; Prega\u00e7\u00e3o 1 &#8211;<em> &#8220;Quando chegar o perfeito, o imperfeito desaparecer\u00e1&#8221; cf I Cor 13,10-12<\/em> &#8211; SANTIDADE &#8211;<strong> Keila Souza, RCC Arquidiocese de Bras\u00edlia<\/strong><\/p>\n<p>09:30 &#8211; Ora\u00e7\u00e3o<\/p>\n<p>10:00 &#8211; Intevalo<\/p>\n<p>10:30 &#8211; Ciclo Carism\u00e1tico<\/p>\n<p>10:40 &#8211; Prega\u00e7\u00e3o 2 <em>&#8220;Temos esse tesouro em vasos de barro, para que transpare\u00e7a claramente que este poder extraordin\u00e1rio prov\u00e9m de Deus e n\u00e3o de n\u00f3s&#8221; cf II Cor 4,7<\/em> &#8211; A\u00c7\u00c3O DO ESP\u00cdRITO SANTO \/ CONFIAN\u00c7A \/ ESPERAN\u00c7A EM JESUS &#8211; <strong>Jocimar Cruz, Presidente do Conselho Estadual RCC Mato Grosso<\/strong><\/p>\n<p>11:30 &#8211; Ora\u00e7\u00e3o<\/p>\n<p>12:00 &#8211; Almo\u00e7o<\/p>\n<p>13?30 &#8211; Apresenta\u00e7\u00e3o Minist\u00e9rio de Artes<\/p>\n<p>13:45 &#8211; Ciclo Carism\u00e1tico<\/p>\n<p>14:00 &#8211; Adora\u00e7\u00e3o ao Sant\u00edssimo<\/p>\n<p>14:50 &#8211; Motiva\u00e7\u00e3o para doa\u00e7\u00f5es para a sede da RCC Cuiab\u00e1<\/p>\n<p>15:00 &#8211; Prega\u00e7\u00e3o 3 <em>&#8220;E todos ficaram cheios do Esp\u00edrito Santo e anunciaram com intrepidez a Palavra de Deus&#8221; At 4,31b<\/em> &#8211; BATISMO NO ESP\u00cdRITO SANTO QUE LEVA A ANUNCIAR &#8211; <strong>Keila Souza, RCC Arquidiocese de Bras\u00edlia<\/strong><\/p>\n<p>16:00 &#8211; Ora\u00e7\u00e3o de Batismo no Esp\u00edrito Santo<\/p>\n<p>16:40 &#8211; Intervalo para a Missa<\/p>\n<p>17:00 &#8211; Santa Missa &#8211; <strong>padre Francisco Amaral, Arquidiocese de Cuiab\u00e1<\/strong><\/p>\n<p>18:30 &#8211; Sorteio da Rifa de Pentecostes<\/p>\n<hr \/>\n<p style=\"text-align: center\"><strong>Informa\u00e7\u00f5es pelo zap 65 99916-9185<\/strong><\/p>\n","protected":false},"excerpt":{"rendered":"<p>A RCC (Renova\u00e7\u00e3o Carism\u00e1tica Cat\u00f3lica) da Arquidiocese de Cuiab\u00e1 &#8211; MT, em parceria com a Comunidade Can\u00e7\u00e3o Nova promove, no Rinc\u00e3o do Meu Senhor, o grandioso encontro de Pentecostes de 2025. Ser\u00e1 no domingo, 8 de junho, a partir das&#8230;<\/p>\n","protected":false},"author":4789,"featured_media":1078,"comment_status":"closed","ping_status":"closed","sticky":false,"template":"","format":"standard","meta":{"_mi_skip_tracking":false,"_monsterinsights_sitenote_active":false,"_monsterinsights_sitenote_note":"","_monsterinsights_sitenote_category":0,"footnotes":""},"categories":[290487],"tags":[],"_links":{"self":[{"href":"https:\/\/blog.cancaonova.com\/cuiaba\/wp-json\/wp\/v2\/posts\/1072"}],"collection":[{"href":"https:\/\/blog.cancaonova.com\/cuiaba\/wp-json\/wp\/v2\/posts"}],"about":[{"href":"https:\/\/blog.cancaonova.com\/cuiaba\/wp-json\/wp\/v2\/types\/post"}],"author":[{"embeddable":true,"href":"https:\/\/blog.cancaonova.com\/cuiaba\/wp-json\/wp\/v2\/users\/4789"}],"replies":[{"embeddable":true,"href":"https:\/\/blog.cancaonova.com\/cuiaba\/wp-json\/wp\/v2\/comments?post=1072"}],"version-history":[{"count":9,"href":"https:\/\/blog.cancaonova.com\/cuiaba\/wp-json\/wp\/v2\/posts\/1072\/revisions"}],"predecessor-version":[{"id":1152,"href":"https:\/\/blog.cancaonova.com\/cuiaba\/wp-json\/wp\/v2\/posts\/1072\/revisions\/1152"}],"wp:featuredmedia":[{"embeddable":true,"href":"https:\/\/blog.cancaonova.com\/cuiaba\/wp-json\/wp\/v2\/media\/1078"}],"wp:attachment":[{"href":"https:\/\/blog.cancaonova.com\/cuiaba\/wp-json\/wp\/v2\/media?parent=1072"}],"wp:term":[{"taxonomy":"category","embeddable":true,"href":"https:\/\/blog.cancaonova.com\/cuiaba\/wp-json\/wp\/v2\/categories?post=1072"},{"taxonomy":"post_tag","embeddable":true,"href":"https:\/\/blog.cancaonova.com\/cuiaba\/wp-json\/wp\/v2\/tags?post=1072"}],"curies":[{"name":"wp","href":"https:\/\/api.w.org\/{rel}","templated":true}]}}