{"id":1079,"date":"2025-04-30T17:17:16","date_gmt":"2025-04-30T20:17:16","guid":{"rendered":"https:\/\/blog.cancaonova.com\/cuiaba\/?p=1079"},"modified":"2025-06-12T13:50:28","modified_gmt":"2025-06-12T16:50:28","slug":"cura2025","status":"publish","type":"post","link":"https:\/\/blog.cancaonova.com\/cuiaba\/2025\/04\/30\/cura2025\/","title":{"rendered":"INSCREVA-SE para o Aprofundamento de Cura e Liberta\u00e7\u00e3o com M\u00e1rcio Mendes"},"content":{"rendered":"<p><span style=\"font-weight: 400\">O mission\u00e1rio e apresentador do programa \u201cSorrindo pra Vida\u201d, M\u00e1rcio Mendes, estar\u00e1 no Rinc\u00e3o do Meu Senhor, na sede da Comunidade Can\u00e7\u00e3o Nova na Arquidiocese de Cuiab\u00e1\/MT.\u00a0<\/span><\/p>\n<p><span style=\"font-weight: 400\">M\u00e1rcio Mendes conduzir\u00e1 uma noite de aprofundamento de cura e liberta\u00e7\u00e3o com o tema: Fica livre do teu mal.<\/span><\/p>\n<p><span style=\"font-weight: 400\">O evento acontecer\u00e1 na noite de 24 de junho de 2025, ter\u00e7a-feira. A programa\u00e7\u00e3o conta com momentos de louvor, ora\u00e7\u00e3o e prega\u00e7\u00f5es.<\/span><\/p>\n<p><a href=\"https:\/\/www.sympla.com.br\/evento\/cura-e-libertacao-fica-livre-do-teu-mal-aprofundamento-com-marcio-mendes\/2938651\"><img loading=\"lazy\" decoding=\"async\" class=\"aligncenter wp-image-1080 size-full\" src=\"https:\/\/blog.cancaonova.com\/cuiaba\/files\/2025\/04\/capa-cura-2025.jpg\" alt=\"\" width=\"1600\" height=\"900\" srcset=\"https:\/\/blog.cancaonova.com\/cuiaba\/files\/2025\/04\/capa-cura-2025.jpg 1600w, https:\/\/blog.cancaonova.com\/cuiaba\/files\/2025\/04\/capa-cura-2025-300x169.jpg 300w, https:\/\/blog.cancaonova.com\/cuiaba\/files\/2025\/04\/capa-cura-2025-768x432.jpg 768w, https:\/\/blog.cancaonova.com\/cuiaba\/files\/2025\/04\/capa-cura-2025-384x216.jpg 384w, https:\/\/blog.cancaonova.com\/cuiaba\/files\/2025\/04\/capa-cura-2025-512x288.jpg 512w, https:\/\/blog.cancaonova.com\/cuiaba\/files\/2025\/04\/capa-cura-2025-1024x576.jpg 1024w, https:\/\/blog.cancaonova.com\/cuiaba\/files\/2025\/04\/capa-cura-2025-1536x864.jpg 1536w\" sizes=\"(max-width: 1600px) 100vw, 1600px\" \/><\/a><\/p>\n<h3><b>Inscri\u00e7\u00f5es<\/b><\/h3>\n<p><span style=\"font-weight: 400\">Para participar fa\u00e7a a sua inscri\u00e7\u00e3o no valor de R$ 30 antecipadamente e garanta a sua entrada, pois as vagas s\u00e3o limitadas.<\/span><\/p>\n<p><span style=\"font-weight: 400\">A inscri\u00e7\u00e3o pode ser feita previamente on-line, via plataforma sympla, ou presencial no escrit\u00f3rio do Clube da Evangeliza\u00e7\u00e3o (dentro da loja Can\u00e7\u00e3o Nova, no Rinc\u00e3o do Meu Senhor), de segunda a sexta, em hor\u00e1rio comercial.\u00a0<\/span><\/p>\n<p><span style=\"font-weight: 400\">H\u00e1 tamb\u00e9m a possibilidade de fazer a inscri\u00e7\u00e3o no dia do evento, por\u00e9m, como as vagas s\u00e3o limitadas, vale a pena garantir o seu lugar com anteced\u00eancia.<\/span><\/p>\n<hr \/>\n<p style=\"text-align: center\"><a href=\"https:\/\/www.sympla.com.br\/evento\/cura-e-libertacao-fica-livre-do-teu-mal-aprofundamento-com-marcio-mendes\/2938651\"><strong>Inscreva-se agora mesmo<\/strong><\/a><\/p>\n<hr \/>\n<h3><b>Programa\u00e7\u00e3o: 24 de junho &#8211; ter\u00e7a-feira<\/b><\/h3>\n<p><span style=\"font-weight: 400\">16:30 &#8211; in\u00edcio do credenciamento \/ abertura dos port\u00f5es<\/span><\/p>\n<p><span style=\"font-weight: 400\">18:00 &#8211; ter\u00e7o mariano<\/span><\/p>\n<p><span style=\"font-weight: 400\">18:30 &#8211; acolhida \/ louvor<\/span><\/p>\n<p><span style=\"font-weight: 400\">19:00 &#8211; prega\u00e7\u00e3o: <\/span><b>ARRANQUE O MAL ANTES QUE ELE CRES\u00c7A<\/b><span style=\"font-weight: 400\"> &#8211; M\u00e1rcio Mendes<\/span><\/p>\n<p><span style=\"font-weight: 400\">20:00 &#8211; intervalo<\/span><\/p>\n<p><span style=\"font-weight: 400\">20:30 &#8211; louvor<\/span><\/p>\n<p><span style=\"font-weight: 400\">20:40 &#8211; prega\u00e7\u00e3o: <\/span><b>N\u00c3O VOS DEIXEIS AMARRAR DE NOVO<\/b><span style=\"font-weight: 400\"> Gal 5,1 &#8211; M\u00e1rcio Mendes<\/span><\/p>\n<p><span style=\"font-weight: 400\">21:40 &#8211; ora\u00e7\u00e3o\u00a0<\/span><\/p>\n<p><span style=\"font-weight: 400\">22:00 &#8211; encerramento<\/span><\/p>\n<h3><b>Sobre o pregador<\/b><\/h3>\n<p><span style=\"font-weight: 400\">O pregador do evento preparou os conte\u00fados baseados no livro, de sua autoria, onde ele afirma: \u201cos ensinamentos, testemunhos e ora\u00e7\u00f5es que voc\u00ea encontrar\u00e1 neste aprofundamento j\u00e1 socorreram a muitos. Foram vivenciados em momentos pessoais, em pequenos grupos e tamb\u00e9m em grandes encontros de ora\u00e7\u00e3o. Trouxeram paz, alegria, liberta\u00e7\u00e3o e sa\u00fade para incont\u00e1veis pessoas. Muitos se sentem abatidos pela doen\u00e7a, pela falta de perd\u00e3o e pela opress\u00e3o espiritual. Todos podem ser socorridos por Jesus ao se aproximarem dele com f\u00e9 e ora\u00e7\u00e3o\u201d. M\u00e1rcio Mendes encerra dizendo: \u201cse nosso Senhor ainda n\u00e3o lhe respondeu, persevere, que Ele responder\u00e1.\u201d<\/span><\/p>\n<h3><b>Localiza\u00e7\u00e3o<\/b><\/h3>\n<p><span style=\"font-weight: 400\">O local do evento disp\u00f5e de estacionamento gratuito para carros e motos.<\/span><\/p>\n<p><span style=\"font-weight: 400\">Endere\u00e7o: Rinc\u00e3o do Meu Senhor &#8211; Rua do Imperador, 502, Cohab Dom Orlando Chaves &#8211; Cristo Rei &#8211; V\u00e1rzea Grande\/MT<\/span><\/p>\n<p>&nbsp;<\/p>\n<hr \/>\n<p style=\"text-align: center\"><a href=\"https:\/\/www.sympla.com.br\/evento\/cura-e-libertacao-fica-livre-do-teu-mal-aprofundamento-com-marcio-mendes\/2938651\"><strong><b>Inscri\u00e7\u00f5es no sympla <\/b><span style=\"font-weight: 400\">ou<br \/>\npelo whatsapp <\/span><b>65 99916-9185<\/b><\/strong><\/a><\/p>\n<hr \/>\n<h3><\/h3>\n","protected":false},"excerpt":{"rendered":"<p>O mission\u00e1rio e apresentador do programa \u201cSorrindo pra Vida\u201d, M\u00e1rcio Mendes, estar\u00e1 no Rinc\u00e3o do Meu Senhor, na sede da Comunidade Can\u00e7\u00e3o Nova na Arquidiocese de Cuiab\u00e1\/MT.\u00a0 M\u00e1rcio Mendes conduzir\u00e1 uma noite de aprofundamento de cura e liberta\u00e7\u00e3o com o&#8230;<\/p>\n","protected":false},"author":4789,"featured_media":1080,"comment_status":"closed","ping_status":"closed","sticky":false,"template":"","format":"standard","meta":{"_mi_skip_tracking":false,"_monsterinsights_sitenote_active":false,"_monsterinsights_sitenote_note":"","_monsterinsights_sitenote_category":0,"footnotes":""},"categories":[290489],"tags":[],"_links":{"self":[{"href":"https:\/\/blog.cancaonova.com\/cuiaba\/wp-json\/wp\/v2\/posts\/1079"}],"collection":[{"href":"https:\/\/blog.cancaonova.com\/cuiaba\/wp-json\/wp\/v2\/posts"}],"about":[{"href":"https:\/\/blog.cancaonova.com\/cuiaba\/wp-json\/wp\/v2\/types\/post"}],"author":[{"embeddable":true,"href":"https:\/\/blog.cancaonova.com\/cuiaba\/wp-json\/wp\/v2\/users\/4789"}],"replies":[{"embeddable":true,"href":"https:\/\/blog.cancaonova.com\/cuiaba\/wp-json\/wp\/v2\/comments?post=1079"}],"version-history":[{"count":6,"href":"https:\/\/blog.cancaonova.com\/cuiaba\/wp-json\/wp\/v2\/posts\/1079\/revisions"}],"predecessor-version":[{"id":1164,"href":"https:\/\/blog.cancaonova.com\/cuiaba\/wp-json\/wp\/v2\/posts\/1079\/revisions\/1164"}],"wp:featuredmedia":[{"embeddable":true,"href":"https:\/\/blog.cancaonova.com\/cuiaba\/wp-json\/wp\/v2\/media\/1080"}],"wp:attachment":[{"href":"https:\/\/blog.cancaonova.com\/cuiaba\/wp-json\/wp\/v2\/media?parent=1079"}],"wp:term":[{"taxonomy":"category","embeddable":true,"href":"https:\/\/blog.cancaonova.com\/cuiaba\/wp-json\/wp\/v2\/categories?post=1079"},{"taxonomy":"post_tag","embeddable":true,"href":"https:\/\/blog.cancaonova.com\/cuiaba\/wp-json\/wp\/v2\/tags?post=1079"}],"curies":[{"name":"wp","href":"https:\/\/api.w.org\/{rel}","templated":true}]}}