{"id":1127,"date":"2025-07-02T15:00:44","date_gmt":"2025-07-02T18:00:44","guid":{"rendered":"https:\/\/blog.cancaonova.com\/cuiaba\/?p=1127"},"modified":"2025-07-30T15:17:47","modified_gmt":"2025-07-30T18:17:47","slug":"phn2025","status":"publish","type":"post","link":"https:\/\/blog.cancaonova.com\/cuiaba\/2025\/07\/02\/phn2025\/","title":{"rendered":"Acampamento PHN 2025 no Rinc\u00e3o: Salva\u00e7\u00e3o, Esperan\u00e7a e J\u00fabilo"},"content":{"rendered":"<p><span style=\"font-weight: 400\">De 15 a 17 de agosto, a Comunidade Can\u00e7\u00e3o Nova na Arquidiocese de Cuiab\u00e1 (MT), reunir\u00e1 em sua sede no Rinc\u00e3o do Meu Senhor, na cidade de V\u00e1rzea Grande (MT), jovens cat\u00f3licos de v\u00e1rias partes do Mato Grosso, para o Acampamento PHN com o tema: Salva\u00e7\u00e3o, Esperan\u00e7a e J\u00fabilo.<\/span><\/p>\n<p><img loading=\"lazy\" decoding=\"async\" class=\"aligncenter size-full wp-image-1124\" src=\"https:\/\/blog.cancaonova.com\/cuiaba\/files\/2025\/05\/PHN-2025-.jpg\" alt=\"\" width=\"1920\" height=\"1080\" srcset=\"https:\/\/blog.cancaonova.com\/cuiaba\/files\/2025\/05\/PHN-2025-.jpg 1920w, https:\/\/blog.cancaonova.com\/cuiaba\/files\/2025\/05\/PHN-2025--300x169.jpg 300w, https:\/\/blog.cancaonova.com\/cuiaba\/files\/2025\/05\/PHN-2025--768x432.jpg 768w, https:\/\/blog.cancaonova.com\/cuiaba\/files\/2025\/05\/PHN-2025--384x216.jpg 384w, https:\/\/blog.cancaonova.com\/cuiaba\/files\/2025\/05\/PHN-2025--512x288.jpg 512w, https:\/\/blog.cancaonova.com\/cuiaba\/files\/2025\/05\/PHN-2025--1024x576.jpg 1024w, https:\/\/blog.cancaonova.com\/cuiaba\/files\/2025\/05\/PHN-2025--1536x864.jpg 1536w\" sizes=\"(max-width: 1920px) 100vw, 1920px\" \/><\/p>\n<h3>Quem pode participar?<\/h3>\n<p>Jovens de todas as idades podem participar gratuitamente, <em>free ou<\/em> 0800 deste evento. S\u00f3 manda uma mensagem para a Can\u00e7\u00e3o Nova pelo zap 6599916-9185 avisando que voc\u00ea vem com seus amigos e pronto. Assuntos como amor de Deus, salva\u00e7\u00e3o em Jesus, alegria de quem escolhe o melhor caminho e novas amizades estar\u00e3o em alta.<\/p>\n<h3><\/h3>\n<h3><strong>O que \u00e9 o PHN?<\/strong><\/h3>\n<p><span style=\"font-weight: 400\">\u00c9 a decis\u00e3o de viver o agora com Deus! \u201cPor Hoje N\u00e3o vou mais pecar\u201d e vou viver uma vida cheia de prop\u00f3sito, alegria e verdade. <\/span><\/p>\n<p><span style=\"font-weight: 400\">O evento que a cada ano ganha mais for\u00e7a em Mato Grosso tem entrada gratuita. N\u00e3o h\u00e1 limite de idade para participar.<\/span><\/p>\n<p>&nbsp;<\/p>\n<h3><strong>Com o tema: Salva\u00e7\u00e3o, Esperan\u00e7a e J\u00fabilo<\/strong><\/h3>\n<p><span style=\"font-weight: 400\">Salva\u00e7\u00e3o: Deus est\u00e1 chamando voc\u00ea para uma vida nova, longe do pecado.<\/span><\/p>\n<p><span style=\"font-weight: 400\">Esperan\u00e7a: Mesmo quando o mundo parece pesado, Ele \u00e9 a luz que te guia.<\/span><\/p>\n<p><span style=\"font-weight: 400\">J\u00fabilo: No PHN, a alegria n\u00e3o \u00e9 passageira, \u00e9 j\u00fabilo de verdade, porque nasce da decis\u00e3o de viver sem pecar!<\/span><\/p>\n<p>&nbsp;<\/p>\n<h3><strong>Acampamento [<a href=\"https:\/\/docs.google.com\/forms\/d\/e\/1FAIpQLSe4mIwshG5hNlC7oLl60qWzWAfT5Tber46usLw52MFBWp4wyg\/viewform?pli=1\">reserve seu lugar no camping ou alojamento<\/a>]<\/strong><\/h3>\n<p><span style=\"font-weight: 400\">Voc\u00ea pode se organizar para participar dos hor\u00e1rios e dias que quiser, ir e voltar para sua casa. Tamb\u00e9m pode acampar no Rinc\u00e3o do Meu Senhor! H\u00e1 espa\u00e7o para voc\u00ea juntar seus amigos, vir para a Can\u00e7\u00e3o Nova e montar a sua barraca para curtir dias que v\u00e3o marcar a sua hist\u00f3ria!<\/span><\/p>\n<p><span style=\"font-weight: 400\"><strong>Para quem optar por montar a sua barraca ou dormir no alojamento da Can\u00e7\u00e3o Nova deve fazer a sua pr\u00e9-inscri\u00e7\u00e3o e reservar espa\u00e7o para a sua barraca no link abaixo<\/strong>.<\/span><\/p>\n<p style=\"text-align: center\"><a href=\"https:\/\/docs.google.com\/forms\/d\/e\/1FAIpQLSe4mIwshG5hNlC7oLl60qWzWAfT5Tber46usLw52MFBWp4wyg\/viewform?pli=1\"><strong>INSCREVA-SE para montar sua BARRACA ou dormir no ALOJAMENTO<\/strong><\/a><\/p>\n<p>&nbsp;<\/p>\n<h3><strong>Bora pro giro da camiseta<\/strong><\/h3>\n<p>Tradicionalmente no final do evento os participantes escrevem seu nome em uma camiseta branca, anotam suas redes sociais, telefone e vivem uma grande festa ao girar a camiseta e fazer um novo ciclo de amizades. Esse momento j\u00e1 \u00e9 marca registrada do PHN. Ent\u00e3o, traga a sua camiseta branca ou, se preferir, adquira durante o evento no bazar ou na loja Can\u00e7\u00e3o Nova.<\/p>\n<p>&nbsp;<\/p>\n<h3><strong>Presen\u00e7as confirmadas<\/strong><\/h3>\n<ul>\n<li style=\"font-weight: 400\"><span style=\"font-weight: 400\"><strong>Pitter di Laura<\/strong>, mission\u00e1rio da Can\u00e7\u00e3o Nova e respons\u00e1vel internacional pelo projeto PHN <a href=\"https:\/\/www.instagram.com\/pittercn\/\">@pittercn<\/a><\/span><\/li>\n<li><span style=\"font-weight: 400\"><strong>Padre Ailton Cardoso<\/strong>, Fraternidade S\u00e3o Jo\u00e3o Paulo II <a href=\"https:\/\/www.instagram.com\/fsjpii\/\">@fsjpii<\/a><\/span><\/li>\n<li style=\"font-weight: 400\"><span style=\"font-weight: 400\"><strong>Padre Paulo Ricardo<\/strong>, Arquidiocese de Cuiab\u00e1 (MT) <a href=\"https:\/\/www.instagram.com\/pepauloricardo\/\">@pepauloricardo<\/a><\/span><\/li>\n<li style=\"font-weight: 400\"><span style=\"font-weight: 400\"><strong>Padre Tony Moreira<\/strong>, respons\u00e1vel pelos Jovens da Arquidiocese de Cuiab\u00e1(MT) <a href=\"https:\/\/www.instagram.com\/padretony.moreira\">@padretony.moreira<\/a><\/span><\/li>\n<li style=\"font-weight: 400\"><span style=\"font-weight: 400\"><strong>Padre Elenildo Pereira<\/strong>, respons\u00e1vel pela Can\u00e7\u00e3o Nova no MT <a href=\"https:\/\/www.instagram.com\/padreelenildocn\/\">@padreelenildocn<\/a><\/span><\/li>\n<li style=\"font-weight: 400\"><span style=\"font-weight: 400\"><strong>Mayara R\u00fabia<\/strong>, respons\u00e1vel pelos Jovens Can\u00e7\u00e3o Nova em Cuiab\u00e1 (MT) <a href=\"https:\/\/www.instagram.com\/mayaracn_tabet\">@mayaracn_tabet<\/a><\/span><\/li>\n<li style=\"font-weight: 400\"><span style=\"font-weight: 400\"><strong>Joelcyo Sant\u00b4Ana<\/strong> e Minist\u00e9rio de M\u00fasica CN <a href=\"https:\/\/www.instagram.com\/joelcyo\">@joelcyo<\/a><\/span><\/li>\n<li><span style=\"font-weight: 400\"><strong>Comunidade Cat\u00f3lica Shalom<\/strong> [m\u00fasica e ora\u00e7\u00e3o] <a href=\"https:\/\/www.instagram.com\/shalomcuiaba\/\">@shalomcuiaba<\/a><\/span><\/li>\n<li style=\"font-weight: 400\"><span style=\"font-weight: 400\"><strong>Miss\u00e3o Jovens Sarados<\/strong> Cuiab\u00e1 (MT) <a href=\"https:\/\/www.instagram.com\/js.cuiaba\">@js.cuiaba<\/a><\/span><\/li>\n<li style=\"font-weight: 400\"><span style=\"font-weight: 400\"><strong>Minist\u00e9rio Dogma<\/strong> [m\u00fasica e ora\u00e7\u00e3o] <a href=\"https:\/\/www.instagram.com\/dogma.ministerio\/\">@dogma.ministerio<\/a><\/span><\/li>\n<li style=\"font-weight: 400\"><span style=\"font-weight: 400\"><strong>Banda Gaudium<\/strong> [show] <a href=\"https:\/\/www.instagram.com\/bandagaudium\/\">@bandagaudium<\/a><\/span><\/li>\n<li><span style=\"font-weight: 400\"><strong>Thiago Lima<\/strong> e Banda de Sorriso (MT) <a href=\"https:\/\/www.instagram.com\/thylimaoficial\/\">@thylimaoficial<\/a><\/span><\/li>\n<li style=\"font-weight: 400\"><span style=\"font-weight: 400\"><strong>Deivid Trombetta<\/strong>, Comunidade Silo\u00e9 de Sinop (MT) <a href=\"https:\/\/www.instagram.com\/comunidadecatolicasiloe\">@comunidadecatolicasiloe<\/a><\/span><\/li>\n<\/ul>\n<p>&nbsp;<\/p>\n<h3><strong>O que o espera?<\/strong><\/h3>\n<p><span style=\"font-weight: 400\">Muita m\u00fasica e alegria.<\/span><\/p>\n<p><span style=\"font-weight: 400\">Prega\u00e7\u00f5es que v\u00e3o falar direto ao seu cora\u00e7\u00e3o.<\/span><\/p>\n<p><span style=\"font-weight: 400\">Adora\u00e7\u00e3o, ora\u00e7\u00e3o e Santa Missa para renovar sua f\u00e9.<\/span><\/p>\n<p><span style=\"font-weight: 400\">Giro da camiseta para fazer novas amizades!\u00a0<\/span><\/p>\n<p>&nbsp;<\/p>\n<hr \/>\n<p>&nbsp;<\/p>\n<h2 style=\"text-align: center\"><strong>Programa\u00e7\u00e3o detalhada<\/strong><\/h2>\n<h3><strong>Sexta, 15 de agosto [Esquenta PHN]<\/strong><\/h3>\n<p><span style=\"font-weight: 400\">19:00 \u00e0s 19:30 &#8211; Ter\u00e7o Mariano Thaisy Prado (JS Jovens Sarados) e Jo\u00e3o (JCN Jovens Can\u00e7\u00e3o Nova)<\/span><\/p>\n<p>19:30 \u00e0s 20:10 &#8211; Louvor MINIST\u00c9RIO DOGMA<\/p>\n<p>20:10 \u00e0s 20:20 &#8211; Um mergulho no PHN &#8211; Mayara R\u00fabia<\/p>\n<p>20:20 \u00e0s 20:40 &#8211; Testemunhos (Jovens Sarados e Jovens Can\u00e7\u00e3o Nova)<\/p>\n<p>20:40 \u00e0s 21:40 &#8211; Adora\u00e7\u00e3o ao Sant\u00edssimo &#8211; padre Elenildo Pereira, Elias Sehnem (Jovens Can\u00e7\u00e3o Nova) e Ana Clara (Jovens Can\u00e7\u00e3o Nova)<\/p>\n<p><span style=\"font-weight: 400\">21:40 &#8211; B\u00ean\u00e7\u00e3o do Sant\u00edssimo<\/span><\/p>\n<p><span style=\"font-weight: 400\">22:00 &#8211; Encerramento\u00a0<\/span><\/p>\n<p>&nbsp;<\/p>\n<h3><strong>S\u00e1bado, 16 de agosto<\/strong><\/h3>\n<p><span style=\"font-weight: 400\">17:00 &#8211; Ter\u00e7o Mariano Meditado &#8211; Jovens CN<\/span><\/p>\n<p><span style=\"font-weight: 400\"><strong>18:00 &#8211; Santa Missa\u00a0 &#8211; celebrante: Padre Ailton Cardoso<\/strong> &#8211; Fraternidade S\u00e3o Jo\u00e3o Paulo II | animador: Pitter di Laura<\/span><\/p>\n<p><span style=\"font-weight: 400\">19:30 &#8211; Intervalo [Paralela com Jovens Sarados &#8211; em frente \u00e0 lanchonete]<\/span><\/p>\n<p><strong>20:30 &#8211; Louvor &#8211; Pitter di Laura<\/strong><\/p>\n<p><span style=\"font-weight: 400\">21:30 &#8211; Intervalo [Paralela com Comunidade Shalom &#8211; em frente \u00e0 lanchonete]<\/span><\/p>\n<p><span style=\"font-weight: 400\">22:00 &#8211; Louvor &#8211; Banda Gaudium\u00a0<\/span><\/p>\n<p><strong>23:00 &#8211; Adora\u00e7\u00e3o ao Sant\u00edssimo &#8211; Mayara R\u00fabia e Padre Elenildo Pereira<\/strong><\/p>\n<p><span style=\"font-weight: 400\">23:30 &#8211; B\u00ean\u00e7\u00e3o do Sant\u00edssimo [Padre Elenildo Pereira]<\/span><\/p>\n<p>&nbsp;<\/p>\n<h3><strong>Domingo, 17 de agosto<\/strong><\/h3>\n<p><span style=\"font-weight: 400\">08:30 &#8211; Ter\u00e7o Mariano &#8211; Jovens CN<\/span><\/p>\n<p><span style=\"font-weight: 400\">09:00 &#8211; Louvor | animador: Thiago de Lima e Banda &#8211; Sorriso (MT) @thylimaoficial<\/span><\/p>\n<p><span style=\"font-weight: 400\">09:20 &#8211; Ora\u00e7\u00e3o da manh\u00e3 <strong>\u201cEle me salvou: os la\u00e7os da morte me envolviam\u2026\u201d<\/strong> (cf Salmo 114,3) Deivid Trombetta &#8211; Comunidade Silo\u00e9 (MT)<\/span><\/p>\n<p><strong>09:35 &#8211; Prega\u00e7\u00e3o \u201cSalva\u00e7\u00e3o\u201d Pitter di Laura<\/strong><\/p>\n<p><span style=\"font-weight: 400\">10:25 &#8211; Promo\u00e7\u00e3o de Palco<\/span><\/p>\n<p><span style=\"font-weight: 400\">10:30 &#8211; Intervalo<\/span><\/p>\n<p><span style=\"font-weight: 400\">11:00 &#8211; Louvor | animador: Joelcyo Sant\u00b4Ana e Minist\u00e9rio Can\u00e7\u00e3o Nova<\/span><\/p>\n<p><span style=\"font-weight: 400\"><strong>11:20 &#8211; Prega\u00e7\u00e3o \u201cEsperan\u00e7a\u201d Padre Ailton Cardoso<\/strong> &#8211; Fraternidade S\u00e3o Jo\u00e3o Paulo II<\/span><\/p>\n<p><span style=\"font-weight: 400\">12:25 &#8211; Promo\u00e7\u00e3o de palco<\/span><\/p>\n<p><span style=\"font-weight: 400\">12:30 &#8211; Almo\u00e7o<\/span><\/p>\n<p><span style=\"font-weight: 400\">12:30 &#8211; Ac\u00fastico no refeit\u00f3rio: Thiago de Lima e Banda &#8211; Sorriso (MT) @thylimaoficial<\/span><\/p>\n<p><span style=\"font-weight: 400\">13:00 &#8211; Workshop Vocacional \u201cVai falar por mim\u201d [palco principal]<\/span><\/p>\n<p><span style=\"font-weight: 400\">13:30 &#8211; Louvor | animador: Padre Tony e ArqJovem<\/span><\/p>\n<p><strong>13:50 &#8211; Adora\u00e7\u00e3o ao Sant\u00edssimo: Padre Elenildo Pereira exp\u00f5e | Padre Tony conduz<\/strong><\/p>\n<p><span style=\"font-weight: 400\">14:50 &#8211; Ben\u00e7\u00e3o do Sant\u00edssimo &#8211; Padre Elenildo Pereira<\/span><\/p>\n<p><strong>15:00 &#8211; Prega\u00e7\u00e3o \u201cJ\u00fabilo\u201d Pitter di Laura<\/strong><\/p>\n<p><span style=\"font-weight: 400\">16:00 &#8211; Giro da camiseta &#8211; Pitter di Laura<\/span><\/p>\n<p><span style=\"font-weight: 400\">16:15 &#8211; Intervalo<\/span><\/p>\n<p><span style=\"font-weight: 400\">16:50 &#8211; Prepara\u00e7\u00e3o para a Santa Missa<\/span><\/p>\n<p><span style=\"font-weight: 400\"><strong>17:00 &#8211; Santa Missa &#8211; celebrante: Padre Paulo Ricardo |<\/strong> animador: Pitter di Laura<\/span><\/p>\n<p><span style=\"font-weight: 400\">18:30 &#8211; An\u00fancio da data PHN 2026 e encerramento<\/span><\/p>\n<hr \/>\n<p style=\"text-align: center\"><em><span style=\"font-weight: 400\">programa\u00e7\u00e3o sujeita a altera\u00e7\u00e3o sem aviso pr\u00e9vio<\/span><\/em><\/p>\n<hr \/>\n<p style=\"text-align: center\"><span style=\"font-weight: 400\">PHN, \u00e9 o momento de dizer SIM para uma vida com Deus, com mais prop\u00f3sito e mais alegria!<\/span><\/p>\n<h2 style=\"text-align: center\"><a href=\"https:\/\/chat.whatsapp.com\/H2xzGQbaPIc0eVFF1gNOOV\">CLIQUE AQUI<\/a> e entre no <a href=\"https:\/\/chat.whatsapp.com\/H2xzGQbaPIc0eVFF1gNOOV\">grupo do whatsapp deste evento<\/a><br \/>\ne fique por dentro das novidades<\/h2>\n<h2 style=\"text-align: center\">INFORMA\u00c7\u00d5ES PELO ZAP 65 99916-9185<\/h2>\n<p><iframe loading=\"lazy\" title=\"Salvac\u00cc\u00a7a\u00cc\u0083o, Esperanc\u00cc\u00a7a e J\u00c3\u00babilo | Hino PHN 2025 Oficial | Pitter Di Laura\" width=\"600\" height=\"338\" src=\"https:\/\/www.youtube.com\/embed\/BMjQ1rx0SSo?feature=oembed&amp;rel=0\" frameborder=\"0\" allow=\"accelerometer; autoplay; clipboard-write; encrypted-media; gyroscope; picture-in-picture; web-share\" referrerpolicy=\"strict-origin-when-cross-origin\" allowfullscreen><\/iframe><\/p>\n","protected":false},"excerpt":{"rendered":"<p>De 15 a 17 de agosto, a Comunidade Can\u00e7\u00e3o Nova na Arquidiocese de Cuiab\u00e1 (MT), reunir\u00e1 em sua sede no Rinc\u00e3o do Meu Senhor, na cidade de V\u00e1rzea Grande (MT), jovens cat\u00f3licos de v\u00e1rias partes do Mato Grosso, para o&#8230;<\/p>\n","protected":false},"author":4789,"featured_media":1135,"comment_status":"closed","ping_status":"closed","sticky":false,"template":"","format":"standard","meta":{"_mi_skip_tracking":false,"_monsterinsights_sitenote_active":false,"_monsterinsights_sitenote_note":"","_monsterinsights_sitenote_category":0,"footnotes":""},"categories":[290478],"tags":[],"_links":{"self":[{"href":"https:\/\/blog.cancaonova.com\/cuiaba\/wp-json\/wp\/v2\/posts\/1127"}],"collection":[{"href":"https:\/\/blog.cancaonova.com\/cuiaba\/wp-json\/wp\/v2\/posts"}],"about":[{"href":"https:\/\/blog.cancaonova.com\/cuiaba\/wp-json\/wp\/v2\/types\/post"}],"author":[{"embeddable":true,"href":"https:\/\/blog.cancaonova.com\/cuiaba\/wp-json\/wp\/v2\/users\/4789"}],"replies":[{"embeddable":true,"href":"https:\/\/blog.cancaonova.com\/cuiaba\/wp-json\/wp\/v2\/comments?post=1127"}],"version-history":[{"count":10,"href":"https:\/\/blog.cancaonova.com\/cuiaba\/wp-json\/wp\/v2\/posts\/1127\/revisions"}],"predecessor-version":[{"id":1186,"href":"https:\/\/blog.cancaonova.com\/cuiaba\/wp-json\/wp\/v2\/posts\/1127\/revisions\/1186"}],"wp:featuredmedia":[{"embeddable":true,"href":"https:\/\/blog.cancaonova.com\/cuiaba\/wp-json\/wp\/v2\/media\/1135"}],"wp:attachment":[{"href":"https:\/\/blog.cancaonova.com\/cuiaba\/wp-json\/wp\/v2\/media?parent=1127"}],"wp:term":[{"taxonomy":"category","embeddable":true,"href":"https:\/\/blog.cancaonova.com\/cuiaba\/wp-json\/wp\/v2\/categories?post=1127"},{"taxonomy":"post_tag","embeddable":true,"href":"https:\/\/blog.cancaonova.com\/cuiaba\/wp-json\/wp\/v2\/tags?post=1127"}],"curies":[{"name":"wp","href":"https:\/\/api.w.org\/{rel}","templated":true}]}}