{"id":1153,"date":"2025-06-30T11:53:41","date_gmt":"2025-06-30T14:53:41","guid":{"rendered":"https:\/\/blog.cancaonova.com\/cuiaba\/?p=1153"},"modified":"2025-07-17T12:32:20","modified_gmt":"2025-07-17T15:32:20","slug":"expoagro2025","status":"publish","type":"post","link":"https:\/\/blog.cancaonova.com\/cuiaba\/2025\/06\/30\/expoagro2025\/","title":{"rendered":"Padre Adriano Zandon\u00e1 e Irm\u00e3 Ana Paula est\u00e3o entre as atra\u00e7\u00f5es da ExpoAGRO 2025"},"content":{"rendered":"<p><span style=\"font-weight: 400;\">A maior feira agropecu\u00e1ria do Brasil tem em sua programa\u00e7\u00e3o uma noite especial para shows cat\u00f3licos.<\/span><\/p>\n<p><span style=\"font-weight: 400;\">Domingo, 20 de julho de 2025, o centro de eventos Senador Jonas Pinheiro, onde acontece a 57\u00aa edi\u00e7\u00e3o da ExpoAGRO de Cuiab\u00e1 &#8211; MT, ser\u00e1 palco para uma programa\u00e7\u00e3o gratuita e imperd\u00edvel.<\/span><\/p>\n<p><img loading=\"lazy\" decoding=\"async\" class=\"aligncenter wp-image-1156 size-full\" src=\"https:\/\/blog.cancaonova.com\/cuiaba\/files\/2025\/06\/expoagro-2025-catolica.jpg\" alt=\"\" width=\"1080\" height=\"1350\" srcset=\"https:\/\/blog.cancaonova.com\/cuiaba\/files\/2025\/06\/expoagro-2025-catolica.jpg 1080w, https:\/\/blog.cancaonova.com\/cuiaba\/files\/2025\/06\/expoagro-2025-catolica-240x300.jpg 240w, https:\/\/blog.cancaonova.com\/cuiaba\/files\/2025\/06\/expoagro-2025-catolica-768x960.jpg 768w\" sizes=\"(max-width: 1080px) 100vw, 1080px\" \/><\/p>\n<h3 style=\"text-align: center;\"><b>PROGRAMA\u00c7\u00c3O<\/b><\/h3>\n<p><b>17:00 &#8211; Acolhida &#8211; RCC<\/b><span style=\"font-weight: 400;\"> (Renova\u00e7\u00e3o Carism\u00e1tica Cat\u00f3lica) da Par\u00f3quia S\u00e3o Gon\u00e7alo e Minist\u00e9rio Arquidiocesano de M\u00fasica e Artes &#8211; Apresenta\u00e7\u00e3o do tema do ano \u201cAnunciar\u201d<\/span><\/p>\n<p><span style=\"font-weight: 400;\">17:15 &#8211; Santo Ter\u00e7o &#8211; Minist\u00e9rio de Intercess\u00e3o da Par\u00f3quia S\u00e3o Gon\u00e7alo de Cuiab\u00e1<\/span><\/p>\n<p><span style=\"font-weight: 400;\">17:35 &#8211; Ciclo Carism\u00e1tico &#8211; M\u00fasica: Banda Dogma\u00a0<\/span><\/p>\n<p><span style=\"font-weight: 400;\">17:55 &#8211; Prega\u00e7\u00e3o (RCC) &#8211; Atos dos Ap\u00f3stolos 2, 17-21\u00a0<\/span><\/p>\n<p><span style=\"font-weight: 400;\">18:15 &#8211; Ora\u00e7\u00e3o: RCC e Ana Paula \/ Danilo \/ Jonas<\/span><\/p>\n<p><b>18:35 &#8211; <a href=\"https:\/\/www.instagram.com\/dogma.ministerio\/\">Show Minist\u00e9rio Dogma <\/a><\/b><b>&#8211; Arquidiocese de Cuiab\u00e1<\/b><\/p>\n<p><span style=\"font-weight: 400;\">19:35 &#8211; Promo\u00e7\u00e3o de palco\u00a0<\/span><\/p>\n<p><b>19:40 &#8211; <a href=\"https:\/\/www.instagram.com\/irmaanapaulaoficial\/\">Show Irm\u00e3 Ana Paula<\/a> &#8211; Carmelita do Esp\u00edrito Santo\u00a0<\/b><\/p>\n<p><span style=\"font-weight: 400;\">20:55 &#8211; Adora\u00e7\u00e3o ao Sant\u00edssimo &#8211; Irm\u00e3 Ana Paula\u00a0<\/span><\/p>\n<p><span style=\"font-weight: 400;\">21:15 &#8211; Ben\u00e7\u00e3o do Sant\u00edssimo &#8211; <strong><a href=\"https:\/\/www.instagram.com\/idenilsonlemes\/\">Padre Idenilson Lemes<\/a> &#8211; Salesiano de Dom Bosco<\/strong><\/span><\/p>\n<p><span style=\"font-weight: 400;\">Promo\u00e7\u00e3o de palco (tempo necess\u00e1rio para trocar a banda)<\/span><\/p>\n<p><b>21:30 &#8211; Show Oracional com <a href=\"https:\/\/www.instagram.com\/padreadrianozandona\/\">Padre Adriano Zandon\u00e1<\/a> e <a href=\"https:\/\/www.instagram.com\/brunamartacn\/\">Bruna Marta<\/a> &#8211; Comunidade Can\u00e7\u00e3o Nova<\/b><\/p>\n<p><span style=\"font-weight: 400;\">23:00 &#8211; Encerramento<\/span><\/p>\n<hr \/>\n<p style=\"text-align: center;\"><span style=\"font-weight: 400;\">Informa\u00e7\u00f5es pelo zap<br \/>\n<\/span><strong>65 99916-9185<\/strong><\/p>\n","protected":false},"excerpt":{"rendered":"<p>A maior feira agropecu\u00e1ria do Brasil tem em sua programa\u00e7\u00e3o uma noite especial para shows cat\u00f3licos. Domingo, 20 de julho de 2025, o centro de eventos Senador Jonas Pinheiro, onde acontece a 57\u00aa edi\u00e7\u00e3o da ExpoAGRO de Cuiab\u00e1 &#8211; MT,&#8230;<\/p>\n","protected":false},"author":4789,"featured_media":1154,"comment_status":"closed","ping_status":"closed","sticky":false,"template":"","format":"standard","meta":{"_mi_skip_tracking":false,"_monsterinsights_sitenote_active":false,"_monsterinsights_sitenote_note":"","_monsterinsights_sitenote_category":0,"footnotes":""},"categories":[290490],"tags":[],"_links":{"self":[{"href":"https:\/\/blog.cancaonova.com\/cuiaba\/wp-json\/wp\/v2\/posts\/1153"}],"collection":[{"href":"https:\/\/blog.cancaonova.com\/cuiaba\/wp-json\/wp\/v2\/posts"}],"about":[{"href":"https:\/\/blog.cancaonova.com\/cuiaba\/wp-json\/wp\/v2\/types\/post"}],"author":[{"embeddable":true,"href":"https:\/\/blog.cancaonova.com\/cuiaba\/wp-json\/wp\/v2\/users\/4789"}],"replies":[{"embeddable":true,"href":"https:\/\/blog.cancaonova.com\/cuiaba\/wp-json\/wp\/v2\/comments?post=1153"}],"version-history":[{"count":4,"href":"https:\/\/blog.cancaonova.com\/cuiaba\/wp-json\/wp\/v2\/posts\/1153\/revisions"}],"predecessor-version":[{"id":1181,"href":"https:\/\/blog.cancaonova.com\/cuiaba\/wp-json\/wp\/v2\/posts\/1153\/revisions\/1181"}],"wp:featuredmedia":[{"embeddable":true,"href":"https:\/\/blog.cancaonova.com\/cuiaba\/wp-json\/wp\/v2\/media\/1154"}],"wp:attachment":[{"href":"https:\/\/blog.cancaonova.com\/cuiaba\/wp-json\/wp\/v2\/media?parent=1153"}],"wp:term":[{"taxonomy":"category","embeddable":true,"href":"https:\/\/blog.cancaonova.com\/cuiaba\/wp-json\/wp\/v2\/categories?post=1153"},{"taxonomy":"post_tag","embeddable":true,"href":"https:\/\/blog.cancaonova.com\/cuiaba\/wp-json\/wp\/v2\/tags?post=1153"}],"curies":[{"name":"wp","href":"https:\/\/api.w.org\/{rel}","templated":true}]}}