{"id":1188,"date":"2025-09-12T12:28:03","date_gmt":"2025-09-12T15:28:03","guid":{"rendered":"https:\/\/blog.cancaonova.com\/cuiaba\/?p=1188"},"modified":"2025-09-19T12:03:13","modified_gmt":"2025-09-19T15:03:13","slug":"avivajovem","status":"publish","type":"post","link":"https:\/\/blog.cancaonova.com\/cuiaba\/2025\/09\/12\/avivajovem\/","title":{"rendered":"AVIVA JOVEM: experimente a for\u00e7a do Esp\u00edrito Santo!"},"content":{"rendered":"<p><span style=\"font-weight: 400\">Domingo, 21 de setembro, a partir das 14h, a sede da Comunidade Can\u00e7\u00e3o Nova ser\u00e1 palco para o AVIVA JOVEM; um evento promovido pelos jovens ligados \u00e0 Can\u00e7\u00e3o Nova da Arquidiocese de Cuiab\u00e1 que promete ser o primeiro de muitos.<\/span><\/p>\n<p><img loading=\"lazy\" decoding=\"async\" class=\"aligncenter wp-image-1217 size-full\" src=\"https:\/\/blog.cancaonova.com\/cuiaba\/files\/2025\/08\/avivajovem2025.jpg\" alt=\"\" width=\"1131\" height=\"1600\" srcset=\"https:\/\/blog.cancaonova.com\/cuiaba\/files\/2025\/08\/avivajovem2025.jpg 1131w, https:\/\/blog.cancaonova.com\/cuiaba\/files\/2025\/08\/avivajovem2025-212x300.jpg 212w, https:\/\/blog.cancaonova.com\/cuiaba\/files\/2025\/08\/avivajovem2025-768x1086.jpg 768w, https:\/\/blog.cancaonova.com\/cuiaba\/files\/2025\/08\/avivajovem2025-1086x1536.jpg 1086w\" sizes=\"(max-width: 1131px) 100vw, 1131px\" \/><\/p>\n<p><span style=\"font-weight: 400\">O fundador dos Jovens Sarados e sacerdote da Can\u00e7\u00e3o Nova, padre Edimilson Lopes, conduzir\u00e1 os momentos de ora\u00e7\u00e3o, prega\u00e7\u00e3o e Santa Missa. A partir das 13h os port\u00f5es da Can\u00e7\u00e3o Nova j\u00e1 estar\u00e3o abertos e o enceerramento \u00e9 com a Missa que come\u00e7a \u00e0s 17h. Segue a <strong>programa\u00e7\u00e3o detalhada do palco principal<\/strong>:<\/span><\/p>\n<hr \/>\n<p><strong>13:00 &#8211; Abertura dos port\u00f5es<\/strong><br \/>\n14:00 &#8211; Anima\u00e7\u00e3o palco principal &#8211; Jovens Sarados JS<br \/>\n<strong>14:30 &#8211; Prega\u00e7\u00e3o \u201cAviva, jovem!\u201d &#8211; padre Edimilson Lopes<\/strong><br \/>\n15:40 &#8211; Intervalo &#8211; programa\u00e7\u00e3o paralela no palco da lanchonete [Jovens Can\u00e7\u00e3o Nova FONTES]<br \/>\n<strong>16:00 &#8211; Anima\u00e7\u00e3o &#8211; Jovens Sarados JS<\/strong><br \/>\n16:10 &#8211; Prega\u00e7\u00e3o <strong>&#8211; padre Elenildo Pereira<\/strong><br \/>\n<strong>17:00 &#8211; Santa Missa [Padre Edimilson Lopes]<br \/>\n<\/strong><em>OBS.: Compromisso do &#8220;Jovens Sarados&#8221; ap\u00f3s homilia.<\/em><br \/>\n19:00 &#8211; Intervalo<br \/>\n<strong>19:30 &#8211; Show JS<br \/>\n<\/strong><strong>20:00 &#8211; Adora\u00e7\u00e3o ao Sant\u00edssimo<\/strong><br \/>\n20:30 &#8211; B\u00ean\u00e7\u00e3o do Sant\u00edssimo<br \/>\nna sequ\u00eancia: m\u00fasica e conviv\u00eancia &#8211; Jovens Can\u00e7\u00e3o Nova &#8211; palco da lanchonete<br \/>\n<strong>22:00 &#8211; Encerramento<\/strong><\/p>\n<hr \/>\n<p><span style=\"font-weight: 400\">\u00c9 um evento para quem deseja experimentar a for\u00e7a do Esp\u00edrito Santo e viver a verdadeira alegria em Cristo!\u00a0<\/span><\/p>\n<p><span style=\"font-weight: 400\">Para participar, basta se programar, chegar, entrar, e se entregar para a gra\u00e7a de Deus. N\u00e3o precisa fazer inscri\u00e7\u00e3o e a entrada \u00e9 gratuita.\u00a0<\/span><\/p>\n<p><span style=\"font-weight: 400\">Siga o perfil dos <a href=\"https:\/\/www.instagram.com\/js.cuiaba\">Jovens Sarados no instagram <strong>@js.cuiaba<\/strong><\/a> e o perfil dos <a href=\"https:\/\/www.instagram.com\/jovenscncuiaba\">Jovens Can\u00e7\u00e3o Nova <strong>@jovenscncuiaba<\/strong><\/a> e fique por dentro das novidades sobre o evento.<\/span><\/p>\n<hr \/>\n<p style=\"text-align: center\"><span style=\"font-weight: 400\">Outras informa\u00e7\u00f5es pelo zap<br \/>\n<\/span><strong>65 99916-9185<\/strong><\/p>\n<hr \/>\n<p><strong>Local do Evento:<\/strong><br \/>\nCh\u00e1cara Nossa Senhora Auxiliadora &#8211; Sede da Comunidade Can\u00e7\u00e3o Nova<br \/>\n[Rinc\u00e3o do Meu Senhor]<br \/>\nRua do Imperador, 502, Cohab Dom Orlando Chaves<br \/>\nV\u00e1rzea Grande &#8211; MT<\/p>\n<p>&nbsp;<\/p>\n","protected":false},"excerpt":{"rendered":"<p>Domingo, 21 de setembro, a partir das 14h, a sede da Comunidade Can\u00e7\u00e3o Nova ser\u00e1 palco para o AVIVA JOVEM; um evento promovido pelos jovens ligados \u00e0 Can\u00e7\u00e3o Nova da Arquidiocese de Cuiab\u00e1 que promete ser o primeiro de muitos&#8230;.<\/p>\n","protected":false},"author":4789,"featured_media":1189,"comment_status":"closed","ping_status":"closed","sticky":false,"template":"","format":"standard","meta":{"_mi_skip_tracking":false,"_monsterinsights_sitenote_active":false,"_monsterinsights_sitenote_note":"","_monsterinsights_sitenote_category":0,"footnotes":""},"categories":[290478],"tags":[],"_links":{"self":[{"href":"https:\/\/blog.cancaonova.com\/cuiaba\/wp-json\/wp\/v2\/posts\/1188"}],"collection":[{"href":"https:\/\/blog.cancaonova.com\/cuiaba\/wp-json\/wp\/v2\/posts"}],"about":[{"href":"https:\/\/blog.cancaonova.com\/cuiaba\/wp-json\/wp\/v2\/types\/post"}],"author":[{"embeddable":true,"href":"https:\/\/blog.cancaonova.com\/cuiaba\/wp-json\/wp\/v2\/users\/4789"}],"replies":[{"embeddable":true,"href":"https:\/\/blog.cancaonova.com\/cuiaba\/wp-json\/wp\/v2\/comments?post=1188"}],"version-history":[{"count":10,"href":"https:\/\/blog.cancaonova.com\/cuiaba\/wp-json\/wp\/v2\/posts\/1188\/revisions"}],"predecessor-version":[{"id":1245,"href":"https:\/\/blog.cancaonova.com\/cuiaba\/wp-json\/wp\/v2\/posts\/1188\/revisions\/1245"}],"wp:featuredmedia":[{"embeddable":true,"href":"https:\/\/blog.cancaonova.com\/cuiaba\/wp-json\/wp\/v2\/media\/1189"}],"wp:attachment":[{"href":"https:\/\/blog.cancaonova.com\/cuiaba\/wp-json\/wp\/v2\/media?parent=1188"}],"wp:term":[{"taxonomy":"category","embeddable":true,"href":"https:\/\/blog.cancaonova.com\/cuiaba\/wp-json\/wp\/v2\/categories?post=1188"},{"taxonomy":"post_tag","embeddable":true,"href":"https:\/\/blog.cancaonova.com\/cuiaba\/wp-json\/wp\/v2\/tags?post=1188"}],"curies":[{"name":"wp","href":"https:\/\/api.w.org\/{rel}","templated":true}]}}