{"id":1196,"date":"2025-09-11T16:39:01","date_gmt":"2025-09-11T19:39:01","guid":{"rendered":"https:\/\/blog.cancaonova.com\/cuiaba\/?p=1196"},"modified":"2025-09-12T15:41:52","modified_gmt":"2025-09-12T18:41:52","slug":"profetizamato","status":"publish","type":"post","link":"https:\/\/blog.cancaonova.com\/cuiaba\/2025\/09\/11\/profetizamato\/","title":{"rendered":"PROFETIZA Mato Grosso: 3 noites de ora\u00e7\u00e3o com padre Roger Lu\u00eds"},"content":{"rendered":"<h3><i><span style=\"font-weight: 400\">de segunda \u00e0 quarta-feira, 29<\/span><\/i><span style=\"font-weight: 400\"> de setembro a <\/span><i><span style=\"font-weight: 400\">1\u00ba <\/span><\/i><span style=\"font-weight: 400\">de outubro<\/span><\/h3>\n<p><span style=\"font-weight: 400\"><strong>PROFETIZA MATO GROSSO:<\/strong> \u201c<\/span><i><span style=\"font-weight: 400\">Vir\u00e3o muitos povos e na\u00e7\u00f5es fortes visitar o Senhor em Jerusal\u00e9m\u201d [A<\/span><\/i><i><span style=\"font-weight: 400\">po 7, 9-10] \u00e9 o tema do aprofundamento \u201cA Profecia do Avivamento 2025\u201d. S\u00e3o 3 noites de ora\u00e7\u00e3o com a presen\u00e7a do padre Roger Lu\u00eds, mission\u00e1rio da Comunidade Can\u00e7\u00e3o Nova de Bras\u00edlia\/DF.<\/span><\/i><\/p>\n<p><span style=\"font-weight: 400\">Pensando em atrair o maior n\u00famero de pessoas, o evento \u00e9 gratu\u00edto, e contar\u00e1 com programa\u00e7\u00e3o repleta de momentos de ora\u00e7\u00e3o, Santa Missa, Adora\u00e7\u00e3o ao Sant\u00edssimo e prega\u00e7\u00f5es sobre a tem\u00e1tica do avivamento.<\/span><\/p>\n<p><img loading=\"lazy\" decoding=\"async\" class=\"aligncenter size-full wp-image-1197\" src=\"https:\/\/blog.cancaonova.com\/cuiaba\/files\/2025\/08\/profecia-2025.jpg\" alt=\"\" width=\"1600\" height=\"900\" srcset=\"https:\/\/blog.cancaonova.com\/cuiaba\/files\/2025\/08\/profecia-2025.jpg 1600w, https:\/\/blog.cancaonova.com\/cuiaba\/files\/2025\/08\/profecia-2025-300x169.jpg 300w, https:\/\/blog.cancaonova.com\/cuiaba\/files\/2025\/08\/profecia-2025-768x432.jpg 768w, https:\/\/blog.cancaonova.com\/cuiaba\/files\/2025\/08\/profecia-2025-384x216.jpg 384w, https:\/\/blog.cancaonova.com\/cuiaba\/files\/2025\/08\/profecia-2025-512x288.jpg 512w, https:\/\/blog.cancaonova.com\/cuiaba\/files\/2025\/08\/profecia-2025-1024x576.jpg 1024w, https:\/\/blog.cancaonova.com\/cuiaba\/files\/2025\/08\/profecia-2025-1536x864.jpg 1536w\" sizes=\"(max-width: 1600px) 100vw, 1600px\" \/><\/p>\n<h2 style=\"text-align: center\">Programa\u00e7\u00e3o detalhada<\/h2>\n<h3><strong>Segunda-feira \u2013 29 de setembro<br \/>\n<\/strong><em><span style=\"font-weight: 400\">M\u00fasica: Joelcyo Sant\u00b4ana<\/span><\/em><\/h3>\n<p><span style=\"font-weight: 400\">18:00 \u2013 Ter\u00e7o Mariano e acolhida <\/span><span style=\"font-weight: 400\"><br \/>\n<\/span><span style=\"font-weight: 400\">19:00 \u2013 Missa com Padre Roger Lu\u00eds<br \/>\n<\/span><span style=\"font-weight: 400\">20:30 \u2013 Adora\u00e7\u00e3o ao Sant\u00edssimo &#8211; Mayara R\u00fabia<br \/>\n<\/span><span style=\"font-weight: 400\">20:55 \u2013 B\u00ean\u00e7\u00e3o do Sant\u00edssimo<\/span><\/p>\n<h3><strong>Ter\u00e7a-feira \u2013 30 de setembro<\/strong><span style=\"font-weight: 400\"><br \/>\n<\/span><em><span style=\"font-weight: 400\">M\u00fasica: Aline Duarte<\/span><\/em><\/h3>\n<p><span style=\"font-weight: 400\">18:00 \u2013 Ter\u00e7o Mariano e acolhida<\/span><span style=\"font-weight: 400\"><br \/>\n<\/span><span style=\"font-weight: 400\">19:00 \u2013 M\u00fasica e Ora\u00e7\u00e3o \u2013 Padre Roger Lu\u00eds<\/span><span style=\"font-weight: 400\"><br \/>\n<\/span><strong>19:15 \u2013 Prega\u00e7\u00e3o: &#8220;Vir\u00e3o muitos povos e na\u00e7\u00f5es fortes visitar o Senhor em Jerusal\u00e9m&#8221;. [Apo 7, 9-10]<br \/>\nPadre Roger Lu\u00eds<\/strong><span style=\"font-weight: 400\"><br \/>\n<\/span><span style=\"font-weight: 400\">20:15 \u2013 Intervalo<\/span><span style=\"font-weight: 400\"><br \/>\n<\/span><strong>20:45 \u2013 Missa com Padre Roger Lu\u00eds<\/strong><span style=\"font-weight: 400\"><br \/>\n<\/span><span style=\"font-weight: 400\">21:45 \u2013 Encerramento\u00a0<\/span><\/p>\n<h3><strong>Quarta-feira \u2013 1\u00ba de outubro<\/strong><span style=\"font-weight: 400\"><br \/>\n<\/span><em><span style=\"font-weight: 400\">M\u00fasica: Cristiane Viana<\/span><\/em><\/h3>\n<p><span style=\"font-weight: 400\">18:00 \u2013 Adora\u00e7\u00e3o: Padre Ivan Paix\u00e3o e Padre Roger Lu\u00eds<\/span><span style=\"font-weight: 400\"><br \/>\n<\/span><span style=\"font-weight: 400\">18:50 \u2013 B\u00ean\u00e7\u00e3o do Sant\u00edssimo<br \/>\n<\/span><strong>19:00 \u2013 Prega\u00e7\u00e3o: Restaurados na presen\u00e7a de Deus. [Zac 8,20-23] Padre Roger Lu\u00eds<\/strong><span style=\"font-weight: 400\"><br \/>\n<\/span><span style=\"font-weight: 400\">20:00 \u2013 Ora\u00e7\u00e3o &#8211; Padre Roger Lu\u00eds<\/span><span style=\"font-weight: 400\"><br \/>\n<\/span><span style=\"font-weight: 400\">20:15 \u2013 Intervalo<\/span><span style=\"font-weight: 400\"><br \/>\n<\/span><strong>20:45 \u2013 Missa com Padre Roger Lu\u00eds<\/strong><span style=\"font-weight: 400\"><br \/>\n<\/span><span style=\"font-weight: 400\">21:45 \u2013 Encerramento<\/span><\/p>\n<hr \/>\n<ul>\n<li>N\u00e3o \u00e9 necess\u00e1rio se inscrever para participar, basta chegar no local do evento.<\/li>\n<li><span style=\"font-weight: 400\">Haver\u00e1 pra\u00e7a de alimenta\u00e7\u00e3o no local, para lanches antes e depois da programa\u00e7\u00e3o do evento.<\/span><\/li>\n<li><span style=\"font-weight: 400\">O estacionamento \u00e9 gratu\u00edto e h\u00e1 espa\u00e7o para deixar seu carro em frente ao Rinc\u00e3o do Meu Senhor.<\/span><\/li>\n<li><span style=\"font-weight: 400\">Para participar do PROTETIZA MATO GROSSO voc\u00ea n\u00e3o paga nada. A Can\u00e7\u00e3o Nova acolhe uma doa\u00e7\u00e3o espont\u00e2nea para ajudar a custear o evento.<\/span><\/li>\n<li><span style=\"font-weight: 400\">A programa\u00e7\u00e3o pode sofrer altera\u00e7\u00f5es mediante a novas inspira\u00e7\u00f5es de Deus durante o pr\u00f3prio evento.<\/span><\/li>\n<li><span style=\"font-weight: 400\">D\u00favidas ou outras informa\u00e7\u00f5es voc\u00ea consegue via whatsapp no contato<strong> 65 99916-9185<\/strong>.<\/span><\/li>\n<\/ul>\n","protected":false},"excerpt":{"rendered":"<p>de segunda \u00e0 quarta-feira, 29 de setembro a 1\u00ba de outubro PROFETIZA MATO GROSSO: \u201cVir\u00e3o muitos povos e na\u00e7\u00f5es fortes visitar o Senhor em Jerusal\u00e9m\u201d [Apo 7, 9-10] \u00e9 o tema do aprofundamento \u201cA Profecia do Avivamento 2025\u201d. S\u00e3o 3&#8230;<\/p>\n","protected":false},"author":4789,"featured_media":1197,"comment_status":"closed","ping_status":"closed","sticky":false,"template":"","format":"standard","meta":{"_mi_skip_tracking":false,"_monsterinsights_sitenote_active":false,"_monsterinsights_sitenote_note":"","_monsterinsights_sitenote_category":0,"footnotes":""},"categories":[4],"tags":[],"_links":{"self":[{"href":"https:\/\/blog.cancaonova.com\/cuiaba\/wp-json\/wp\/v2\/posts\/1196"}],"collection":[{"href":"https:\/\/blog.cancaonova.com\/cuiaba\/wp-json\/wp\/v2\/posts"}],"about":[{"href":"https:\/\/blog.cancaonova.com\/cuiaba\/wp-json\/wp\/v2\/types\/post"}],"author":[{"embeddable":true,"href":"https:\/\/blog.cancaonova.com\/cuiaba\/wp-json\/wp\/v2\/users\/4789"}],"replies":[{"embeddable":true,"href":"https:\/\/blog.cancaonova.com\/cuiaba\/wp-json\/wp\/v2\/comments?post=1196"}],"version-history":[{"count":5,"href":"https:\/\/blog.cancaonova.com\/cuiaba\/wp-json\/wp\/v2\/posts\/1196\/revisions"}],"predecessor-version":[{"id":1203,"href":"https:\/\/blog.cancaonova.com\/cuiaba\/wp-json\/wp\/v2\/posts\/1196\/revisions\/1203"}],"wp:featuredmedia":[{"embeddable":true,"href":"https:\/\/blog.cancaonova.com\/cuiaba\/wp-json\/wp\/v2\/media\/1197"}],"wp:attachment":[{"href":"https:\/\/blog.cancaonova.com\/cuiaba\/wp-json\/wp\/v2\/media?parent=1196"}],"wp:term":[{"taxonomy":"category","embeddable":true,"href":"https:\/\/blog.cancaonova.com\/cuiaba\/wp-json\/wp\/v2\/categories?post=1196"},{"taxonomy":"post_tag","embeddable":true,"href":"https:\/\/blog.cancaonova.com\/cuiaba\/wp-json\/wp\/v2\/tags?post=1196"}],"curies":[{"name":"wp","href":"https:\/\/api.w.org\/{rel}","templated":true}]}}