{"id":1204,"date":"2025-08-20T17:18:51","date_gmt":"2025-08-20T20:18:51","guid":{"rendered":"https:\/\/blog.cancaonova.com\/cuiaba\/?p=1204"},"modified":"2025-08-20T17:19:10","modified_gmt":"2025-08-20T20:19:10","slug":"catequistas2025","status":"publish","type":"post","link":"https:\/\/blog.cancaonova.com\/cuiaba\/2025\/08\/20\/catequistas2025\/","title":{"rendered":"Can\u00e7\u00e3o Nova sedia encontro de forma\u00e7\u00e3o para catequistas"},"content":{"rendered":"<p>Em parceria com a Comunidade Can\u00e7\u00e3o Nova, a Arquidiocese de Cuiab\u00e1 realiza, no dia 30 de agosto de 2025, do 9\u00ba Encontro Arquidiocesano de Catequistas.<\/p>\n<p><img loading=\"lazy\" decoding=\"async\" class=\"aligncenter size-full wp-image-1205\" src=\"https:\/\/blog.cancaonova.com\/cuiaba\/files\/2025\/08\/catequese-2025.jpg\" alt=\"\" width=\"1080\" height=\"1350\" srcset=\"https:\/\/blog.cancaonova.com\/cuiaba\/files\/2025\/08\/catequese-2025.jpg 1080w, https:\/\/blog.cancaonova.com\/cuiaba\/files\/2025\/08\/catequese-2025-240x300.jpg 240w, https:\/\/blog.cancaonova.com\/cuiaba\/files\/2025\/08\/catequese-2025-768x960.jpg 768w\" sizes=\"(max-width: 1080px) 100vw, 1080px\" \/><\/p>\n<p>\u00c9 um momento de forma\u00e7\u00e3o e espiritualidade, voltado aos agentes que atuam na evangeliza\u00e7\u00e3o das comunidades. O encontro contar\u00e1 com a presen\u00e7a do arcebispo da Arquidiocese de Santa Maria e presidente da Comiss\u00e3o Episcopal para a Anima\u00e7\u00e3o B\u00edblico-Catequ\u00e9tica da CNBB, Dom Leomar.<\/p>\n<p><img loading=\"lazy\" decoding=\"async\" class=\"aligncenter size-full wp-image-1207\" src=\"https:\/\/blog.cancaonova.com\/cuiaba\/files\/2025\/08\/Dom-Leomar-Catequese-2025-1.jpg\" alt=\"\" width=\"1041\" height=\"832\" srcset=\"https:\/\/blog.cancaonova.com\/cuiaba\/files\/2025\/08\/Dom-Leomar-Catequese-2025-1.jpg 1041w, https:\/\/blog.cancaonova.com\/cuiaba\/files\/2025\/08\/Dom-Leomar-Catequese-2025-1-300x240.jpg 300w, https:\/\/blog.cancaonova.com\/cuiaba\/files\/2025\/08\/Dom-Leomar-Catequese-2025-1-768x614.jpg 768w\" sizes=\"(max-width: 1041px) 100vw, 1041px\" \/><\/p>\n<p>O evento reunir\u00e1 representantes de todas as par\u00f3quias, com atividades que incluem palestras, partilhas e orienta\u00e7\u00f5es pastorais.<\/p>\n<p>Os particpantes j\u00e1 realizaram suas inscri\u00e7\u00f5es com o(a) coordenador(a) de cada comunidade junto ao(\u00e0) coordenador(a) paroquial.<\/p>\n<p>De acordo com Marli Radel, Coordenadora Arquidiocesana da Pastoral, neste ano, s\u00e3o esperadas mais de 1800 inscri\u00e7\u00f5es.<\/p>\n<p>Com o tema centrado na miss\u00e3o catequ\u00e9tica e no fortalecimento da f\u00e9, o encontro busca oferecer forma\u00e7\u00e3o continuada aos agentes, renovar o compromisso evangelizador e estimular o trabalho em unidade.<\/p>\n<hr \/>\n<h3 style=\"text-align: center\"><strong>Informa\u00e7\u00f5es: 65 8117-9064<\/strong><\/h3>\n<hr \/>\n<p>&nbsp;<\/p>\n<p>&nbsp;<\/p>\n","protected":false},"excerpt":{"rendered":"<p>Em parceria com a Comunidade Can\u00e7\u00e3o Nova, a Arquidiocese de Cuiab\u00e1 realiza, no dia 30 de agosto de 2025, do 9\u00ba Encontro Arquidiocesano de Catequistas. \u00c9 um momento de forma\u00e7\u00e3o e espiritualidade, voltado aos agentes que atuam na evangeliza\u00e7\u00e3o das&#8230;<\/p>\n","protected":false},"author":4789,"featured_media":1208,"comment_status":"closed","ping_status":"closed","sticky":false,"template":"","format":"standard","meta":{"_mi_skip_tracking":false,"_monsterinsights_sitenote_active":false,"_monsterinsights_sitenote_note":"","_monsterinsights_sitenote_category":0,"footnotes":""},"categories":[23],"tags":[],"_links":{"self":[{"href":"https:\/\/blog.cancaonova.com\/cuiaba\/wp-json\/wp\/v2\/posts\/1204"}],"collection":[{"href":"https:\/\/blog.cancaonova.com\/cuiaba\/wp-json\/wp\/v2\/posts"}],"about":[{"href":"https:\/\/blog.cancaonova.com\/cuiaba\/wp-json\/wp\/v2\/types\/post"}],"author":[{"embeddable":true,"href":"https:\/\/blog.cancaonova.com\/cuiaba\/wp-json\/wp\/v2\/users\/4789"}],"replies":[{"embeddable":true,"href":"https:\/\/blog.cancaonova.com\/cuiaba\/wp-json\/wp\/v2\/comments?post=1204"}],"version-history":[{"count":1,"href":"https:\/\/blog.cancaonova.com\/cuiaba\/wp-json\/wp\/v2\/posts\/1204\/revisions"}],"predecessor-version":[{"id":1209,"href":"https:\/\/blog.cancaonova.com\/cuiaba\/wp-json\/wp\/v2\/posts\/1204\/revisions\/1209"}],"wp:featuredmedia":[{"embeddable":true,"href":"https:\/\/blog.cancaonova.com\/cuiaba\/wp-json\/wp\/v2\/media\/1208"}],"wp:attachment":[{"href":"https:\/\/blog.cancaonova.com\/cuiaba\/wp-json\/wp\/v2\/media?parent=1204"}],"wp:term":[{"taxonomy":"category","embeddable":true,"href":"https:\/\/blog.cancaonova.com\/cuiaba\/wp-json\/wp\/v2\/categories?post=1204"},{"taxonomy":"post_tag","embeddable":true,"href":"https:\/\/blog.cancaonova.com\/cuiaba\/wp-json\/wp\/v2\/tags?post=1204"}],"curies":[{"name":"wp","href":"https:\/\/api.w.org\/{rel}","templated":true}]}}