{"id":121,"date":"2021-03-11T20:23:29","date_gmt":"2021-03-11T23:23:29","guid":{"rendered":"http:\/\/blog.cancaonova.com\/cuiaba\/?p=121"},"modified":"2023-11-23T20:34:28","modified_gmt":"2023-11-23T23:34:28","slug":"celebra-cuiaba-29-anos","status":"publish","type":"post","link":"https:\/\/blog.cancaonova.com\/cuiaba\/2021\/03\/11\/celebra-cuiaba-29-anos\/","title":{"rendered":"Celebra Cuiab\u00e1 - 29 anos"},"content":{"rendered":"<h2><em><strong>Celebra Cuiab\u00e1<\/strong><\/em><\/h2>\n<h2><em><strong>Comunidade Can\u00e7\u00e3o Nova completa 29 anos em Mato Grosso<\/strong><\/em><\/h2>\n<h6>Por Ziza Pereira<\/h6>\n<p>Celebra Cuiab\u00e1! O M\u00eas de Mar\u00e7o tem um forte significado para a frente mission\u00e1ria da Com. Can\u00e7\u00e3o Nova na Arquidiocese de Cuiab\u00e1. Inicia assim, a contagem regressiva para o trig\u00e9simo anivers\u00e1rio.<\/p>\n<p>Diante das atividades de evangeliza\u00e7\u00e3o bem estabelecidas com o povo de Deus e junto ao nosso arcebispo Dom Milton Santos,\u00a0<a href=\"https:\/\/web.archive.org\/web\/20210927063653\/https:\/\/blog.cancaonova.com\/cuiaba\/quem-somos\/missionarios\/\" target=\"_blank\" rel=\"noopener\">os mission\u00e1rios<\/a>\u00a0celebram com imensa gratid\u00e3o a Deus por toda conquista nestas tr\u00eas d\u00e9cadas.<\/p>\n<p>Com a inspira\u00e7\u00e3o de S\u00e3o Jo\u00e3o Bosco, \u201cDai-me almas e ficai com o resto!\u201d, a Comunidade busca responder ao chamado de Deus de\u00a0<a href=\"https:\/\/web.archive.org\/web\/20210927063653\/https:\/\/blog.cancaonova.com\/vocacional\/nossa-missao-e-preparar-segunda-vinda-senhor\/\" target=\"_blank\" rel=\"noopener\">\u201cpreparar um povo bem disposto para a Segunda Vinda de Jesus<\/a>\u00a0e nessa espera proclamar, com a vida,\u00a0<i>Maranatha \u2013 Vem, Senhor Jesus\u201d<\/i>, como afirma o fundador Mons. Jonas Abib em seus escritos.<\/p>\n<p><strong>\u00a0<\/strong><\/p>\n<p><b>A convite do Arcebispo<\/b><\/p>\n<p><strong>\u00a0<\/strong><\/p>\n<p>A pedido de Dom Bonif\u00e1cio Piccinini, ent\u00e3o Arcebispo\u00a0 Metropolitano de Cuiab\u00e1, no ano de 1992, a Comunidade Can\u00e7\u00e3o Nova iniciou sua miss\u00e3o em Mato Grosso. Os primeiros mission\u00e1rios a desbravar essa terra foram Geraldo e Iracema,\u00a0 Jo\u00e3o Luiz e Fatinha.<\/p>\n<p>Na \u00e9poca a Comunidade Can\u00e7\u00e3o Nova assumiu a administra\u00e7\u00e3o e a dire\u00e7\u00e3o da programa\u00e7\u00e3o da R\u00e1dio Difusora Bom Jesus de Cuiab\u00e1, pertencente \u00e0 Arquidiocese de Cuiab\u00e1.<\/p>\n<p>A partir de novembro de 2016 a dire\u00e7\u00e3o da\u00a0<a href=\"https:\/\/web.archive.org\/web\/20210927063653\/https:\/\/www.arquidiocesecuiaba.org.br\/?cat=101\" target=\"_blank\" rel=\"noopener\">r\u00e1dio voltou para a Funda\u00e7\u00e3o Bom Jesus de Cuiab\u00e1<\/a>\u00a0e a Comunidade continuou com seu apostolado junto \u00e0 Arquidiocese.<\/p>\n<p><strong>\u00a0<\/strong><\/p>\n<p><b>Carisma Can\u00e7\u00e3o Nova na evangeliza\u00e7\u00e3o<\/b><\/p>\n<p><strong>\u00a0<\/strong><\/p>\n<p>Atualmente, a Comunidade Can\u00e7\u00e3o Nova apresenta uma\u00a0<a href=\"https:\/\/web.archive.org\/web\/20210927063653\/https:\/\/blog.cancaonova.com\/cuiaba\/eventos\/agenda-semanal\/\" target=\"_blank\" rel=\"noopener\">programa\u00e7\u00e3o di\u00e1ria de evangeliza\u00e7\u00e3o no Rinc\u00e3o do Meu Senhor<\/a>, contando com o Clube da Evangeliza\u00e7\u00e3o, Loja Can\u00e7\u00e3o Nova, Bazar da Provid\u00eancia, Capela da Miseric\u00f3rdia, Lanchonete, Refeit\u00f3rio e\u00a0 Audit\u00f3rios.<\/p>\n<p>O apostolado acontece por meio dos atendimentos de ora\u00e7\u00e3o, Adora\u00e7\u00e3o , Quinta-feira de Adora\u00e7\u00e3o, Santa Missa di\u00e1ria, Grupo de Ora\u00e7\u00e3o Fam\u00edlia Can\u00e7\u00e3o Nova, Grupo de Ora\u00e7\u00e3o Sentinelas(crian\u00e7as), Grupo S\u00e3o Jos\u00e9 (homens), Grupo de Ora\u00e7\u00e3o Jovens Sarados, Santo Ter\u00e7o ,Acampamentos de Ora\u00e7\u00e3o, Aprofundamentos, Maranath\u00e1s e Kair\u00f3s.<\/p>\n<p><img loading=\"lazy\" decoding=\"async\" class=\"aligncenter  wp-image-122\" src=\"http:\/\/blog.cancaonova.com\/cuiaba\/files\/2023\/11\/Celebra-Cuiba-300x169.jpeg\" alt=\"\" width=\"692\" height=\"390\" srcset=\"https:\/\/blog.cancaonova.com\/cuiaba\/files\/2023\/11\/Celebra-Cuiba-300x169.jpeg 300w, https:\/\/blog.cancaonova.com\/cuiaba\/files\/2023\/11\/Celebra-Cuiba.jpeg 384w\" sizes=\"(max-width: 692px) 100vw, 692px\" \/><\/p>\n","protected":false},"excerpt":{"rendered":"<p>Celebra Cuiab\u00e1 Comunidade Can\u00e7\u00e3o Nova completa 29 anos em Mato Grosso Por Ziza Pereira Celebra Cuiab\u00e1! O M\u00eas de Mar\u00e7o tem um forte significado para a frente mission\u00e1ria da Com. Can\u00e7\u00e3o Nova na Arquidiocese de Cuiab\u00e1. Inicia assim, a contagem&#8230;<\/p>\n","protected":false},"author":4539,"featured_media":122,"comment_status":"open","ping_status":"open","sticky":false,"template":"","format":"standard","meta":{"_mi_skip_tracking":false,"_monsterinsights_sitenote_active":false,"_monsterinsights_sitenote_note":"","_monsterinsights_sitenote_category":0,"footnotes":""},"categories":[5261],"tags":[],"_links":{"self":[{"href":"https:\/\/blog.cancaonova.com\/cuiaba\/wp-json\/wp\/v2\/posts\/121"}],"collection":[{"href":"https:\/\/blog.cancaonova.com\/cuiaba\/wp-json\/wp\/v2\/posts"}],"about":[{"href":"https:\/\/blog.cancaonova.com\/cuiaba\/wp-json\/wp\/v2\/types\/post"}],"author":[{"embeddable":true,"href":"https:\/\/blog.cancaonova.com\/cuiaba\/wp-json\/wp\/v2\/users\/4539"}],"replies":[{"embeddable":true,"href":"https:\/\/blog.cancaonova.com\/cuiaba\/wp-json\/wp\/v2\/comments?post=121"}],"version-history":[{"count":1,"href":"https:\/\/blog.cancaonova.com\/cuiaba\/wp-json\/wp\/v2\/posts\/121\/revisions"}],"predecessor-version":[{"id":123,"href":"https:\/\/blog.cancaonova.com\/cuiaba\/wp-json\/wp\/v2\/posts\/121\/revisions\/123"}],"wp:featuredmedia":[{"embeddable":true,"href":"https:\/\/blog.cancaonova.com\/cuiaba\/wp-json\/wp\/v2\/media\/122"}],"wp:attachment":[{"href":"https:\/\/blog.cancaonova.com\/cuiaba\/wp-json\/wp\/v2\/media?parent=121"}],"wp:term":[{"taxonomy":"category","embeddable":true,"href":"https:\/\/blog.cancaonova.com\/cuiaba\/wp-json\/wp\/v2\/categories?post=121"},{"taxonomy":"post_tag","embeddable":true,"href":"https:\/\/blog.cancaonova.com\/cuiaba\/wp-json\/wp\/v2\/tags?post=121"}],"curies":[{"name":"wp","href":"https:\/\/api.w.org\/{rel}","templated":true}]}}