{"id":1210,"date":"2025-08-20T17:46:27","date_gmt":"2025-08-20T20:46:27","guid":{"rendered":"https:\/\/blog.cancaonova.com\/cuiaba\/?p=1210"},"modified":"2025-08-21T10:38:23","modified_gmt":"2025-08-21T13:38:23","slug":"nacoes2025","status":"publish","type":"post","link":"https:\/\/blog.cancaonova.com\/cuiaba\/2025\/08\/20\/nacoes2025\/","title":{"rendered":"Viage pela culin\u00e1ria de 10 culturas diferentes sem sair de Cuiab\u00e1"},"content":{"rendered":"<h2><span style=\"font-weight: 400\">3\u00aa Festa das Na\u00e7\u00f5es na Can\u00e7\u00e3o Nova \u2013 reserve esta data: 6 de setembro<\/span><\/h2>\n<p><img loading=\"lazy\" decoding=\"async\" class=\"aligncenter size-full wp-image-1213\" src=\"https:\/\/blog.cancaonova.com\/cuiaba\/files\/2025\/08\/WhatsApp-Image-2025-08-21-at-09.35.54-1.jpeg\" alt=\"\" width=\"1600\" height=\"900\" srcset=\"https:\/\/blog.cancaonova.com\/cuiaba\/files\/2025\/08\/WhatsApp-Image-2025-08-21-at-09.35.54-1.jpeg 1600w, https:\/\/blog.cancaonova.com\/cuiaba\/files\/2025\/08\/WhatsApp-Image-2025-08-21-at-09.35.54-1-300x169.jpeg 300w, https:\/\/blog.cancaonova.com\/cuiaba\/files\/2025\/08\/WhatsApp-Image-2025-08-21-at-09.35.54-1-768x432.jpeg 768w, https:\/\/blog.cancaonova.com\/cuiaba\/files\/2025\/08\/WhatsApp-Image-2025-08-21-at-09.35.54-1-384x216.jpeg 384w, https:\/\/blog.cancaonova.com\/cuiaba\/files\/2025\/08\/WhatsApp-Image-2025-08-21-at-09.35.54-1-512x288.jpeg 512w, https:\/\/blog.cancaonova.com\/cuiaba\/files\/2025\/08\/WhatsApp-Image-2025-08-21-at-09.35.54-1-1024x576.jpeg 1024w, https:\/\/blog.cancaonova.com\/cuiaba\/files\/2025\/08\/WhatsApp-Image-2025-08-21-at-09.35.54-1-1536x864.jpeg 1536w\" sizes=\"(max-width: 1600px) 100vw, 1600px\" \/><\/p>\n<p><span style=\"font-weight: 400\">A Festa das Na\u00e7\u00f5es \u00e9 uma feira gastron\u00f4mica com comidas t\u00edpicas dos mais variados povos e culturas, aliados \u00e0 cultura brasileira. Pela 3\u00aa vez ser\u00e1 realizada na sede da Comunidade Can\u00e7\u00e3o Nova, no Rinc\u00e3o do Meu Senhor, em V\u00e1rzea Grande\/MT. O evento ser\u00e1 dia 6 de setembro, s\u00e1bado, das 19h \u00e0s 22h.<\/span><\/p>\n<p><span style=\"font-weight: 400\">O ticket de entrada d\u00e1 livre acesso a todas as barracas, para que cada participante aprecie, \u00e0 vontade, a culin\u00e1ria de 10 culturas diferentes. S\u00e3o mais de 20 pratos. O consumo \u00e9 permitido somente no local.<\/span><\/p>\n<p><span style=\"font-weight: 400\">Quem visitar o evento poder\u00e1 provar as culin\u00e1rias:<\/span><\/p>\n<ul>\n<li><span style=\"font-weight: 400\"><strong>Americana:<\/strong> hamburger e batata frita<\/span><\/li>\n<li><span style=\"font-weight: 400\"><strong>Argentina:<\/strong> choripan, parrilla de fraldinha, carneiro a patag\u00f4nia\u00a0<\/span><\/li>\n<li><span style=\"font-weight: 400\"><strong>Espanha:<\/strong> paella (frutos do mar)<\/span><\/li>\n<li><span style=\"font-weight: 400\"><strong>It\u00e1liana:<\/strong> lasanha e nhoque<\/span><\/li>\n<li><span style=\"font-weight: 400\"><strong>Japonesa:<\/strong> sushi e yakisoba<\/span><\/li>\n<li><span style=\"font-weight: 400\"><strong>L\u00edbanesa:<\/strong> tabule, fatteh de frango e kibe assado<\/span><\/li>\n<li><span style=\"font-weight: 400\"><strong>Mexicana:<\/strong> taco shell, guacamole, vinagrete e suor cream<\/span><\/li>\n<li><span style=\"font-weight: 400\"><strong>Portuguesa:<\/strong> bacalhoada ao forno<\/span><\/li>\n<\/ul>\n<p><span style=\"font-weight: 400\">Representando o Brasil:<\/span><\/p>\n<ul>\n<li><span style=\"font-weight: 400\"><strong>Regional:<\/strong> maria Isabel, feij\u00e3o empamonado e farofa de banana<\/span><\/li>\n<li><span style=\"font-weight: 400\"><strong>Ga\u00facha:<\/strong> costel\u00e3o, maionese, salada e cuca<\/span><\/li>\n<\/ul>\n<p><span style=\"font-weight: 400\">Durante o evento, os visitantes tamb\u00e9m t\u00eam a oportunidade de acompanhar apresenta\u00e7\u00f5es de dan\u00e7as t\u00edpicas de diversos pa\u00edses e conhecer a devo\u00e7\u00e3o mariana de in\u00fameras culturas. <em>\u201cA Can\u00e7\u00e3o Nova em comunh\u00e3o com os Campistas da Arquidiocese de Cuiab\u00e1 promove a maior festa gastron\u00f4mica da nossa cidade\u201d,<\/em> destaca o respons\u00e1vel da Can\u00e7\u00e3o Nova, padre Elenildo Pereira. &#8220;Ser\u00e1 uma festa cultural, em um ambiente muito saud\u00e1vel, para toda a fam\u00edlia&#8221;, refor\u00e7a.<\/span><\/p>\n<h3><strong>O ticket de entrada pode ser garantido antecipadamente no valor de R$ 120.<\/strong><\/h3>\n<p><span style=\"font-weight: 400\">Os ingressos s\u00e3o limitados e voc\u00ea pode adquirir com os organizadores do evento ou no:\u00a0<\/span><\/p>\n<p><span style=\"font-weight: 400\">Rinc\u00e3o do Meu Senhor \u2013 V\u00e1rzea Grande [loja, bazar e secretaria] \u2013 Telefone (65) 3046-9201<\/span><\/p>\n<h3><strong>E as crian\u00e7as?<\/strong><\/h3>\n<p><span style=\"font-weight: 400\">Crian\u00e7as at\u00e9 6 anos n\u00e3o pagam.<\/span><\/p>\n<p><span style=\"font-weight: 400\">De 7 a 12 anos pagam meia.<\/span><\/p>\n<p><span style=\"font-weight: 400\">13 anos acima pagam inteira.<\/span><\/p>\n<p><span style=\"font-weight: 400\">Al\u00e9m do grande festival alimentar, a festa tamb\u00e9m contar\u00e1 com parque infantil.<\/span><\/p>\n<h3><strong>Sobremesa<\/strong><\/h3>\n<p><span style=\"font-weight: 400\">Haver\u00e1 tamb\u00e9m barracas de sobremesa, picol\u00e9, a\u00e7a\u00ed e bebidas [refrigerante, suco e \u00e1gua]. O consumo de bebidas e sobremesa \u00e9 pago \u00e0 parte.<\/span><\/p>\n<h3><strong>Estacionamento<\/strong><\/h3>\n<p><span style=\"font-weight: 400\">Em frente \u00e0 sede da Can\u00e7\u00e3o Nova em V\u00e1rzea Grande, h\u00e1 um espa\u00e7o para estacionamento gratu\u00edto, onde voc\u00ea pode guardar seu ve\u00edculo.<\/span><\/p>\n<h3><strong>Local do evento\u00a0<\/strong><\/h3>\n<p><span style=\"font-weight: 400\">Rua do Imperador, 502, Cohab Dom Orlando Chaves, V\u00e1rzea Grande \/ MT.<\/span><\/p>\n<h3><strong>Para outras informa\u00e7\u00f5es fa\u00e7a contato<\/strong><\/h3>\n<p><span style=\"font-weight: 400\">pelo whatsapp: 65 99916-9185<\/span><\/p>\n<p>&nbsp;<\/p>\n","protected":false},"excerpt":{"rendered":"<p>3\u00aa Festa das Na\u00e7\u00f5es na Can\u00e7\u00e3o Nova \u2013 reserve esta data: 6 de setembro A Festa das Na\u00e7\u00f5es \u00e9 uma feira gastron\u00f4mica com comidas t\u00edpicas dos mais variados povos e culturas, aliados \u00e0 cultura brasileira. Pela 3\u00aa vez ser\u00e1 realizada&#8230;<\/p>\n","protected":false},"author":4789,"featured_media":1213,"comment_status":"closed","ping_status":"closed","sticky":false,"template":"","format":"standard","meta":{"_mi_skip_tracking":false,"_monsterinsights_sitenote_active":false,"_monsterinsights_sitenote_note":"","_monsterinsights_sitenote_category":0,"footnotes":""},"categories":[290472],"tags":[290492,290493,290491],"_links":{"self":[{"href":"https:\/\/blog.cancaonova.com\/cuiaba\/wp-json\/wp\/v2\/posts\/1210"}],"collection":[{"href":"https:\/\/blog.cancaonova.com\/cuiaba\/wp-json\/wp\/v2\/posts"}],"about":[{"href":"https:\/\/blog.cancaonova.com\/cuiaba\/wp-json\/wp\/v2\/types\/post"}],"author":[{"embeddable":true,"href":"https:\/\/blog.cancaonova.com\/cuiaba\/wp-json\/wp\/v2\/users\/4789"}],"replies":[{"embeddable":true,"href":"https:\/\/blog.cancaonova.com\/cuiaba\/wp-json\/wp\/v2\/comments?post=1210"}],"version-history":[{"count":3,"href":"https:\/\/blog.cancaonova.com\/cuiaba\/wp-json\/wp\/v2\/posts\/1210\/revisions"}],"predecessor-version":[{"id":1215,"href":"https:\/\/blog.cancaonova.com\/cuiaba\/wp-json\/wp\/v2\/posts\/1210\/revisions\/1215"}],"wp:featuredmedia":[{"embeddable":true,"href":"https:\/\/blog.cancaonova.com\/cuiaba\/wp-json\/wp\/v2\/media\/1213"}],"wp:attachment":[{"href":"https:\/\/blog.cancaonova.com\/cuiaba\/wp-json\/wp\/v2\/media?parent=1210"}],"wp:term":[{"taxonomy":"category","embeddable":true,"href":"https:\/\/blog.cancaonova.com\/cuiaba\/wp-json\/wp\/v2\/categories?post=1210"},{"taxonomy":"post_tag","embeddable":true,"href":"https:\/\/blog.cancaonova.com\/cuiaba\/wp-json\/wp\/v2\/tags?post=1210"}],"curies":[{"name":"wp","href":"https:\/\/api.w.org\/{rel}","templated":true}]}}