{"id":1219,"date":"2025-09-10T14:58:56","date_gmt":"2025-09-10T17:58:56","guid":{"rendered":"https:\/\/blog.cancaonova.com\/cuiaba\/?p=1219"},"modified":"2025-09-12T16:40:42","modified_gmt":"2025-09-12T19:40:42","slug":"rosas2025","status":"publish","type":"post","link":"https:\/\/blog.cancaonova.com\/cuiaba\/2025\/09\/10\/rosas2025\/","title":{"rendered":"Can\u00e7\u00e3o Nova sediar\u00e1 4\u00aa Festa das Rosas em V\u00e1rzea Grande"},"content":{"rendered":"<p><span style=\"font-weight: 400\">No s\u00e1bado, 4 de outubro, a partir das 16h, na Comunidade Can\u00e7\u00e3o Nova em V\u00e1rzea Grande [Rinc\u00e3o do Meu Senhor] acontecer\u00e1 a 4\u00aa Festa das Rosas. O evento \u00e9 promovido pelo Carmelo S\u00e3o Jos\u00e9, da Arquidiocese de Cuiab\u00e1 MT.<\/span><\/p>\n<p><span style=\"font-weight: 400\">Haver\u00e1 a Santa Missa presidida pelo Padre Overland Costa, seguida de uma animada quermesse com churrasco e outras comidas saborosas, al\u00e9m da confraterniza\u00e7\u00e3o e de muita alegria.<\/span><\/p>\n<p><span style=\"font-weight: 400\">Durante a festa tamb\u00e9m haver\u00e1 uma A\u00e7\u00e3o entre Amigos, cujos bilhetes j\u00e1 est\u00e3o \u00e0 venda! Para adquirir o seu e concorrer a pr\u00eamios maravilhosos, como o carro 0 km, basta clicar em <\/span><a href=\"http:\/\/rosas.carmelosaojose.org\/vendas\"><span style=\"font-weight: 400\">https:\/\/rosas.carmelosaojose.org\/vendas<\/span><\/a><span style=\"font-weight: 400\"> ou escanear o QRCode abaixo.<\/span><\/p>\n<p><a href=\"https:\/\/rosas.carmelosaojose.org\/vendas\"><img loading=\"lazy\" decoding=\"async\" class=\"aligncenter wp-image-1220 size-full\" src=\"https:\/\/blog.cancaonova.com\/cuiaba\/files\/2025\/09\/bilhete-acao-carmelo-2025.jpg\" alt=\"\" width=\"1440\" height=\"1920\" srcset=\"https:\/\/blog.cancaonova.com\/cuiaba\/files\/2025\/09\/bilhete-acao-carmelo-2025.jpg 1440w, https:\/\/blog.cancaonova.com\/cuiaba\/files\/2025\/09\/bilhete-acao-carmelo-2025-225x300.jpg 225w, https:\/\/blog.cancaonova.com\/cuiaba\/files\/2025\/09\/bilhete-acao-carmelo-2025-768x1024.jpg 768w, https:\/\/blog.cancaonova.com\/cuiaba\/files\/2025\/09\/bilhete-acao-carmelo-2025-150x200.jpg 150w, https:\/\/blog.cancaonova.com\/cuiaba\/files\/2025\/09\/bilhete-acao-carmelo-2025-1152x1536.jpg 1152w\" sizes=\"(max-width: 1440px) 100vw, 1440px\" \/><\/a><\/p>\n<p><span style=\"font-weight: 400\">O sorteio ser\u00e1 realizado durante a festa e toda a renda ser\u00e1 destinada \u00e0 constru\u00e7\u00e3o do Carmelo definitivo de S\u00e3o Jos\u00e9.<\/span><\/p>\n<p><span style=\"font-weight: 400\">Participe, traga sua fam\u00edlia e amigos para viver este momento de f\u00e9 e alegria.<\/span><\/p>\n<h3 style=\"text-align: center\"><strong>Informa\u00e7\u00f5es pelo instagram <a href=\"https:\/\/www.instagram.com\/carmelo_cuiaba\/\">@carmelo_cuiaba<\/a>\u00a0<\/strong><\/h3>\n<p><img loading=\"lazy\" decoding=\"async\" class=\"aligncenter size-full wp-image-1221\" src=\"https:\/\/blog.cancaonova.com\/cuiaba\/files\/2025\/09\/festa-rosas-2025.jpg\" alt=\"\" width=\"2404\" height=\"1084\" srcset=\"https:\/\/blog.cancaonova.com\/cuiaba\/files\/2025\/09\/festa-rosas-2025.jpg 2404w, https:\/\/blog.cancaonova.com\/cuiaba\/files\/2025\/09\/festa-rosas-2025-300x135.jpg 300w, https:\/\/blog.cancaonova.com\/cuiaba\/files\/2025\/09\/festa-rosas-2025-768x346.jpg 768w, https:\/\/blog.cancaonova.com\/cuiaba\/files\/2025\/09\/festa-rosas-2025-1536x693.jpg 1536w, https:\/\/blog.cancaonova.com\/cuiaba\/files\/2025\/09\/festa-rosas-2025-2048x923.jpg 2048w\" sizes=\"(max-width: 2404px) 100vw, 2404px\" \/><\/p>\n","protected":false},"excerpt":{"rendered":"<p>No s\u00e1bado, 4 de outubro, a partir das 16h, na Comunidade Can\u00e7\u00e3o Nova em V\u00e1rzea Grande [Rinc\u00e3o do Meu Senhor] acontecer\u00e1 a 4\u00aa Festa das Rosas. O evento \u00e9 promovido pelo Carmelo S\u00e3o Jos\u00e9, da Arquidiocese de Cuiab\u00e1 MT. Haver\u00e1&#8230;<\/p>\n","protected":false},"author":4789,"featured_media":1227,"comment_status":"closed","ping_status":"closed","sticky":false,"template":"","format":"standard","meta":{"_mi_skip_tracking":false,"_monsterinsights_sitenote_active":false,"_monsterinsights_sitenote_note":"","_monsterinsights_sitenote_category":0,"footnotes":""},"categories":[290472],"tags":[],"_links":{"self":[{"href":"https:\/\/blog.cancaonova.com\/cuiaba\/wp-json\/wp\/v2\/posts\/1219"}],"collection":[{"href":"https:\/\/blog.cancaonova.com\/cuiaba\/wp-json\/wp\/v2\/posts"}],"about":[{"href":"https:\/\/blog.cancaonova.com\/cuiaba\/wp-json\/wp\/v2\/types\/post"}],"author":[{"embeddable":true,"href":"https:\/\/blog.cancaonova.com\/cuiaba\/wp-json\/wp\/v2\/users\/4789"}],"replies":[{"embeddable":true,"href":"https:\/\/blog.cancaonova.com\/cuiaba\/wp-json\/wp\/v2\/comments?post=1219"}],"version-history":[{"count":4,"href":"https:\/\/blog.cancaonova.com\/cuiaba\/wp-json\/wp\/v2\/posts\/1219\/revisions"}],"predecessor-version":[{"id":1226,"href":"https:\/\/blog.cancaonova.com\/cuiaba\/wp-json\/wp\/v2\/posts\/1219\/revisions\/1226"}],"wp:featuredmedia":[{"embeddable":true,"href":"https:\/\/blog.cancaonova.com\/cuiaba\/wp-json\/wp\/v2\/media\/1227"}],"wp:attachment":[{"href":"https:\/\/blog.cancaonova.com\/cuiaba\/wp-json\/wp\/v2\/media?parent=1219"}],"wp:term":[{"taxonomy":"category","embeddable":true,"href":"https:\/\/blog.cancaonova.com\/cuiaba\/wp-json\/wp\/v2\/categories?post=1219"},{"taxonomy":"post_tag","embeddable":true,"href":"https:\/\/blog.cancaonova.com\/cuiaba\/wp-json\/wp\/v2\/tags?post=1219"}],"curies":[{"name":"wp","href":"https:\/\/api.w.org\/{rel}","templated":true}]}}