{"id":124,"date":"2021-11-23T20:42:20","date_gmt":"2021-11-23T23:42:20","guid":{"rendered":"http:\/\/blog.cancaonova.com\/cuiaba\/?p=124"},"modified":"2023-11-23T20:46:39","modified_gmt":"2023-11-23T23:46:39","slug":"entronizacao-quadro-glorioso-sao-jose","status":"publish","type":"post","link":"https:\/\/blog.cancaonova.com\/cuiaba\/2021\/11\/23\/entronizacao-quadro-glorioso-sao-jose\/","title":{"rendered":"Entroniza\u00e7\u00e3o do Quadro do Glorioso S\u00e3o Jos\u00e9"},"content":{"rendered":"<p><b>I \u2013<\/b>\u00a0Entronizar o quadro na resid\u00eancia em um lugar de honra e destaque, de prefer\u00eancia um local destacado,\u00a0 para que todos os que entrarem na Casa o vejam.<\/p>\n<p><b>II \u2013<\/b>\u00a0Rezar o Santo Ter\u00e7o em fam\u00edlia, preferencialmente em uma quarta feira, dia da semana em que a Igreja Cat\u00f3lica dedica \u00e0 mem\u00f3ria do Glorioso S\u00e3o Jos\u00e9, para lucrar indulg\u00eancia plen\u00e1ria.<\/p>\n<p><b>III \u2013<\/b>\u00a0Rezar a Ora\u00e7\u00e3o do Papa Le\u00e3o XIII, escrita para ser rezada ap\u00f3s o Santo Ter\u00e7o.<\/p>\n<p>&nbsp;<\/p>\n<h3>\u00a0<img loading=\"lazy\" decoding=\"async\" class=\" wp-image-118 alignleft\" src=\"http:\/\/blog.cancaonova.com\/cuiaba\/files\/2023\/11\/S\u00e3o-Jos\u00e9-2-editada-334x216-300x194.jpg\" alt=\"\" width=\"377\" height=\"244\" srcset=\"https:\/\/blog.cancaonova.com\/cuiaba\/files\/2023\/11\/S\u00e3o-Jos\u00e9-2-editada-334x216-300x194.jpg 300w, https:\/\/blog.cancaonova.com\/cuiaba\/files\/2023\/11\/S\u00e3o-Jos\u00e9-2-editada-334x216.jpg 334w\" sizes=\"(max-width: 377px) 100vw, 377px\" \/><\/h3>\n<h3><\/h3>\n<h3><\/h3>\n<h3><\/h3>\n<h3><\/h3>\n<h3><\/h3>\n<h3><b><i><br \/>\nOra\u00e7\u00e3o\u00a0 \u201cA V\u00f3s, S\u00e3o Jos\u00e9\u201d do Papa Le\u00e3o XIII<\/i><\/b><\/h3>\n<p><b><i>Para ser rezada ap\u00f3s o ros\u00e1rio<\/i><\/b><\/p>\n<p><i>A V\u00f3s, S\u00e3o Jos\u00e9, recorremos em nossa tribula\u00e7\u00e3o, e depois de ter implorado o aux\u00edlio de vossa Sant\u00edssima Esposa, cheios de confian\u00e7a solicitamos tamb\u00e9m a vossa prote\u00e7\u00e3o.<\/i><\/p>\n<p><i>Por esse la\u00e7o sagrado de caridade, que vos uniu \u00e1 Virgem Imaculada, M\u00e3e de Deus, e pelo amor paternal que tivestes ao Menino Jesus, ardentemente vos suplicamos que lanceis um olhar benigno para a heran\u00e7a, que Jesus Cristo conquistou com o seu sangue, e nos socorra, em nossas necessidades, com o vosso aux\u00edlio e poder.<\/i><\/p>\n<p><i>Protegei, \u00f3 guarda providente da Divina Fam\u00edlia, a linhagem eleita de Jesus Cristo. Afastai para longe de n\u00f3s, \u00f3 Pai amant\u00edssimo, a peste do erro e do v\u00edcio que arru\u00edna o mundo.\u00a0<\/i><\/p>\n<p><i>Assisti-nos prop\u00edcio do alto do C\u00e9u, \u00f3 nosso fort\u00edssimo Protetor, na luta contra o poder das trevas; e assim como outrora salvastes da morte a vida amea\u00e7ada do Menino Jesus, assim tamb\u00e9m agora defendei a Santa Igreja de Deus contra as ciladas de seus inimigos e contra toda a adversidade.<\/i><\/p>\n<p><i>Amparai a cada um de n\u00f3s com o vosso constante patroc\u00ednio, a fim de que, a vosso exemplo e sustentados com o vosso aux\u00edlio, possamos viver virtuosamente, piedosamente morrer e obter no C\u00e9u a eterna bem aventuran\u00e7a. Am\u00e9m.<\/i><\/p>\n<h6><b><i><br \/>\nRefer\u00eancias:<\/i><\/b><\/h6>\n<h6>Papa Francisco, Decreto (<i>Cencede-se o dom de especial Indulg\u00eancia por ocasi\u00e3o do Ano Jubilar em honra de S\u00e3o Jos\u00e9, promulgado pelo Sumo Pont\u00edfice Francisco para celebrar dignamente o 150.\u00ba anivers\u00e1rio da proclama\u00e7\u00e3o de S\u00e3o Jos\u00e9 como Patrono da Universal<\/i>), de dez. 2020.<br \/>\n<b>Fonte:<\/b><a href=\"https:\/\/web.archive.org\/web\/20210927072838\/http:\/\/www.vatican.va\/roman_curia\/tribunals\/apost_penit\/documents\/rc_trib_appen_pro_20201208_decreto-indulgenze-sangiuseppe_po.html\" target=\"_blank\" rel=\"noopener\">http:\/\/www.vatican.va\/roman_curia\/tribunals\/apost_penit\/documents\/rc_trib_appen_pro_20201208_decreto-indulgenze-sangiuseppe_po.html<br \/>\n<\/a>Papa Le\u00e3o XIII, Enc\u00edclica<i>\u00a0Quamquam Pluries<\/i>\u00a0(sobre a devo\u00e7\u00e3o a S\u00e3o Jos\u00e9), 15 de agosto de 1889.<br \/>\n<b>Fonte:<\/b><a href=\"https:\/\/web.archive.org\/web\/20210927072838\/http:\/\/www.vatican.va\/content\/leo-xiii\/la\/encyclicals\/documents\/hf_l-xiii_enc_15081889_quamquam-pluries.html\" target=\"_blank\" rel=\"noopener\">http:\/\/www.vatican.va\/content\/leo-xiii\/la\/encyclicals\/documents\/hf_l-xiii_enc_15081889_quamquam-pluries.html<br \/>\n<\/a>Donald H. Calloway,\u00a0<i>Consagra\u00e7\u00e3o a S\u00e3o Jos\u00e9, as gl\u00f3rias de nosso Pai Espiritual.\u00a0<\/i>Editora Ecclesiae, mar\u00e7o de 2021.<\/h6>\n","protected":false},"excerpt":{"rendered":"<p>I \u2013\u00a0Entronizar o quadro na resid\u00eancia em um lugar de honra e destaque, de prefer\u00eancia um local destacado,\u00a0 para que todos os que entrarem na Casa o vejam. II \u2013\u00a0Rezar o Santo Ter\u00e7o em fam\u00edlia, preferencialmente em uma quarta feira,&#8230;<\/p>\n","protected":false},"author":4539,"featured_media":118,"comment_status":"open","ping_status":"open","sticky":false,"template":"","format":"standard","meta":{"_mi_skip_tracking":false,"_monsterinsights_sitenote_active":false,"_monsterinsights_sitenote_note":"","_monsterinsights_sitenote_category":0,"footnotes":""},"categories":[8631],"tags":[17435,17742,18055,192588],"_links":{"self":[{"href":"https:\/\/blog.cancaonova.com\/cuiaba\/wp-json\/wp\/v2\/posts\/124"}],"collection":[{"href":"https:\/\/blog.cancaonova.com\/cuiaba\/wp-json\/wp\/v2\/posts"}],"about":[{"href":"https:\/\/blog.cancaonova.com\/cuiaba\/wp-json\/wp\/v2\/types\/post"}],"author":[{"embeddable":true,"href":"https:\/\/blog.cancaonova.com\/cuiaba\/wp-json\/wp\/v2\/users\/4539"}],"replies":[{"embeddable":true,"href":"https:\/\/blog.cancaonova.com\/cuiaba\/wp-json\/wp\/v2\/comments?post=124"}],"version-history":[{"count":1,"href":"https:\/\/blog.cancaonova.com\/cuiaba\/wp-json\/wp\/v2\/posts\/124\/revisions"}],"predecessor-version":[{"id":125,"href":"https:\/\/blog.cancaonova.com\/cuiaba\/wp-json\/wp\/v2\/posts\/124\/revisions\/125"}],"wp:featuredmedia":[{"embeddable":true,"href":"https:\/\/blog.cancaonova.com\/cuiaba\/wp-json\/wp\/v2\/media\/118"}],"wp:attachment":[{"href":"https:\/\/blog.cancaonova.com\/cuiaba\/wp-json\/wp\/v2\/media?parent=124"}],"wp:term":[{"taxonomy":"category","embeddable":true,"href":"https:\/\/blog.cancaonova.com\/cuiaba\/wp-json\/wp\/v2\/categories?post=124"},{"taxonomy":"post_tag","embeddable":true,"href":"https:\/\/blog.cancaonova.com\/cuiaba\/wp-json\/wp\/v2\/tags?post=124"}],"curies":[{"name":"wp","href":"https:\/\/api.w.org\/{rel}","templated":true}]}}