{"id":1247,"date":"2025-09-30T14:27:32","date_gmt":"2025-09-30T17:27:32","guid":{"rendered":"https:\/\/blog.cancaonova.com\/cuiaba\/?p=1247"},"modified":"2025-10-06T18:57:46","modified_gmt":"2025-10-06T21:57:46","slug":"44maranatha","status":"publish","type":"post","link":"https:\/\/blog.cancaonova.com\/cuiaba\/2025\/09\/30\/44maranatha\/","title":{"rendered":"Maranath\u00e1: para quem ainda n\u00e3o se decidiu por JESUS!"},"content":{"rendered":"<h2><span style=\"font-weight: 400\">Se for preciso te quebrar para te refazer, assim Eu farei.<\/span><\/h2>\n<p><span style=\"font-weight: 400\">A Can\u00e7\u00e3o Nova em V\u00e1rzea Grande (MT) sedia 2 vezes por ano, um retiro promovido pelo grupo \u201cJovens Sarados\u201d chamado Maranath\u00e1, m\u00e9todo inspirado pelo padre Jonas Abib. A 44\u00aa edi\u00e7\u00e3o do evento nas Arquidiocese de Cuiab\u00e1 est\u00e1 chegando e est\u00e1 uma loucura pelas vagas, que s\u00e3o limitadas.<\/span><\/p>\n<p><img loading=\"lazy\" decoding=\"async\" class=\"aligncenter size-full wp-image-1248\" src=\"https:\/\/blog.cancaonova.com\/cuiaba\/files\/2025\/09\/44maranatha.jpeg\" alt=\"\" width=\"1200\" height=\"1600\" srcset=\"https:\/\/blog.cancaonova.com\/cuiaba\/files\/2025\/09\/44maranatha.jpeg 1200w, https:\/\/blog.cancaonova.com\/cuiaba\/files\/2025\/09\/44maranatha-225x300.jpeg 225w, https:\/\/blog.cancaonova.com\/cuiaba\/files\/2025\/09\/44maranatha-768x1024.jpeg 768w, https:\/\/blog.cancaonova.com\/cuiaba\/files\/2025\/09\/44maranatha-150x200.jpeg 150w, https:\/\/blog.cancaonova.com\/cuiaba\/files\/2025\/09\/44maranatha-1152x1536.jpeg 1152w\" sizes=\"(max-width: 1200px) 100vw, 1200px\" \/><\/p>\n<ul>\n<li><span style=\"font-weight: 400\">O retiro ser\u00e1 nos dias<strong> 21, 22 e 23 de novembro<\/strong> de 2025.\u00a0<\/span><\/li>\n<li><span style=\"font-weight: 400\">A idade m\u00ednima para participar \u00e9 <strong>18 anos<\/strong>.<\/span><\/li>\n<li><span style=\"font-weight: 400\">S\u00e3o apenas 40 vagas masculinas e 40 femininas.<\/span><\/li>\n<li><span style=\"font-weight: 400\">Dorme-se no local do evento, desde sexta \u00e0 noite at\u00e9 domingo no final da tarde.<\/span><\/li>\n<li><span style=\"font-weight: 400\">A inscri\u00e7\u00e3o \u00e9 <strong>R$ 130<\/strong> e d\u00e1 direito a hospedagem e toda a alimenta\u00e7\u00e3o durante o evento.<\/span><\/li>\n<li><span style=\"font-weight: 400\"><strong>\u201cMe quebra e faz novo\u201d<\/strong> &#8211; tema impactante baseado em Jeremias 18,1-6.<\/span><\/li>\n<\/ul>\n<p><span style=\"font-weight: 400\">Trata-se de um retiro destinado \u00e0 jovens que ainda n\u00e3o fizeram uma experi\u00eancia real com Jesus ou n\u00e3o se decidiram por segu\u00ed-Lo. \u00c9 seu caso? Indicaria para algu\u00e9m?<\/span><\/p>\n<h3>Inscri\u00e7\u00f5es<\/h3>\n<p><span style=\"font-weight: 400\">Restam poucas vagas: se voc\u00ea tem interesse, entra em contato pelo zap para obter outras informa\u00e7\u00f5es <strong>(65) 98469-1095.<\/strong><\/span><\/p>\n<p>&nbsp;<\/p>\n<p style=\"text-align: center\"><em><span style=\"font-weight: 400\">N\u00e3o perca esta chance de transforma\u00e7\u00e3o de vida.<\/span><\/em><\/p>\n<p style=\"text-align: center\"><em><span style=\"font-weight: 400\">Maranatha: Vem, Senhor Jesus!<\/span><\/em><\/p>\n","protected":false},"excerpt":{"rendered":"<p>Se for preciso te quebrar para te refazer, assim Eu farei. A Can\u00e7\u00e3o Nova em V\u00e1rzea Grande (MT) sedia 2 vezes por ano, um retiro promovido pelo grupo \u201cJovens Sarados\u201d chamado Maranath\u00e1, m\u00e9todo inspirado pelo padre Jonas Abib. A 44\u00aa&#8230;<\/p>\n","protected":false},"author":4789,"featured_media":1249,"comment_status":"closed","ping_status":"closed","sticky":false,"template":"","format":"standard","meta":{"_mi_skip_tracking":false,"_monsterinsights_sitenote_active":false,"_monsterinsights_sitenote_note":"","_monsterinsights_sitenote_category":0,"footnotes":""},"categories":[290478],"tags":[],"_links":{"self":[{"href":"https:\/\/blog.cancaonova.com\/cuiaba\/wp-json\/wp\/v2\/posts\/1247"}],"collection":[{"href":"https:\/\/blog.cancaonova.com\/cuiaba\/wp-json\/wp\/v2\/posts"}],"about":[{"href":"https:\/\/blog.cancaonova.com\/cuiaba\/wp-json\/wp\/v2\/types\/post"}],"author":[{"embeddable":true,"href":"https:\/\/blog.cancaonova.com\/cuiaba\/wp-json\/wp\/v2\/users\/4789"}],"replies":[{"embeddable":true,"href":"https:\/\/blog.cancaonova.com\/cuiaba\/wp-json\/wp\/v2\/comments?post=1247"}],"version-history":[{"count":6,"href":"https:\/\/blog.cancaonova.com\/cuiaba\/wp-json\/wp\/v2\/posts\/1247\/revisions"}],"predecessor-version":[{"id":1255,"href":"https:\/\/blog.cancaonova.com\/cuiaba\/wp-json\/wp\/v2\/posts\/1247\/revisions\/1255"}],"wp:featuredmedia":[{"embeddable":true,"href":"https:\/\/blog.cancaonova.com\/cuiaba\/wp-json\/wp\/v2\/media\/1249"}],"wp:attachment":[{"href":"https:\/\/blog.cancaonova.com\/cuiaba\/wp-json\/wp\/v2\/media?parent=1247"}],"wp:term":[{"taxonomy":"category","embeddable":true,"href":"https:\/\/blog.cancaonova.com\/cuiaba\/wp-json\/wp\/v2\/categories?post=1247"},{"taxonomy":"post_tag","embeddable":true,"href":"https:\/\/blog.cancaonova.com\/cuiaba\/wp-json\/wp\/v2\/tags?post=1247"}],"curies":[{"name":"wp","href":"https:\/\/api.w.org\/{rel}","templated":true}]}}