{"id":1535,"date":"2026-09-03T14:14:00","date_gmt":"2026-09-03T17:14:00","guid":{"rendered":"https:\/\/blog.cancaonova.com\/cuiaba\/?p=1535"},"modified":"2026-09-03T14:34:24","modified_gmt":"2026-09-03T17:34:24","slug":"festanacoes2026","status":"publish","type":"post","link":"https:\/\/blog.cancaonova.com\/cuiaba\/2026\/09\/03\/festanacoes2026\/","title":{"rendered":"Festa das Na\u00e7\u00f5es: \ud83c\udf0e uma viagem pelo mundo atrav\u00e9s dos sabores"},"content":{"rendered":"<p>Prepare-se para uma noite especial de\u00a0<strong>sabores, culturas e bons momentos<\/strong>\u00a0na\u00a0<strong>4\u00aa Festa das Na\u00e7\u00f5es, Feira Gastron\u00f4mica<\/strong>.<\/p>\n<p>Uma realiza\u00e7\u00e3o da\u00a0<strong>Comunidade Can\u00e7\u00e3o Nova<\/strong>\u00a0e do\u00a0<strong>Acampamento #SobomantodeMaria<\/strong>, reunindo pessoas, culturas e sabores em uma experi\u00eancia especial para toda a fam\u00edlia.<\/p>\n<p><a href=\"https:\/\/doe.dompay.com.br\/e\/4-festa-das-nacoes-2026\"><img loading=\"lazy\" decoding=\"async\" class=\"aligncenter size-full wp-image-1537\" src=\"https:\/\/blog.cancaonova.com\/cuiaba\/files\/2026\/09\/WhatsApp-Image-2026-09-03-at-12.21.55.jpeg\" alt=\"\" width=\"1600\" height=\"900\" srcset=\"https:\/\/blog.cancaonova.com\/cuiaba\/files\/2026\/09\/WhatsApp-Image-2026-09-03-at-12.21.55.jpeg 1600w, https:\/\/blog.cancaonova.com\/cuiaba\/files\/2026\/09\/WhatsApp-Image-2026-09-03-at-12.21.55-300x169.jpeg 300w, https:\/\/blog.cancaonova.com\/cuiaba\/files\/2026\/09\/WhatsApp-Image-2026-09-03-at-12.21.55-768x432.jpeg 768w, https:\/\/blog.cancaonova.com\/cuiaba\/files\/2026\/09\/WhatsApp-Image-2026-09-03-at-12.21.55-384x216.jpeg 384w, https:\/\/blog.cancaonova.com\/cuiaba\/files\/2026\/09\/WhatsApp-Image-2026-09-03-at-12.21.55-512x288.jpeg 512w, https:\/\/blog.cancaonova.com\/cuiaba\/files\/2026\/09\/WhatsApp-Image-2026-09-03-at-12.21.55-1024x576.jpeg 1024w, https:\/\/blog.cancaonova.com\/cuiaba\/files\/2026\/09\/WhatsApp-Image-2026-09-03-at-12.21.55-1536x864.jpeg 1536w\" sizes=\"(max-width: 1600px) 100vw, 1600px\" \/><\/a><\/p>\n<p>No dia\u00a0<strong>12 de setembro de 2026<\/strong>, a partir das\u00a0<strong>19h<\/strong>, o\u00a0<strong>Rinc\u00e3o do Meu Senhor<\/strong>\u00a0se transforma em um verdadeiro encontro de culturas, reunindo pratos inspirados na gastronomia de diferentes pa\u00edses e regi\u00f5es.<\/p>\n<hr \/>\n<h2 style=\"text-align: center\"><a href=\"https:\/\/doe.dompay.com.br\/e\/4-festa-das-nacoes-2026\">LINK PARA COMPRA DO CONVITE<\/a><\/h2>\n<hr \/>\n<p>&nbsp;<\/p>\n<h3>\ud83c\udf7d\ufe0f Confira alguns dos sabores que esperam por voc\u00ea<\/h3>\n<p>&nbsp;<\/p>\n<p>\ud83c\uddfa\ud83c\uddf8\u00a0<strong>Estados Unidos<\/strong><br \/>\nHamb\u00farguer com batata frita<\/p>\n<p>\ud83c\uddea\ud83c\uddf8\u00a0<strong>Espanha<\/strong><br \/>\nPaella de frutos do mar<\/p>\n<p>\ud83c\udde6\ud83c\uddf7\u00a0<strong>Argentina<\/strong><br \/>\nCarneiro na estaca, chorip\u00e1n e fraldinha<\/p>\n<p>\ud83c\uddf2\ud83c\uddfd\u00a0<strong>M\u00e9xico<\/strong><br \/>\nTaco Shell, guacamole, vinagrete e sour cream<\/p>\n<p>\ud83c\uddef\ud83c\uddf5\u00a0<strong>Jap\u00e3o<\/strong><br \/>\nSushi<\/p>\n<p>\ud83c\uddf5\ud83c\uddf9 <strong>Portugal<br \/>\n<\/strong>Bacalhoada ao forno<\/p>\n<p>\ud83c\uddf1\ud83c\udde7\u00a0<strong>L\u00edbano<\/strong><br \/>\nTabule, fatteh de frango e kibe assado<\/p>\n<p>\ud83c\uddee\ud83c\uddf9\u00a0<strong>It\u00e1lia<\/strong><br \/>\nLasanha e nhoque<\/p>\n<p>\ud83c\udde7\ud83c\uddf7\u00a0<strong>Mato Grosso<\/strong><br \/>\nMaria Isabel<\/p>\n<p>\ud83c\udde7\ud83c\uddf7\u00a0<strong>Rio Grande do Sul<\/strong><br \/>\nCostel\u00e3o, maionese, salada e cuca<\/p>\n<p>&nbsp;<\/p>\n<p>Ser\u00e1 uma noite para reunir a fam\u00edlia e os amigos, conhecer novos sabores e viver uma verdadeira experi\u00eancia gastron\u00f4mica.<\/p>\n<p><strong>Sabores que unem culturas. Momentos que unem cora\u00e7\u00f5es. \u2764\ufe0f<\/strong><\/p>\n<p>&nbsp;<\/p>\n<h3>\ud83d\udcc5 Informa\u00e7\u00f5es do evento<\/h3>\n<p><strong>Data:<\/strong>\u00a012 de setembro de 2026<br \/>\n<strong>Hor\u00e1rio:<\/strong>\u00a019h<br \/>\n<strong>Local:<\/strong>\u00a0Comunidade Can\u00e7\u00e3o Nova, Rinc\u00e3o do Meu Senhor<br \/>\n<strong>Endere\u00e7o:<\/strong>\u00a0Rua do Imperador, 502, Cohab Dom Orlando Chaves, V\u00e1rzea Grande, MT<\/p>\n<p>&nbsp;<\/p>\n<h3>\ud83c\udf9f\ufe0f Passaportes do 1\u00ba lote<\/h3>\n<p><strong>Adulto:<\/strong>\u00a0R$ 120,00<br \/>\n<strong>Crian\u00e7as de 7 a 10 anos:<\/strong>\u00a0R$ 60,00<br \/>\n<strong>Crian\u00e7as at\u00e9 6 anos:<\/strong>\u00a0gratuito<\/p>\n<p>&nbsp;<\/p>\n<p><strong>Adquira seu passaporte e venha viajar pelo mundo atrav\u00e9s dos sabores! \ud83c\udf0e\ud83c\udf7d\ufe0f<\/strong><\/p>\n","protected":false},"excerpt":{"rendered":"<p>Prepare-se para uma noite especial de\u00a0sabores, culturas e bons momentos\u00a0na\u00a04\u00aa Festa das Na\u00e7\u00f5es, Feira Gastron\u00f4mica. Uma realiza\u00e7\u00e3o da\u00a0Comunidade Can\u00e7\u00e3o Nova\u00a0e do\u00a0Acampamento #SobomantodeMaria, reunindo pessoas, culturas e sabores em uma experi\u00eancia especial para toda a fam\u00edlia. No dia\u00a012 de setembro de&#8230;<\/p>\n","protected":false},"author":4789,"featured_media":0,"comment_status":"closed","ping_status":"closed","sticky":false,"template":"","format":"standard","meta":{"_mi_skip_tracking":false,"_monsterinsights_sitenote_active":false,"_monsterinsights_sitenote_note":"","_monsterinsights_sitenote_category":0,"footnotes":""},"categories":[290472],"tags":[],"_links":{"self":[{"href":"https:\/\/blog.cancaonova.com\/cuiaba\/wp-json\/wp\/v2\/posts\/1535"}],"collection":[{"href":"https:\/\/blog.cancaonova.com\/cuiaba\/wp-json\/wp\/v2\/posts"}],"about":[{"href":"https:\/\/blog.cancaonova.com\/cuiaba\/wp-json\/wp\/v2\/types\/post"}],"author":[{"embeddable":true,"href":"https:\/\/blog.cancaonova.com\/cuiaba\/wp-json\/wp\/v2\/users\/4789"}],"replies":[{"embeddable":true,"href":"https:\/\/blog.cancaonova.com\/cuiaba\/wp-json\/wp\/v2\/comments?post=1535"}],"version-history":[{"count":3,"href":"https:\/\/blog.cancaonova.com\/cuiaba\/wp-json\/wp\/v2\/posts\/1535\/revisions"}],"predecessor-version":[{"id":1539,"href":"https:\/\/blog.cancaonova.com\/cuiaba\/wp-json\/wp\/v2\/posts\/1535\/revisions\/1539"}],"wp:attachment":[{"href":"https:\/\/blog.cancaonova.com\/cuiaba\/wp-json\/wp\/v2\/media?parent=1535"}],"wp:term":[{"taxonomy":"category","embeddable":true,"href":"https:\/\/blog.cancaonova.com\/cuiaba\/wp-json\/wp\/v2\/categories?post=1535"},{"taxonomy":"post_tag","embeddable":true,"href":"https:\/\/blog.cancaonova.com\/cuiaba\/wp-json\/wp\/v2\/tags?post=1535"}],"curies":[{"name":"wp","href":"https:\/\/api.w.org\/{rel}","templated":true}]}}