{"id":395,"date":"2024-02-26T10:54:20","date_gmt":"2024-02-26T13:54:20","guid":{"rendered":"http:\/\/blog.cancaonova.com\/cuiaba\/?p=395"},"modified":"2024-06-03T14:53:22","modified_gmt":"2024-06-03T17:53:22","slug":"celebra2024","status":"publish","type":"post","link":"https:\/\/blog.cancaonova.com\/cuiaba\/2024\/02\/26\/celebra2024\/","title":{"rendered":"Celebra Cuiab\u00e1 2024: Atrairei todos a mim"},"content":{"rendered":"<p><strong>Dia de louvor pelos 32 anos da Can\u00e7\u00e3o Nova no Mato Grosso<\/strong><\/p>\n<p><img loading=\"lazy\" decoding=\"async\" class=\"aligncenter wp-image-397 size-full\" src=\"http:\/\/blog.cancaonova.com\/cuiaba\/files\/2024\/02\/Celebra-Cuiaba-2024.jpg\" alt=\"\" width=\"1080\" height=\"1080\" srcset=\"https:\/\/blog.cancaonova.com\/cuiaba\/files\/2024\/02\/Celebra-Cuiaba-2024.jpg 1080w, https:\/\/blog.cancaonova.com\/cuiaba\/files\/2024\/02\/Celebra-Cuiaba-2024-150x150.jpg 150w, https:\/\/blog.cancaonova.com\/cuiaba\/files\/2024\/02\/Celebra-Cuiaba-2024-300x300.jpg 300w, https:\/\/blog.cancaonova.com\/cuiaba\/files\/2024\/02\/Celebra-Cuiaba-2024-768x768.jpg 768w\" sizes=\"(max-width: 1080px) 100vw, 1080px\" \/><\/p>\n<p>Dia 17 de mar\u00e7o de 2024 a Comunidade Can\u00e7\u00e3o Nova estar\u00e1 em festa. O evento CELEBRA CUIAB\u00c1 ser\u00e1 promovido em a\u00e7\u00e3o de gra\u00e7as pelos 32 anos da presen\u00e7a do carisma Can\u00e7\u00e3o Nova em terras matogrossenses.<\/p>\n<p>Um grande dia de louvor foi preparado para que pessoas como voc\u00ea, que fazem parte desta hist\u00f3ria, rendam a Deus sua gratid\u00e3o.<\/p>\n<p>Em uma das can\u00e7\u00f5es do fundador da Can\u00e7\u00e3o Nova, padre Joas Abib, ele afirma que <strong>&#8220;\u00e9 no louvor que ELE age&#8221;<\/strong>, portanto, como narra a sagrada escritura, de fato <strong>o lourvor liberta<\/strong>, conforme Atos 16, 24 e 25.<\/p>\n<p>Existe uma promessa de Deus para este dia: <strong>&#8220;Atrairei todos a mim&#8221;<\/strong>, conforme Joao 12, 32. Se voc\u00ea est\u00e1 lendo este post agora, n\u00e3o tenha d\u00favida: voc\u00ea \u00e9 escolhido de Deus estar na presen\u00e7a DELE no dia 17 de mar\u00e7o, na sede da Can\u00e7\u00e3o Nova, no Rinc\u00e3o do Meu Senhor em V\u00e1rzea Grande\/MT.<\/p>\n<p><img loading=\"lazy\" decoding=\"async\" class=\"aligncenter size-full wp-image-398\" src=\"http:\/\/blog.cancaonova.com\/cuiaba\/files\/2024\/02\/01.jpg\" alt=\"\" width=\"1080\" height=\"1080\" srcset=\"https:\/\/blog.cancaonova.com\/cuiaba\/files\/2024\/02\/01.jpg 1080w, https:\/\/blog.cancaonova.com\/cuiaba\/files\/2024\/02\/01-150x150.jpg 150w, https:\/\/blog.cancaonova.com\/cuiaba\/files\/2024\/02\/01-300x300.jpg 300w, https:\/\/blog.cancaonova.com\/cuiaba\/files\/2024\/02\/01-768x768.jpg 768w\" sizes=\"(max-width: 1080px) 100vw, 1080px\" \/><\/p>\n<p style=\"text-align: center\"><strong>Programa\u00e7\u00e3o do CELEBRA CUIAB\u00c1 2024 &#8211; Atrairei todos a mim<\/strong><\/p>\n<p><span style=\"font-weight: 400\">08:30 &#8211; Ter\u00e7o Mariano<\/span><\/p>\n<p><span style=\"font-weight: 400\">09:00 &#8211; Louvor &#8211; <\/span><span style=\"font-weight: 400\">Minist\u00e9rio de M\u00fasica CN<\/span><\/p>\n<p><span style=\"font-weight: 400\">09:20 &#8211; Ora\u00e7\u00e3o da manh\u00e3: <\/span><b><i>\u201cSenhor, queremos ver JESUS\u201d<\/i><\/b><span style=\"font-weight: 400\"> Jo 12,21 &#8211; <\/span><b>Menandro Manoel<\/b><\/p>\n<p><span style=\"font-weight: 400\">09:40 &#8211; 1\u00aa Prega\u00e7\u00e3o:<\/span><b><i> \u201cTudo o que Deus faz dura para sempre\u201d<\/i><\/b><span style=\"font-weight: 400\"> Ecle 3,14 &#8211; <\/span><b>Valdenia Vieira<\/b><\/p>\n<p><span style=\"font-weight: 400\">10:20 &#8211; Ora\u00e7\u00e3o\u00a0<\/span><\/p>\n<p><span style=\"font-weight: 400\">10:30 &#8211; Recados e Intervalo<\/span><\/p>\n<p><span style=\"font-weight: 400\">11:00 &#8211; Louvor &#8211; <\/span><span style=\"font-weight: 400\">Minist\u00e9rio de M\u00fasica CN<\/span><\/p>\n<p><span style=\"font-weight: 400\">11:20 &#8211; 2\u00aa Prega\u00e7\u00e3o:<\/span><b><i> \u201cAtrairei todos a mim\u201d Lc 12,32<\/i><\/b><span style=\"font-weight: 400\"> &#8211; <\/span><b>Di\u00e1cono Nelsinho\u00a0<\/b><\/p>\n<p><span style=\"font-weight: 400\">12:20 &#8211; Ora\u00e7\u00e3o<\/span><\/p>\n<p><span style=\"font-weight: 400\">12:30 &#8211; Almo\u00e7o<\/span><\/p>\n<p><span style=\"font-weight: 400\">13:30 &#8211; Louvor &#8211; <\/span><span style=\"font-weight: 400\">Minist\u00e9rio de M\u00fasica CN<\/span><\/p>\n<p><span style=\"font-weight: 400\">14:00 &#8211; 3\u00aa Prega\u00e7\u00e3o: <\/span><b><i>\u201cCan\u00e7\u00e3o Nova no Mato Grosso, lugar da a\u00e7\u00e3o e da presen\u00e7a de Deus\u201d<\/i><\/b><span style=\"font-weight: 400\"> &#8211; <\/span><b>Di\u00e1cono Nelsinho<\/b><\/p>\n<p><span style=\"font-weight: 400\">15:00 &#8211; Recados e Intervalo<\/span><\/p>\n<p><span style=\"font-weight: 400\">15:30 &#8211; Louvor &#8211; <\/span><span style=\"font-weight: 400\">Minist\u00e9rio de M\u00fasica CN<\/span><\/p>\n<p><span style=\"font-weight: 400\">15:45 &#8211; <\/span><b>Testemunhos <\/b><span style=\"font-weight: 400\">&#8211; <\/span><b>Valdenia Vieira <\/b><span style=\"font-weight: 400\">conduz<\/span><\/p>\n<p><span style=\"font-weight: 400\">M\u00e1rcio Silva e Gl\u00e1ucia [5min] + Adriana e padre Joaquim [5min] + Vanderson Crozatto [5min]<\/span><\/p>\n<p><span style=\"font-weight: 400\">16:20 &#8211; Ora\u00e7\u00e3o de louvor\u00a0<\/span><\/p>\n<p><span style=\"font-weight: 400\">16:30 &#8211; Intervalo\u00a0<\/span><\/p>\n<p><span style=\"font-weight: 400\">17:00 &#8211; <\/span><b>Santa Missa<\/b><span style=\"font-weight: 400\"> &#8211; celebrante: <\/span><b>padre Elenildo Pereira<\/b><\/p>\n<p><span style=\"font-weight: 400\">18:30 &#8211; Adora\u00e7\u00e3o ao Sant\u00edssimo: <\/span><b>Valdenia Vieira <\/b><span style=\"font-weight: 400\">e<\/span><b> Vanderson <\/b><span style=\"font-weight: 400\">conduzem<\/span><\/p>\n<p><span style=\"font-weight: 400\">19:20 &#8211; B\u00ean\u00e7\u00e3o do Sant\u00edssimo Sacramento<\/span><\/p>\n<p style=\"text-align: center\"><em>[programa\u00e7\u00e3o sujeita a altera\u00e7\u00f5es sem aviso pr\u00e9vio]<\/em><\/p>\n<hr \/>\n<p style=\"text-align: center\">Informa\u00e7\u00f5es pelo whatsapp:\u00a0<strong>65 99916-9185<\/strong><\/p>\n","protected":false},"excerpt":{"rendered":"<p>Dia de louvor pelos 32 anos da Can\u00e7\u00e3o Nova no Mato Grosso Dia 17 de mar\u00e7o de 2024 a Comunidade Can\u00e7\u00e3o Nova estar\u00e1 em festa. O evento CELEBRA CUIAB\u00c1 ser\u00e1 promovido em a\u00e7\u00e3o de gra\u00e7as pelos 32 anos da presen\u00e7a&#8230;<\/p>\n","protected":false},"author":4789,"featured_media":399,"comment_status":"open","ping_status":"open","sticky":false,"template":"","format":"standard","meta":{"_mi_skip_tracking":false,"_monsterinsights_sitenote_active":false,"_monsterinsights_sitenote_note":"","_monsterinsights_sitenote_category":0,"footnotes":""},"categories":[289977,290470],"tags":[],"_links":{"self":[{"href":"https:\/\/blog.cancaonova.com\/cuiaba\/wp-json\/wp\/v2\/posts\/395"}],"collection":[{"href":"https:\/\/blog.cancaonova.com\/cuiaba\/wp-json\/wp\/v2\/posts"}],"about":[{"href":"https:\/\/blog.cancaonova.com\/cuiaba\/wp-json\/wp\/v2\/types\/post"}],"author":[{"embeddable":true,"href":"https:\/\/blog.cancaonova.com\/cuiaba\/wp-json\/wp\/v2\/users\/4789"}],"replies":[{"embeddable":true,"href":"https:\/\/blog.cancaonova.com\/cuiaba\/wp-json\/wp\/v2\/comments?post=395"}],"version-history":[{"count":7,"href":"https:\/\/blog.cancaonova.com\/cuiaba\/wp-json\/wp\/v2\/posts\/395\/revisions"}],"predecessor-version":[{"id":804,"href":"https:\/\/blog.cancaonova.com\/cuiaba\/wp-json\/wp\/v2\/posts\/395\/revisions\/804"}],"wp:featuredmedia":[{"embeddable":true,"href":"https:\/\/blog.cancaonova.com\/cuiaba\/wp-json\/wp\/v2\/media\/399"}],"wp:attachment":[{"href":"https:\/\/blog.cancaonova.com\/cuiaba\/wp-json\/wp\/v2\/media?parent=395"}],"wp:term":[{"taxonomy":"category","embeddable":true,"href":"https:\/\/blog.cancaonova.com\/cuiaba\/wp-json\/wp\/v2\/categories?post=395"},{"taxonomy":"post_tag","embeddable":true,"href":"https:\/\/blog.cancaonova.com\/cuiaba\/wp-json\/wp\/v2\/tags?post=395"}],"curies":[{"name":"wp","href":"https:\/\/api.w.org\/{rel}","templated":true}]}}