{"id":472,"date":"2024-03-14T18:19:03","date_gmt":"2024-03-14T21:19:03","guid":{"rendered":"http:\/\/blog.cancaonova.com\/cuiaba\/?p=472"},"modified":"2024-04-04T16:53:26","modified_gmt":"2024-04-04T19:53:26","slug":"misericordia2024","status":"publish","type":"post","link":"https:\/\/blog.cancaonova.com\/cuiaba\/2024\/03\/14\/misericordia2024\/","title":{"rendered":"\"N\u00e3o tenha medo de se aproximar de mim\" - Festa da Miseric\u00f3rdia 2024"},"content":{"rendered":"<p style=\"text-align: center\"><b>Programa\u00e7\u00e3o completa da Festa da Miseric\u00f3rdia<br \/>\n<\/b><em>Domingo, 7 de abril de 2024<\/em><\/p>\n<p>08:30 &#8211; Ter\u00e7o Mariano &#8211; Jovens CN<\/p>\n<p>09:00 &#8211; Louvor &#8211; <strong>M\u00e1rcio Todeschini<\/strong> e Minist\u00e9rio de M\u00fasica CN<\/p>\n<p>09:20 &#8211; Ora\u00e7\u00e3o da manh\u00e3: <b><i>\u201cOs pecadores alcan\u00e7ar\u00e3o justifica\u00e7\u00e3o e os justos ser\u00e3o confirmados no bem\u201d<\/i><\/b> Di\u00e1rio 1520 &#8211; <b>Geov\u00e2nia Santos<\/b><\/p>\n<p>09:40 &#8211; 1\u00aa Prega\u00e7\u00e3o:<b><i> \u201cDeus se inclina para a alma humilde\u201d<\/i><\/b> Di\u00e1rio 1306 &#8211; <b>Simone Laranjeira<\/b><\/p>\n<p>10:20 &#8211; Ora\u00e7\u00e3o<\/p>\n<p>10:30 &#8211; Recados e Intervalo<\/p>\n<p>11:00 &#8211; Louvor &#8211; <strong>M\u00e1rcio Todeschini<\/strong> e Minist\u00e9rio de M\u00fasica CN<\/p>\n<p>11:20 &#8211; 2\u00aa Prega\u00e7\u00e3o:<b><i> \u201cFica tranquila, Minha filha. Estou vendo os teus esfor\u00e7os, que Me s\u00e3o muito agrad\u00e1veis\u201d <\/i><\/b>Di\u00e1rio 757 &#8211; <b>Rosa Costa<\/b><\/p>\n<p>12:20 &#8211; Ora\u00e7\u00e3o<\/p>\n<p>12:30 &#8211; Almo\u00e7o<\/p>\n<p>13:30 &#8211; Louvor &#8211; Minist\u00e9rio de M\u00fasica CN<\/p>\n<p>14:00 &#8211; 3\u00aa Prega\u00e7\u00e3o: <b><i>N\u00e3o tenha medo &#8211; \u201cn\u00e3o quero castigar a sofrida humanidade, mas desejo cur\u00e1-la\u201d <\/i><\/b>Di\u00e1rio 1588 &#8211; <b>M\u00e1rcio Todeschini<\/b><\/p>\n<p>15:00 &#8211; Venera\u00e7\u00e3o da estampa de Jesus Misericordioso &#8211; <b>Rosa Costa <\/b>e<b> M\u00e1rcio Todeschini<\/b><\/p>\n<p>15:30 &#8211; Ter\u00e7o da Miseric\u00f3rdia &#8211; <b>Geov\u00e2nia Santos<\/b><\/p>\n<p>16:00 &#8211; <b>Intervalo<\/b><\/p>\n<p>Confiss\u00f5es e venda de estampas de Jesus Misericordioso<\/p>\n<p>16:50 &#8211; Louvor em prepara\u00e7\u00e3o para a Missa &#8211; M\u00e1rcio Todeschini e Minist\u00e9rio de M\u00fasica CN<\/p>\n<p>17:00 &#8211; <b>Santa Missa<\/b> &#8211; celebrante: <b>padre Joaquim Jos\u00e9<\/b><\/p>\n<p>18:20 &#8211; B\u00ean\u00e7\u00e3o dos quadros de Jesus Misericordioso<\/p>\n<p><img loading=\"lazy\" decoding=\"async\" class=\"aligncenter size-full wp-image-689\" src=\"https:\/\/blog.cancaonova.com\/cuiaba\/files\/2024\/03\/Festa-da-Miseric\u00f3rdia-Cancao-Nova-de-Cuiaba-2024-presen\u00e7as.jpg\" alt=\"\" width=\"900\" height=\"1600\" srcset=\"https:\/\/blog.cancaonova.com\/cuiaba\/files\/2024\/03\/Festa-da-Miseric\u00f3rdia-Cancao-Nova-de-Cuiaba-2024-presen\u00e7as.jpg 900w, https:\/\/blog.cancaonova.com\/cuiaba\/files\/2024\/03\/Festa-da-Miseric\u00f3rdia-Cancao-Nova-de-Cuiaba-2024-presen\u00e7as-169x300.jpg 169w, https:\/\/blog.cancaonova.com\/cuiaba\/files\/2024\/03\/Festa-da-Miseric\u00f3rdia-Cancao-Nova-de-Cuiaba-2024-presen\u00e7as-768x1365.jpg 768w\" sizes=\"(max-width: 900px) 100vw, 900px\" \/><\/p>\n<p style=\"text-align: center\"><em>[programa\u00e7\u00e3o sujeita a altera\u00e7\u00f5es sem aviso pr\u00e9vio]<\/em><\/p>\n<hr \/>\n<p><span style=\"font-weight: 400\">A Festa da Miseric\u00f3rdia de 2024 ser\u00e1 no domingo dia <strong>7 de abril<\/strong>\u00a0e a Can\u00e7\u00e3o Nova de Cuiab\u00e1\/MT preparou uma programa\u00e7\u00e3o cheia da gra\u00e7a de Deus para voc\u00ea<\/span><span style=\"font-weight: 400\"><b>.<\/b><\/span><\/p>\n<p><span style=\"font-weight: 400\">Com o tema <\/span><i><span style=\"font-weight: 400\">&#8220;n\u00e3o tenha medo de se aproximar de Mim&#8221;,<\/span><\/i><span style=\"font-weight: 400\"> segundo o par\u00e1grafo 50 do <\/span><span style=\"font-weight: 400\">di\u00e1rio de Santa Faustina,<\/span> <span style=\"font-weight: 400\">a programa\u00e7\u00e3o ser\u00e1 o dia todo, das <strong>9h \u00e0s 19h.<\/strong><\/span><\/p>\n<p><img loading=\"lazy\" decoding=\"async\" class=\"aligncenter size-full wp-image-473\" src=\"http:\/\/blog.cancaonova.com\/cuiaba\/files\/2024\/03\/Festa-da-Miseric\u00f3rdia-Cancao-Nova-de-Cuiaba-2024.jpg\" alt=\"\" width=\"900\" height=\"1600\" srcset=\"https:\/\/blog.cancaonova.com\/cuiaba\/files\/2024\/03\/Festa-da-Miseric\u00f3rdia-Cancao-Nova-de-Cuiaba-2024.jpg 900w, https:\/\/blog.cancaonova.com\/cuiaba\/files\/2024\/03\/Festa-da-Miseric\u00f3rdia-Cancao-Nova-de-Cuiaba-2024-169x300.jpg 169w, https:\/\/blog.cancaonova.com\/cuiaba\/files\/2024\/03\/Festa-da-Miseric\u00f3rdia-Cancao-Nova-de-Cuiaba-2024-768x1365.jpg 768w\" sizes=\"(max-width: 900px) 100vw, 900px\" \/><\/p>\n<p><span style=\"font-weight: 400\">O evento contar\u00e1 com a presen\u00e7a do mission\u00e1rio de Cachoeira Paulista\/SP, M\u00e1rcio Todeschini e de toda a comunidade Can\u00e7\u00e3o Nova de Cuiab\u00e1\/MT.<\/span><\/p>\n<p><span style=\"font-weight: 400\">O pr\u00f3prio Criador inspirou o padre Jonas Abib, fundador da Comunidade Can\u00e7\u00e3o Nova, a viver e propagar a devo\u00e7\u00e3o \u00e0 Divina Miseric\u00f3rdia, conforme revela\u00e7\u00f5es \u00e0 Santa Faustina.<\/span><\/p>\n<p><span style=\"font-weight: 400\">Desde o ano 2001 os membros da Can\u00e7\u00e3o Nova transbordam suas experi\u00eancias pessoais com a Miseric\u00f3rdia de Deus promovendo e propagando, de maneira intensa, a Festa da Miseric\u00f3rdia. Tal inspira\u00e7\u00e3o foi dada \u00e0 Santa Faustina.\u00a0<\/span><\/p>\n<p>Jesus expressou: <em>&#8220;Desejo que a festa da miseric\u00f3rdia seja ref\u00fagio e abrigo para todas as almas, especialmente para os pecadores. Nesse dia, est\u00e3o abertas as entranhas da minha miseric\u00f3rdia. Derramo todo um mar de gra\u00e7as sobre as almas que se aproximam da fonte da minha miseric\u00f3rdia&#8221;<\/em> (Di\u00e1rio, 699).<\/p>\n<hr \/>\n<p style=\"text-align: center\">Outras informa\u00e7\u00f5es pelo whatsapp <strong>(65) 99916-9185<\/strong><\/p>\n<hr \/>\n<p>Local: Comunidade Can\u00e7\u00e3o Nova<br \/>\nAv do Imperador, 502, Cristo Rei, V\u00e1rzea Grande\/MT<\/p>\n","protected":false},"excerpt":{"rendered":"<p>Programa\u00e7\u00e3o completa da Festa da Miseric\u00f3rdia Domingo, 7 de abril de 2024 08:30 &#8211; Ter\u00e7o Mariano &#8211; Jovens CN 09:00 &#8211; Louvor &#8211; M\u00e1rcio Todeschini e Minist\u00e9rio de M\u00fasica CN 09:20 &#8211; Ora\u00e7\u00e3o da manh\u00e3: \u201cOs pecadores alcan\u00e7ar\u00e3o justifica\u00e7\u00e3o e&#8230;<\/p>\n","protected":false},"author":4789,"featured_media":476,"comment_status":"open","ping_status":"open","sticky":false,"template":"","format":"standard","meta":{"_mi_skip_tracking":false,"_monsterinsights_sitenote_active":false,"_monsterinsights_sitenote_note":"","_monsterinsights_sitenote_category":0,"footnotes":""},"categories":[5261],"tags":[],"_links":{"self":[{"href":"https:\/\/blog.cancaonova.com\/cuiaba\/wp-json\/wp\/v2\/posts\/472"}],"collection":[{"href":"https:\/\/blog.cancaonova.com\/cuiaba\/wp-json\/wp\/v2\/posts"}],"about":[{"href":"https:\/\/blog.cancaonova.com\/cuiaba\/wp-json\/wp\/v2\/types\/post"}],"author":[{"embeddable":true,"href":"https:\/\/blog.cancaonova.com\/cuiaba\/wp-json\/wp\/v2\/users\/4789"}],"replies":[{"embeddable":true,"href":"https:\/\/blog.cancaonova.com\/cuiaba\/wp-json\/wp\/v2\/comments?post=472"}],"version-history":[{"count":13,"href":"https:\/\/blog.cancaonova.com\/cuiaba\/wp-json\/wp\/v2\/posts\/472\/revisions"}],"predecessor-version":[{"id":728,"href":"https:\/\/blog.cancaonova.com\/cuiaba\/wp-json\/wp\/v2\/posts\/472\/revisions\/728"}],"wp:featuredmedia":[{"embeddable":true,"href":"https:\/\/blog.cancaonova.com\/cuiaba\/wp-json\/wp\/v2\/media\/476"}],"wp:attachment":[{"href":"https:\/\/blog.cancaonova.com\/cuiaba\/wp-json\/wp\/v2\/media?parent=472"}],"wp:term":[{"taxonomy":"category","embeddable":true,"href":"https:\/\/blog.cancaonova.com\/cuiaba\/wp-json\/wp\/v2\/categories?post=472"},{"taxonomy":"post_tag","embeddable":true,"href":"https:\/\/blog.cancaonova.com\/cuiaba\/wp-json\/wp\/v2\/tags?post=472"}],"curies":[{"name":"wp","href":"https:\/\/api.w.org\/{rel}","templated":true}]}}