{"id":514,"date":"2024-03-12T18:29:15","date_gmt":"2024-03-12T21:29:15","guid":{"rendered":"http:\/\/blog.cancaonova.com\/cuiaba\/?p=514"},"modified":"2024-03-25T08:02:19","modified_gmt":"2024-03-25T11:02:19","slug":"triduopascal2024","status":"publish","type":"post","link":"https:\/\/blog.cancaonova.com\/cuiaba\/2024\/03\/12\/triduopascal2024\/","title":{"rendered":"Hor\u00e1rios das celebra\u00e7\u00f5es do tr\u00edduo pascal no Rinc\u00e3o"},"content":{"rendered":"<p>Para que voc\u00ea se programe para viver bem a Semana Maior, seguem os hor\u00e1rios das celebra\u00e7\u00f5es do tr\u00edduo pascal na Comunidade Can\u00e7\u00e3o Nova [Rinc\u00e3o do Meu Senhor] em V\u00e1rzea Grande\/MT.<\/p>\n<p><img loading=\"lazy\" decoding=\"async\" class=\"aligncenter size-full wp-image-515\" src=\"http:\/\/blog.cancaonova.com\/cuiaba\/files\/2024\/03\/ab160555-55d2-46a1-bbf5-e730810126eb.jpg\" alt=\"\" width=\"1080\" height=\"1080\" srcset=\"https:\/\/blog.cancaonova.com\/cuiaba\/files\/2024\/03\/ab160555-55d2-46a1-bbf5-e730810126eb.jpg 1080w, https:\/\/blog.cancaonova.com\/cuiaba\/files\/2024\/03\/ab160555-55d2-46a1-bbf5-e730810126eb-150x150.jpg 150w, https:\/\/blog.cancaonova.com\/cuiaba\/files\/2024\/03\/ab160555-55d2-46a1-bbf5-e730810126eb-300x300.jpg 300w, https:\/\/blog.cancaonova.com\/cuiaba\/files\/2024\/03\/ab160555-55d2-46a1-bbf5-e730810126eb-768x768.jpg 768w\" sizes=\"(max-width: 1080px) 100vw, 1080px\" \/><\/p>\n<p style=\"text-align: center\"><em><span style=\"font-weight: 400\">Vit\u00f3ria da vida sobre a morte<\/span><\/em><b><br \/>\n<\/b><\/p>\n<ul>\n<li style=\"font-weight: 400\"><span style=\"font-weight: 400\">28 de mar\u00e7o, quinta-feira <\/span><b><br \/>\n<\/b><b><b>Missa da Ceia do Senhor \u00e0s 19h<\/p>\n<p><\/b><\/b><\/li>\n<li style=\"font-weight: 400\"><span style=\"font-weight: 400\">29 de mar\u00e7o, sexta-feira <\/span><span style=\"font-weight: 400\"><br \/>\n<\/span><b>Celebra\u00e7\u00e3o da Paix\u00e3o do Senhor \u00e0s 15h<\/b> <span style=\"font-weight: 400\"><br \/>\n<\/span><b><b>Encena\u00e7\u00e3o da Paix\u00e3o de Cristo \u00e0s 18h30<\/p>\n<p><\/b><\/b><\/li>\n<li style=\"font-weight: 400\"><span style=\"font-weight: 400\">30 de mar\u00e7o, s\u00e1bado <\/span><span style=\"font-weight: 400\"><br \/>\n<\/span><b><b>Vig\u00edlia Pascal \u00e0s 19h<\/p>\n<p><\/b><\/b><\/li>\n<li style=\"font-weight: 400\"><span style=\"font-weight: 400\">31 de mar\u00e7o, domingo de P\u00e1scoa <\/span><span style=\"font-weight: 400\"><br \/>\n<\/span><b>Missa da Ressurrei\u00e7\u00e3o \u00e0s 17h<\/b><\/li>\n<\/ul>\n<p><span style=\"font-weight: 400\"><br \/>\nLocal: Comunidade Can\u00e7\u00e3o Nova [Rinc\u00e3o do Meu Senhor]<br \/>\n<\/span><span style=\"font-weight: 400\">Rua do Imperador, 502, Cristo Rei &#8211; V\u00e1rzea Grande\/MT<br \/>\n<\/span><span style=\"font-weight: 400\">Informa\u00e7\u00f5es whats 65 99916-9185<\/span><\/p>\n","protected":false},"excerpt":{"rendered":"<p>Para que voc\u00ea se programe para viver bem a Semana Maior, seguem os hor\u00e1rios das celebra\u00e7\u00f5es do tr\u00edduo pascal na Comunidade Can\u00e7\u00e3o Nova [Rinc\u00e3o do Meu Senhor] em V\u00e1rzea Grande\/MT. Vit\u00f3ria da vida sobre a morte 28 de mar\u00e7o, quinta-feira&#8230;<\/p>\n","protected":false},"author":4789,"featured_media":516,"comment_status":"open","ping_status":"open","sticky":false,"template":"","format":"standard","meta":{"_mi_skip_tracking":false,"_monsterinsights_sitenote_active":false,"_monsterinsights_sitenote_note":"","_monsterinsights_sitenote_category":0,"footnotes":""},"categories":[290466],"tags":[],"_links":{"self":[{"href":"https:\/\/blog.cancaonova.com\/cuiaba\/wp-json\/wp\/v2\/posts\/514"}],"collection":[{"href":"https:\/\/blog.cancaonova.com\/cuiaba\/wp-json\/wp\/v2\/posts"}],"about":[{"href":"https:\/\/blog.cancaonova.com\/cuiaba\/wp-json\/wp\/v2\/types\/post"}],"author":[{"embeddable":true,"href":"https:\/\/blog.cancaonova.com\/cuiaba\/wp-json\/wp\/v2\/users\/4789"}],"replies":[{"embeddable":true,"href":"https:\/\/blog.cancaonova.com\/cuiaba\/wp-json\/wp\/v2\/comments?post=514"}],"version-history":[{"count":5,"href":"https:\/\/blog.cancaonova.com\/cuiaba\/wp-json\/wp\/v2\/posts\/514\/revisions"}],"predecessor-version":[{"id":615,"href":"https:\/\/blog.cancaonova.com\/cuiaba\/wp-json\/wp\/v2\/posts\/514\/revisions\/615"}],"wp:featuredmedia":[{"embeddable":true,"href":"https:\/\/blog.cancaonova.com\/cuiaba\/wp-json\/wp\/v2\/media\/516"}],"wp:attachment":[{"href":"https:\/\/blog.cancaonova.com\/cuiaba\/wp-json\/wp\/v2\/media?parent=514"}],"wp:term":[{"taxonomy":"category","embeddable":true,"href":"https:\/\/blog.cancaonova.com\/cuiaba\/wp-json\/wp\/v2\/categories?post=514"},{"taxonomy":"post_tag","embeddable":true,"href":"https:\/\/blog.cancaonova.com\/cuiaba\/wp-json\/wp\/v2\/tags?post=514"}],"curies":[{"name":"wp","href":"https:\/\/api.w.org\/{rel}","templated":true}]}}