{"id":542,"date":"2024-03-04T16:17:11","date_gmt":"2024-03-04T19:17:11","guid":{"rendered":"http:\/\/blog.cancaonova.com\/cuiaba\/?p=542"},"modified":"2024-03-22T16:39:22","modified_gmt":"2024-03-22T19:39:22","slug":"ramos2024","status":"publish","type":"post","link":"https:\/\/blog.cancaonova.com\/cuiaba\/2024\/03\/04\/ramos2024\/","title":{"rendered":"Missa de Ramos celebrada pelo padre Bruno Costa"},"content":{"rendered":"<p>Domingo, dia 24 de mar\u00e7o, ser\u00e1 o momento dos crist\u00e3os cantarem juntos: <em>\u201cHosana ao Filho de Davi: bendito seja o que vem em nome do Senhor, o Rei de Israel; hosana nas alturas\u201d.<\/em><\/p>\n<p><img loading=\"lazy\" decoding=\"async\" class=\"aligncenter size-full wp-image-496\" src=\"http:\/\/blog.cancaonova.com\/cuiaba\/files\/2024\/03\/37c4a39e-2449-46e5-a914-c725e0149480.jpg\" alt=\"\" width=\"1300\" height=\"1300\" srcset=\"https:\/\/blog.cancaonova.com\/cuiaba\/files\/2024\/03\/37c4a39e-2449-46e5-a914-c725e0149480.jpg 1300w, https:\/\/blog.cancaonova.com\/cuiaba\/files\/2024\/03\/37c4a39e-2449-46e5-a914-c725e0149480-150x150.jpg 150w, https:\/\/blog.cancaonova.com\/cuiaba\/files\/2024\/03\/37c4a39e-2449-46e5-a914-c725e0149480-300x300.jpg 300w, https:\/\/blog.cancaonova.com\/cuiaba\/files\/2024\/03\/37c4a39e-2449-46e5-a914-c725e0149480-768x768.jpg 768w\" sizes=\"(max-width: 1300px) 100vw, 1300px\" \/><\/p>\n<p>O sacerdote da Can\u00e7\u00e3o Nova que j\u00e1 morou por muitos anos em Cuiab\u00e1\/MT, Padre Bruno Costa, presidir\u00e1 a celebra\u00e7\u00e3o de domingo de Ramos, que d\u00e1 in\u00edcio a Semana Santa.<\/p>\n<p>A Missa ser\u00e1 \u00e0s 17h, na Comunidade Can\u00e7\u00e3o Nova [Rinc\u00e3o do Meu Senhor] em V\u00e1rzea Grande\/MT.<\/p>\n<p>\u00c9 importante se programar para chegar com anteced\u00eancia, devido ao grande fluxo de carros e motos neste dia.<\/p>\n<p>Em frente ao espa\u00e7o da Can\u00e7\u00e3o Nova, o Rinc\u00e3o do Meu Senhor, h\u00e1 um estacionamento amplo e gratu\u00edto.<\/p>\n<hr \/>\n<p style=\"text-align: center\">Outras informa\u00e7\u00f5es pelo WhatsApp: 65 99916-9185<\/p>\n","protected":false},"excerpt":{"rendered":"<p>Domingo, dia 24 de mar\u00e7o, ser\u00e1 o momento dos crist\u00e3os cantarem juntos: \u201cHosana ao Filho de Davi: bendito seja o que vem em nome do Senhor, o Rei de Israel; hosana nas alturas\u201d. O sacerdote da Can\u00e7\u00e3o Nova que j\u00e1&#8230;<\/p>\n","protected":false},"author":4789,"featured_media":496,"comment_status":"open","ping_status":"open","sticky":false,"template":"","format":"standard","meta":{"_mi_skip_tracking":false,"_monsterinsights_sitenote_active":false,"_monsterinsights_sitenote_note":"","_monsterinsights_sitenote_category":0,"footnotes":""},"categories":[290466],"tags":[18052],"_links":{"self":[{"href":"https:\/\/blog.cancaonova.com\/cuiaba\/wp-json\/wp\/v2\/posts\/542"}],"collection":[{"href":"https:\/\/blog.cancaonova.com\/cuiaba\/wp-json\/wp\/v2\/posts"}],"about":[{"href":"https:\/\/blog.cancaonova.com\/cuiaba\/wp-json\/wp\/v2\/types\/post"}],"author":[{"embeddable":true,"href":"https:\/\/blog.cancaonova.com\/cuiaba\/wp-json\/wp\/v2\/users\/4789"}],"replies":[{"embeddable":true,"href":"https:\/\/blog.cancaonova.com\/cuiaba\/wp-json\/wp\/v2\/comments?post=542"}],"version-history":[{"count":1,"href":"https:\/\/blog.cancaonova.com\/cuiaba\/wp-json\/wp\/v2\/posts\/542\/revisions"}],"predecessor-version":[{"id":543,"href":"https:\/\/blog.cancaonova.com\/cuiaba\/wp-json\/wp\/v2\/posts\/542\/revisions\/543"}],"wp:featuredmedia":[{"embeddable":true,"href":"https:\/\/blog.cancaonova.com\/cuiaba\/wp-json\/wp\/v2\/media\/496"}],"wp:attachment":[{"href":"https:\/\/blog.cancaonova.com\/cuiaba\/wp-json\/wp\/v2\/media?parent=542"}],"wp:term":[{"taxonomy":"category","embeddable":true,"href":"https:\/\/blog.cancaonova.com\/cuiaba\/wp-json\/wp\/v2\/categories?post=542"},{"taxonomy":"post_tag","embeddable":true,"href":"https:\/\/blog.cancaonova.com\/cuiaba\/wp-json\/wp\/v2\/tags?post=542"}],"curies":[{"name":"wp","href":"https:\/\/api.w.org\/{rel}","templated":true}]}}